{"id":20916,"date":"2024-09-10T17:45:14","date_gmt":"2024-09-10T15:45:14","guid":{"rendered":"https:\/\/insideamateurfussball-ffm.de\/?p=20916"},"modified":"2024-09-10T17:45:14","modified_gmt":"2024-09-10T15:45:14","slug":"aufsteiger-bsc-sw-19-im-oberen-drittel-dabei","status":"publish","type":"post","link":"https:\/\/insideamateurfussball-ffm.de\/?p=20916","title":{"rendered":"Aufsteiger BSC SW 19 im oberen Drittel dabei"},"content":{"rendered":"<h4>Union Niederrad unterlag dem starken Aufsteiger BSC Schwarz-Wei\u00df 19 mit 1:2 und kassierte die dritte Saisonniederlage. Mit dem dritten Saisonsieg verbesserte sich der BSC auf Rang sechs und mischt im oberen Drittel mit.<\/h4>\n<figure id=\"attachment_20917\" aria-describedby=\"caption-attachment-20917\" style=\"width: 984px\" class=\"wp-caption alignnone\"><img loading=\"lazy\" decoding=\"async\" class=\"wp-image-20917\" src=\"http:\/\/insideamateurfussball-ffm.de\/wp-content\/uploads\/2024\/09\/erit8-3.jpg\" alt=\"\" width=\"984\" height=\"755\" srcset=\"https:\/\/insideamateurfussball-ffm.de\/wp-content\/uploads\/2024\/09\/erit8-3.jpg 975w, https:\/\/insideamateurfussball-ffm.de\/wp-content\/uploads\/2024\/09\/erit8-3-300x230.jpg 300w, https:\/\/insideamateurfussball-ffm.de\/wp-content\/uploads\/2024\/09\/erit8-3-768x589.jpg 768w\" sizes=\"auto, (max-width: 984px) 100vw, 984px\" \/><figcaption id=\"caption-attachment-20917\" class=\"wp-caption-text\">Der BSC SW 19 sorgt in der Kreisoberliga f\u00fcr Furore. Foto: Archiv Mithat G\u00fcrser.<\/figcaption><\/figure>\n<h4>FC Union Niederrad &#8211; BSC Schwarz-Wei\u00df 19 1:2 (0:0)<\/h4>\n<p><img loading=\"lazy\" decoding=\"async\" class=\"alignnone size-full wp-image-38\" src=\"http:\/\/insideamateurfussball-ffm.de\/wp-content\/uploads\/2021\/11\/Union-Niederrad.jpg\" alt=\"\" width=\"80\" height=\"80\" \/><img loading=\"lazy\" decoding=\"async\" class=\"alignnone size-full wp-image-285\" src=\"http:\/\/insideamateurfussball-ffm.de\/wp-content\/uploads\/2022\/05\/BSC-19.jpg\" alt=\"\" width=\"80\" height=\"61\" \/><\/p>\n<p>Union-Pr\u00e4sident Khalid Lamjahed hatte eine &#8222;schwache erste Halbzeit gesehen. Da ist beiden Mannschaften nicht viel gelungen.&#8220; Erst im zweiten Abschnitt nahm das Spiel an Fahrt auf, nachdem die Platzherren durch Torj\u00e4ger Emir Drino das 1:0 gemacht hatten (53.). Der 9. Saisontreffer des Goalgetters. Die Niederr\u00e4der zogen sich nach der F\u00fchrung etwas zur\u00fcck.<\/p>\n<p>Diese Passivit\u00e4t wurde dann mit dem Ausgleich von Elias Jennaoui bestraft (64.). Kurz vor dem Ende h\u00e4uften sich die Fehler bei der Union, sodass Ex-Oberligaspieler Yilmaz Kilic den Siegtreffer der G\u00e4ste markierte (89.). &#8222;Das war eine unn\u00f6tige Niederlage. So ein Spiel darf man eigentlich gar nicht verlieren. Da muss man mindestens einen Punkt rausholen, aber so ist nun mal Fu\u00dfball&#8220;, kommentierte Lamjahed.<\/p>\n<blockquote>\n<h4><strong>&#8222;Es war ein Spiel auf Augenh\u00f6he mit Chancen auf beiden Seiten&#8220; (BSC-Abteilungsleiter Christian Reinmold)<\/strong><\/h4>\n<\/blockquote>\n<p>Der Schiedsrichter habe einen &#8222;glasklaren Elfmeter nicht gegeben. Er hatte eine konsequente Spielleitung und die hat er bis zum Ende durchgezogen. Er hat keinen benachteiligt und deswegen war seine Leistung okay.&#8220; BSC-Abteilungsleiter Christian Reinmold sagte: &#8222;Es war ein Spiel auf Augenh\u00f6he mit Chancen auf beiden Seiten. In der zweiten Halbzeit hatten wir den l\u00e4ngeren Atem und konnten uns mit einem sp\u00e4ten Siegtreffer verdient belohnen und drei Punkte mit nach Hause nehmen.&#8220;<\/p>\n<p>Am kommenden Freitag spielt Union Niederrad sein traditionelles Flutlichtspiel im Rahmen des Oktoberfestes an der Heinrich-Seliger-Stra\u00dfe. Gegner wird der FC Gudesding sein (20 Uhr). Der BSC tritt am Sonntag um 15 Uhr beim FC Kosova an.<\/p>\n<blockquote>\n<h4>Schiedsrichter: Keine Angaben. Zuschauer: 80.<\/h4>\n<h4>Tore: 1:0 Emir Drino (53.), 1:1 Elias Jennaoui (64.), 1:2 Yilmaz Kilic (89.).<\/h4>\n<\/blockquote>\n","protected":false},"excerpt":{"rendered":"<p>Union Niederrad unterlag dem starken Aufsteiger BSC Schwarz-Wei\u00df 19 mit 1:2 und kassierte die dritte Saisonniederlage. Mit dem dritten Saisonsieg verbesserte sich der BSC auf Rang sechs und mischt im oberen Drittel mit. FC Union Niederrad &#8211; BSC Schwarz-Wei\u00df 19 1:2 (0:0) Union-Pr\u00e4sident Khalid Lamjahed hatte eine &#8222;schwache erste Halbzeit gesehen. Da ist beiden Mannschaften [&hellip;]<\/p>\n","protected":false},"author":1,"featured_media":20917,"comment_status":"closed","ping_status":"closed","sticky":true,"template":"","format":"standard","meta":{"footnotes":""},"categories":[2],"tags":[],"class_list":["post-20916","post","type-post","status-publish","format-standard","has-post-thumbnail","hentry","category-kreisoberliga-frankfurt"],"_links":{"self":[{"href":"https:\/\/insideamateurfussball-ffm.de\/index.php?rest_route=\/wp\/v2\/posts\/20916","targetHints":{"allow":["GET"]}}],"collection":[{"href":"https:\/\/insideamateurfussball-ffm.de\/index.php?rest_route=\/wp\/v2\/posts"}],"about":[{"href":"https:\/\/insideamateurfussball-ffm.de\/index.php?rest_route=\/wp\/v2\/types\/post"}],"author":[{"embeddable":true,"href":"https:\/\/insideamateurfussball-ffm.de\/index.php?rest_route=\/wp\/v2\/users\/1"}],"replies":[{"embeddable":true,"href":"https:\/\/insideamateurfussball-ffm.de\/index.php?rest_route=%2Fwp%2Fv2%2Fcomments&post=20916"}],"version-history":[{"count":1,"href":"https:\/\/insideamateurfussball-ffm.de\/index.php?rest_route=\/wp\/v2\/posts\/20916\/revisions"}],"predecessor-version":[{"id":20918,"href":"https:\/\/insideamateurfussball-ffm.de\/index.php?rest_route=\/wp\/v2\/posts\/20916\/revisions\/20918"}],"wp:featuredmedia":[{"embeddable":true,"href":"https:\/\/insideamateurfussball-ffm.de\/index.php?rest_route=\/wp\/v2\/media\/20917"}],"wp:attachment":[{"href":"https:\/\/insideamateurfussball-ffm.de\/index.php?rest_route=%2Fwp%2Fv2%2Fmedia&parent=20916"}],"wp:term":[{"taxonomy":"category","embeddable":true,"href":"https:\/\/insideamateurfussball-ffm.de\/index.php?rest_route=%2Fwp%2Fv2%2Fcategories&post=20916"},{"taxonomy":"post_tag","embeddable":true,"href":"https:\/\/insideamateurfussball-ffm.de\/index.php?rest_route=%2Fwp%2Fv2%2Ftags&post=20916"}],"curies":[{"name":"wp","href":"https:\/\/api.w.org\/{rel}","templated":true}]}}