{"id":20899,"date":"2024-09-09T10:00:00","date_gmt":"2024-09-09T08:00:00","guid":{"rendered":"https:\/\/insideamateurfussball-ffm.de\/?p=20899"},"modified":"2024-09-09T20:09:55","modified_gmt":"2024-09-09T18:09:55","slug":"zeilsheim-33-im-topspiel-in-marburg","status":"publish","type":"post","link":"https:\/\/insideamateurfussball-ffm.de\/?p=20899","title":{"rendered":"Zeilsheim 3:3 im Topspiel in Marburg"},"content":{"rendered":"<h4>Im Topspiel beim Tabellenf\u00fchrer Sportfreunde\/Blau-Gelb Marburg lag der SV Zeilsheim in der Verbandsliga Mitte dreimal zur\u00fcck, erreichte aber noch ein 3:3 und damit das erste Remis der Saison.<\/h4>\n<figure id=\"attachment_20900\" aria-describedby=\"caption-attachment-20900\" style=\"width: 1080px\" class=\"wp-caption alignnone\"><img loading=\"lazy\" decoding=\"async\" class=\"wp-image-20900 size-full\" src=\"http:\/\/insideamateurfussball-ffm.de\/wp-content\/uploads\/2024\/09\/BGM-SVZ.jpg\" alt=\"\" width=\"1080\" height=\"1350\" srcset=\"https:\/\/insideamateurfussball-ffm.de\/wp-content\/uploads\/2024\/09\/BGM-SVZ.jpg 1080w, https:\/\/insideamateurfussball-ffm.de\/wp-content\/uploads\/2024\/09\/BGM-SVZ-240x300.jpg 240w, https:\/\/insideamateurfussball-ffm.de\/wp-content\/uploads\/2024\/09\/BGM-SVZ-819x1024.jpg 819w, https:\/\/insideamateurfussball-ffm.de\/wp-content\/uploads\/2024\/09\/BGM-SVZ-768x960.jpg 768w\" sizes=\"auto, (max-width: 1080px) 100vw, 1080px\" \/><figcaption id=\"caption-attachment-20900\" class=\"wp-caption-text\">Grafik: SV Zeilsheim.<\/figcaption><\/figure>\n<h4>Sportfreunde\/Blau-Gelb Marburg &#8211; SV Zeilsheim 3:3 (2:1)<\/h4>\n<p><img loading=\"lazy\" decoding=\"async\" class=\"alignnone size-full wp-image-2395\" src=\"http:\/\/insideamateurfussball-ffm.de\/wp-content\/uploads\/2022\/09\/SFBG.jpg\" alt=\"\" width=\"80\" height=\"80\" \/><img loading=\"lazy\" decoding=\"async\" class=\"alignnone size-full wp-image-1153\" src=\"http:\/\/insideamateurfussball-ffm.de\/wp-content\/uploads\/2022\/07\/SVZe.jpg\" alt=\"\" width=\"68\" height=\"80\" \/><\/p>\n<p>Die Gastgeber gingen auf ihrem kleinen Kunstrasenplatz durch Matthias Wei\u00dfkopf in F\u00fchrung (23.), die Zeilsheims Torj\u00e4ger Abdussamed G\u00fcrsoy nach einem schnell ausgef\u00fchrten Einwurf von Leonardo Bianco und der Vorlage von Dorian Miric postwendend egalisierte (25.).<\/p>\n<p>Nach einer Flanke von Wei\u00dfkopf k\u00f6pfte Clemens Landau zum 2:1 f\u00fcr die Mittelhessen ein (41.). Nach dem Seitenwechsel dauerte es bis eine Viertelstunde vor Schluss, bis Spielmacher Andre Flie\u00df per Freisto\u00df ausglich (75.).<\/p>\n<blockquote>\n<h4>Donnerstag Kreispokal in Bremthal\u00a0<\/h4>\n<\/blockquote>\n<p>Dann aber gingen wieder die Mittelhessen in F\u00fchrung. Ein Freisto\u00df prallte von der Latte ab, Jonas-Elias Hofmann staubte per Kopfball ab (86.). In der Nachspielzeit nahm Zeilsheim noch den einen Punkt mit. Levin Pekcan sicherte das 3:3 (90.\/+1).<\/p>\n<p>Weiter geht es f\u00fcr Zeilsheim am Donnerstag mit dem Kreispokal-Spiel bei der SG Bremthal (20 Uhr), ehe am kommenden Sonntag der FC Burgsolms an die Lenzenbergstra\u00dfe kommt.\u00a0<\/p>\n<blockquote>\n<h4>Schiedsrichter: Dr. Leon Kanwischer (TSV Zierenberg). Zuschauer: 200.<\/h4>\n<h4>Tore: 1:0 Matthias Wei\u00dfkopf (23.), 1:1 Abdussamed G\u00fcrsoy (25.), 2:1 Clemens Landau (41.), 2:2 Andre Flie\u00df (75.), 3:2 Jonas-Elias Hofmann (86.), 3:3 Levin Pekcan (90.\/+1).\u00a0<\/h4>\n<\/blockquote>\n\n\n<p><\/p>\n","protected":false},"excerpt":{"rendered":"<p>Im Topspiel beim Tabellenf\u00fchrer Sportfreunde\/Blau-Gelb Marburg lag der SV Zeilsheim in der Verbandsliga Mitte dreimal zur\u00fcck, erreichte aber noch ein 3:3 und damit das erste Remis der Saison. Sportfreunde\/Blau-Gelb Marburg &#8211; SV Zeilsheim 3:3 (2:1) Die Gastgeber gingen auf ihrem kleinen Kunstrasenplatz durch Matthias Wei\u00dfkopf in F\u00fchrung (23.), die Zeilsheims Torj\u00e4ger Abdussamed G\u00fcrsoy nach einem [&hellip;]<\/p>\n","protected":false},"author":1,"featured_media":20900,"comment_status":"closed","ping_status":"closed","sticky":true,"template":"","format":"standard","meta":{"footnotes":""},"categories":[32],"tags":[],"class_list":["post-20899","post","type-post","status-publish","format-standard","has-post-thumbnail","hentry","category-verbandsliga-mitte"],"_links":{"self":[{"href":"https:\/\/insideamateurfussball-ffm.de\/index.php?rest_route=\/wp\/v2\/posts\/20899","targetHints":{"allow":["GET"]}}],"collection":[{"href":"https:\/\/insideamateurfussball-ffm.de\/index.php?rest_route=\/wp\/v2\/posts"}],"about":[{"href":"https:\/\/insideamateurfussball-ffm.de\/index.php?rest_route=\/wp\/v2\/types\/post"}],"author":[{"embeddable":true,"href":"https:\/\/insideamateurfussball-ffm.de\/index.php?rest_route=\/wp\/v2\/users\/1"}],"replies":[{"embeddable":true,"href":"https:\/\/insideamateurfussball-ffm.de\/index.php?rest_route=%2Fwp%2Fv2%2Fcomments&post=20899"}],"version-history":[{"count":1,"href":"https:\/\/insideamateurfussball-ffm.de\/index.php?rest_route=\/wp\/v2\/posts\/20899\/revisions"}],"predecessor-version":[{"id":20901,"href":"https:\/\/insideamateurfussball-ffm.de\/index.php?rest_route=\/wp\/v2\/posts\/20899\/revisions\/20901"}],"wp:featuredmedia":[{"embeddable":true,"href":"https:\/\/insideamateurfussball-ffm.de\/index.php?rest_route=\/wp\/v2\/media\/20900"}],"wp:attachment":[{"href":"https:\/\/insideamateurfussball-ffm.de\/index.php?rest_route=%2Fwp%2Fv2%2Fmedia&parent=20899"}],"wp:term":[{"taxonomy":"category","embeddable":true,"href":"https:\/\/insideamateurfussball-ffm.de\/index.php?rest_route=%2Fwp%2Fv2%2Fcategories&post=20899"},{"taxonomy":"post_tag","embeddable":true,"href":"https:\/\/insideamateurfussball-ffm.de\/index.php?rest_route=%2Fwp%2Fv2%2Ftags&post=20899"}],"curies":[{"name":"wp","href":"https:\/\/api.w.org\/{rel}","templated":true}]}}