{"id":20887,"date":"2024-09-09T17:55:05","date_gmt":"2024-09-09T15:55:05","guid":{"rendered":"https:\/\/insideamateurfussball-ffm.de\/?p=20887"},"modified":"2024-09-09T17:55:05","modified_gmt":"2024-09-09T15:55:05","slug":"arbeitssieg-fuer-kalbach-bei-den-speuzern","status":"publish","type":"post","link":"https:\/\/insideamateurfussball-ffm.de\/?p=20887","title":{"rendered":"Arbeitssieg f\u00fcr Kalbach bei den Speuzern"},"content":{"rendered":"<h4>Der Spitzenreiter FC Kalbach tat sich beim Tabellenletzten, den FFV Sportfreunden 04, deren Trainer am Donnerstag zur\u00fcckgetreten war, sehr schwer und gewann durch ein fr\u00fches und ein sp\u00e4tes Tor mit 2:0.<\/h4>\n<figure id=\"attachment_20888\" aria-describedby=\"caption-attachment-20888\" style=\"width: 640px\" class=\"wp-caption alignnone\"><img loading=\"lazy\" decoding=\"async\" class=\"wp-image-20888 size-full\" src=\"http:\/\/insideamateurfussball-ffm.de\/wp-content\/uploads\/2024\/09\/speuzerkalbach00.jpg\" alt=\"\" width=\"640\" height=\"480\" srcset=\"https:\/\/insideamateurfussball-ffm.de\/wp-content\/uploads\/2024\/09\/speuzerkalbach00.jpg 640w, https:\/\/insideamateurfussball-ffm.de\/wp-content\/uploads\/2024\/09\/speuzerkalbach00-300x225.jpg 300w\" sizes=\"auto, (max-width: 640px) 100vw, 640px\" \/><figcaption id=\"caption-attachment-20888\" class=\"wp-caption-text\">Bei regnerischem Wetter setzte sich Kalbach bei den Speuzern knapp durch. Foto&gt;: MZ<\/figcaption><\/figure>\n<h4>FFV Sportfreunde 04 &#8211; FC Kalbach 0:2 (0:1)<\/h4>\n<p><img loading=\"lazy\" decoding=\"async\" class=\"alignnone size-full wp-image-141\" src=\"http:\/\/insideamateurfussball-ffm.de\/wp-content\/uploads\/2022\/05\/Speuzer.jpg\" alt=\"\" width=\"80\" height=\"80\" \/><img loading=\"lazy\" decoding=\"async\" class=\"alignnone size-full wp-image-16\" src=\"http:\/\/insideamateurfussball-ffm.de\/wp-content\/uploads\/2021\/11\/kalbach-wappen.jpg\" alt=\"\" width=\"80\" height=\"80\" \/><\/p>\n<p>Am Donnerstag trat bei den Speuzern Ramzi Kallel nach der Niederlage gegen K\u00f6nigstein von seinem Amt als Trainer zur\u00fcck, am Sonntag \u00fcbernahm erst einmal Panagiotis Toumpas die Verantwortung an der Linie, die Speuzer hoffen, am Dienstag ihren neuen Trainer bekanntgeben zu k\u00f6nnen. Aber auch an diesem Spieltag fehlten einige Spieler der Sportfreunde unentschuldigt, ein Problem, was auch den vorherigen Trainer zur Wei\u00dfglut gebracht hat.<\/p>\n<p>Wenn der Tabellenf\u00fchrer beim Tabellenletzten antritt, so ist die Favoritenrolle vor dem Spiel klar verteilt, und die Kalbacher begannen auch gut. In der 4 Minute wurde der Ball nach einem Einwurf im Strafraum mit dem Kopf verl\u00e4ngert und Ihab Suleiman hatte keine M\u00fche, den Ball aus 3 Metern \u00fcber die Linie zu dr\u00fccken. Wer jetzt gedacht h\u00e4tte, das Ergebnis w\u00fcrde klar ausgehen, sah sich get\u00e4uscht, die Speuzer steckten den fr\u00fchen R\u00fcckschlag erstaunlich gut weg und die Kalbacher lie\u00dfen es im Gef\u00fchl des fr\u00fchen Tores ruhiger angehen, sie hatten es jedenfalls sehr schwer, sich klare Chancen zu erspielen. In der 10.Minute landete ein Kopfball von Humang Park an der Latte und Achraf Gara Ali zielte in der ersten Halbzeit zweimal knapp vorbei. Die Sportfreunde spielten gut mit und kamen auch immer wieder vor das Tor der Kalbacher, die jedoch alles kl\u00e4ren konnten.<\/p>\n<p>Auch in der zweiten Halbzeit konnten die Gastgeber gut dagegenhalten, von der sonst so guten zweiten Halbzeit der Kalbacher war nichts zu sehen. Wer wei\u00df, welche Wendung das Spiel eventuell genommen h\u00e4tte, wenn die Speuzer ihre Riesenchance in der 51.Minute genutzt h\u00e4tten. Nach einem Konter der Sportfreunde und einer Hereingabe stand Edom Yalew frei vor dem Tor, doch er konnte den gut reagierenden Torwart Fabian Lanthaler nicht bezwingen. Die Kalbacher hatten dann noch zwei Kopfballchancen, doch ansonsten brachten sie nicht viel gegen die aufopferungsvoll k\u00e4mpfenden Speuzer zusammen. Erst in der 85.Minute stand Achraf Gara Ali nach einem Pass frei vor dem Tor und konnte die Entscheidung zum 2:0 erzielen.<\/p>\n<p>Interimstrainer Panagiotis Toumpas zum Spiel: \u201ees ist schwer, so alles richtig einzustellen und wie die Mannschaft so funktioniert oder reagiert, auf jeden Fall haben alle gesehen, dass die Reaktion ok war. Leider haben wir zu fr\u00fch das erste Tor kassiert, aber mit der Zeit und der Einstellung kann man mit der Mannschaft zufrieden sein, sie haben sogar in der zweiten Halbzeit das Spiel \u00fcbernommen, Chancen waren da zum Ausgleich. Nachdem wir aufmachen mussten, ist halt das Tor zum 2:0 gefallen, aber alles in allem kann man zum Charakter der Mannschaft nur Gutes sagen, und sie haben sich angestrengt und versucht. Den Rest muss der neue Trainer machen, die Einstellung ist da, es wird besser, wir haben auch viele Ausf\u00e4lle gehabt, es waren noch ein paar in Urlaub. Wir k\u00f6nnen mit dem Resultat eigentlich zufrieden sein, aber ich denke, es war hier was drin.\u201c Der neue Trainer \u00fcbernimmt bei den Sportfreunden ein schweres Amt, die Mannschaft steht nach 7 Spielen mit einem Punkt und einem Torverh\u00e4ltnis von 2:23 auf dem letzten Platz.<\/p>\n<p>Manni Meyer, Mitglied im Vorstand beim FC Kalbach, sagte nur: \u201eMund abwischen, gewonnen. Ganz klare Ansage: die Sportfreunde haben hervorragend gespielt, haben uns alles abverlangt. Wir kamen nie ins Spiel, wir haben kaum Akzente setzen k\u00f6nnen, und deswegen auch viel Gl\u00fcck, dass Tormann Fabian Lanthaler die 1 gegen 1-Situation gut h\u00e4lt, ich wei\u00df nicht, wie es ausgegangen w\u00e4re. Deswegen Gratulation an die Speuzer, die Einstellung war gut, aber wie gesagt, Mund abwischen, gewonnen, 3 Punkte, mehr ist es nicht.\u201c<\/p>\n<p>Die Sportfreunde sind am n\u00e4chsten Wochenende spielfrei, was einem neuen Trainer entgegenkommen w\u00fcrde. Die Kalbacher als Spitzenreiter empfangen die n\u00e4chste Mannschaft aus dem Tabellenkeller, zu Gast ist der 1.FC-TSG K\u00f6nigstein.<\/p>\n<h4>Schiedsrichter: Niklas Lohr (Baudach). Zuschauer: 40.<\/h4>\n<h4>Tore: 0:1 Ihab Souleiman (4.), 0:2 Achraf Gara Ali (85.)<\/h4>\n\n\n<figure class=\"wp-block-image size-full\"><img loading=\"lazy\" decoding=\"async\" width=\"640\" height=\"480\" src=\"http:\/\/insideamateurfussball-ffm.de\/wp-content\/uploads\/2024\/09\/speuzerkalbach01.jpg\" alt=\"\" class=\"wp-image-20889\" srcset=\"https:\/\/insideamateurfussball-ffm.de\/wp-content\/uploads\/2024\/09\/speuzerkalbach01.jpg 640w, https:\/\/insideamateurfussball-ffm.de\/wp-content\/uploads\/2024\/09\/speuzerkalbach01-300x225.jpg 300w\" sizes=\"auto, (max-width: 640px) 100vw, 640px\" \/><\/figure>\n\n\n\n<figure class=\"wp-block-image size-full\"><img loading=\"lazy\" decoding=\"async\" width=\"640\" height=\"480\" src=\"http:\/\/insideamateurfussball-ffm.de\/wp-content\/uploads\/2024\/09\/speuzerkalbach02.jpg\" alt=\"\" class=\"wp-image-20890\" srcset=\"https:\/\/insideamateurfussball-ffm.de\/wp-content\/uploads\/2024\/09\/speuzerkalbach02.jpg 640w, https:\/\/insideamateurfussball-ffm.de\/wp-content\/uploads\/2024\/09\/speuzerkalbach02-300x225.jpg 300w\" sizes=\"auto, (max-width: 640px) 100vw, 640px\" \/><\/figure>\n\n\n\n<figure class=\"wp-block-image size-full\"><img loading=\"lazy\" decoding=\"async\" width=\"640\" height=\"480\" src=\"http:\/\/insideamateurfussball-ffm.de\/wp-content\/uploads\/2024\/09\/speuzerkalbach03.jpg\" alt=\"\" class=\"wp-image-20891\" srcset=\"https:\/\/insideamateurfussball-ffm.de\/wp-content\/uploads\/2024\/09\/speuzerkalbach03.jpg 640w, https:\/\/insideamateurfussball-ffm.de\/wp-content\/uploads\/2024\/09\/speuzerkalbach03-300x225.jpg 300w\" sizes=\"auto, (max-width: 640px) 100vw, 640px\" \/><\/figure>\n\n\n\n<figure class=\"wp-block-image size-full\"><img loading=\"lazy\" decoding=\"async\" width=\"640\" height=\"480\" src=\"http:\/\/insideamateurfussball-ffm.de\/wp-content\/uploads\/2024\/09\/speuzerkalbach04.jpg\" alt=\"\" class=\"wp-image-20892\" srcset=\"https:\/\/insideamateurfussball-ffm.de\/wp-content\/uploads\/2024\/09\/speuzerkalbach04.jpg 640w, https:\/\/insideamateurfussball-ffm.de\/wp-content\/uploads\/2024\/09\/speuzerkalbach04-300x225.jpg 300w\" sizes=\"auto, (max-width: 640px) 100vw, 640px\" \/><\/figure>\n\n\n\n<figure class=\"wp-block-image size-full\"><img loading=\"lazy\" decoding=\"async\" width=\"640\" height=\"480\" src=\"http:\/\/insideamateurfussball-ffm.de\/wp-content\/uploads\/2024\/09\/speuzerkalbach05.jpg\" alt=\"\" class=\"wp-image-20893\" srcset=\"https:\/\/insideamateurfussball-ffm.de\/wp-content\/uploads\/2024\/09\/speuzerkalbach05.jpg 640w, https:\/\/insideamateurfussball-ffm.de\/wp-content\/uploads\/2024\/09\/speuzerkalbach05-300x225.jpg 300w\" sizes=\"auto, (max-width: 640px) 100vw, 640px\" \/><\/figure>\n\n\n\n<figure class=\"wp-block-image size-full\"><img loading=\"lazy\" decoding=\"async\" width=\"640\" height=\"480\" src=\"http:\/\/insideamateurfussball-ffm.de\/wp-content\/uploads\/2024\/09\/speuzerkalbach06.jpg\" alt=\"\" class=\"wp-image-20894\" srcset=\"https:\/\/insideamateurfussball-ffm.de\/wp-content\/uploads\/2024\/09\/speuzerkalbach06.jpg 640w, https:\/\/insideamateurfussball-ffm.de\/wp-content\/uploads\/2024\/09\/speuzerkalbach06-300x225.jpg 300w\" sizes=\"auto, (max-width: 640px) 100vw, 640px\" \/><\/figure>\n\n\n\n<figure class=\"wp-block-image size-full\"><img loading=\"lazy\" decoding=\"async\" width=\"640\" height=\"480\" src=\"http:\/\/insideamateurfussball-ffm.de\/wp-content\/uploads\/2024\/09\/speuzerkalbach08.jpg\" alt=\"\" class=\"wp-image-20895\" srcset=\"https:\/\/insideamateurfussball-ffm.de\/wp-content\/uploads\/2024\/09\/speuzerkalbach08.jpg 640w, https:\/\/insideamateurfussball-ffm.de\/wp-content\/uploads\/2024\/09\/speuzerkalbach08-300x225.jpg 300w\" sizes=\"auto, (max-width: 640px) 100vw, 640px\" \/><\/figure>\n\n\n\n<figure class=\"wp-block-image size-full\"><img loading=\"lazy\" decoding=\"async\" width=\"640\" height=\"480\" src=\"http:\/\/insideamateurfussball-ffm.de\/wp-content\/uploads\/2024\/09\/speuzerkalbach09.jpg\" alt=\"\" class=\"wp-image-20896\" srcset=\"https:\/\/insideamateurfussball-ffm.de\/wp-content\/uploads\/2024\/09\/speuzerkalbach09.jpg 640w, https:\/\/insideamateurfussball-ffm.de\/wp-content\/uploads\/2024\/09\/speuzerkalbach09-300x225.jpg 300w\" sizes=\"auto, (max-width: 640px) 100vw, 640px\" \/><\/figure>\n","protected":false},"excerpt":{"rendered":"<p>Der Spitzenreiter FC Kalbach tat sich beim Tabellenletzten, den FFV Sportfreunden 04, deren Trainer am Donnerstag zur\u00fcckgetreten war, sehr schwer und gewann durch ein fr\u00fches und ein sp\u00e4tes Tor mit 2:0. FFV Sportfreunde 04 &#8211; FC Kalbach 0:2 (0:1) Am Donnerstag trat bei den Speuzern Ramzi Kallel nach der Niederlage gegen K\u00f6nigstein von seinem Amt [&hellip;]<\/p>\n","protected":false},"author":3,"featured_media":20888,"comment_status":"closed","ping_status":"open","sticky":true,"template":"","format":"standard","meta":{"footnotes":""},"categories":[13],"tags":[],"class_list":["post-20887","post","type-post","status-publish","format-standard","has-post-thumbnail","hentry","category-gruppenliga-frankfurt-west"],"_links":{"self":[{"href":"https:\/\/insideamateurfussball-ffm.de\/index.php?rest_route=\/wp\/v2\/posts\/20887","targetHints":{"allow":["GET"]}}],"collection":[{"href":"https:\/\/insideamateurfussball-ffm.de\/index.php?rest_route=\/wp\/v2\/posts"}],"about":[{"href":"https:\/\/insideamateurfussball-ffm.de\/index.php?rest_route=\/wp\/v2\/types\/post"}],"author":[{"embeddable":true,"href":"https:\/\/insideamateurfussball-ffm.de\/index.php?rest_route=\/wp\/v2\/users\/3"}],"replies":[{"embeddable":true,"href":"https:\/\/insideamateurfussball-ffm.de\/index.php?rest_route=%2Fwp%2Fv2%2Fcomments&post=20887"}],"version-history":[{"count":2,"href":"https:\/\/insideamateurfussball-ffm.de\/index.php?rest_route=\/wp\/v2\/posts\/20887\/revisions"}],"predecessor-version":[{"id":20898,"href":"https:\/\/insideamateurfussball-ffm.de\/index.php?rest_route=\/wp\/v2\/posts\/20887\/revisions\/20898"}],"wp:featuredmedia":[{"embeddable":true,"href":"https:\/\/insideamateurfussball-ffm.de\/index.php?rest_route=\/wp\/v2\/media\/20888"}],"wp:attachment":[{"href":"https:\/\/insideamateurfussball-ffm.de\/index.php?rest_route=%2Fwp%2Fv2%2Fmedia&parent=20887"}],"wp:term":[{"taxonomy":"category","embeddable":true,"href":"https:\/\/insideamateurfussball-ffm.de\/index.php?rest_route=%2Fwp%2Fv2%2Fcategories&post=20887"},{"taxonomy":"post_tag","embeddable":true,"href":"https:\/\/insideamateurfussball-ffm.de\/index.php?rest_route=%2Fwp%2Fv2%2Ftags&post=20887"}],"curies":[{"name":"wp","href":"https:\/\/api.w.org\/{rel}","templated":true}]}}