{"id":20877,"date":"2024-09-09T14:56:26","date_gmt":"2024-09-09T12:56:26","guid":{"rendered":"https:\/\/insideamateurfussball-ffm.de\/?p=20877"},"modified":"2024-09-09T14:56:26","modified_gmt":"2024-09-09T12:56:26","slug":"bosnien-muss-sich-karben-geschlagen-geben","status":"publish","type":"post","link":"https:\/\/insideamateurfussball-ffm.de\/?p=20877","title":{"rendered":"Bosnien muss sich Karben geschlagen geben"},"content":{"rendered":"<h4>Gegen den Tabellenzweiten FC Karben musste sich der SV Bosnien\/Herzegowina mit 1:3 geschlagen geben, damit wird der Abstand zur Tabellenspitze schon jetzt sehr gro\u00df.<\/h4>\n<figure id=\"attachment_20242\" aria-describedby=\"caption-attachment-20242\" style=\"width: 945px\" class=\"wp-caption alignnone\"><img loading=\"lazy\" decoding=\"async\" class=\"wp-image-20242 size-full\" src=\"http:\/\/insideamateurfussball-ffm.de\/wp-content\/uploads\/2024\/08\/bos8.jpg\" alt=\"\" width=\"945\" height=\"705\" srcset=\"https:\/\/insideamateurfussball-ffm.de\/wp-content\/uploads\/2024\/08\/bos8.jpg 945w, https:\/\/insideamateurfussball-ffm.de\/wp-content\/uploads\/2024\/08\/bos8-300x224.jpg 300w, https:\/\/insideamateurfussball-ffm.de\/wp-content\/uploads\/2024\/08\/bos8-768x573.jpg 768w\" sizes=\"auto, (max-width: 945px) 100vw, 945px\" \/><figcaption id=\"caption-attachment-20242\" class=\"wp-caption-text\">Bosniens Trainer Amir Mustafic kommt mit seiner Mannschaft in dieser Saison noch nicht so in Tritt. Foto: Archiv Mithat G\u00fcrser<\/figcaption><\/figure>\n<h4>SV Bosnien\/Herzegowina &#8211; FC Karben 1:3 (0:1)<\/h4>\n<p><img loading=\"lazy\" decoding=\"async\" class=\"alignnone size-full wp-image-139\" src=\"http:\/\/insideamateurfussball-ffm.de\/wp-content\/uploads\/2022\/05\/Bosnien.jpg\" alt=\"\" width=\"79\" height=\"80\" \/><img loading=\"lazy\" decoding=\"async\" class=\"alignnone size-full wp-image-2525\" src=\"http:\/\/insideamateurfussball-ffm.de\/wp-content\/uploads\/2022\/09\/karben.jpg\" alt=\"\" width=\"65\" height=\"80\" \/><\/p>\n<p>Der SV Bosnien\/Herzegowina l\u00e4uft der Tabellenspitze weiter hinterher, auch gegen den starken Tabellenzweiten vom FC Karben konnten sie den Bock nicht umsto\u00dfen und verloren durch die 1:3-Heimniederlage weiter an Boden. Dabei war es ein Spiel auf Augenh\u00f6he, aber die Bosnier bekommen zwei Probleme nicht in den Griff: in der Offensive ist man nicht konsequent genug und in der Defensive ist man zu anf\u00e4llig. Pressesprecher Admir Malohodzic sagte dann auch: \u201edrei Gegentreffer zu Hause sind zuviel\u201c.<\/p>\n<p>In er ersten Halbzeit lie\u00dfen beide Mannschaften einige Chancen liegen, die G\u00e4ste vom FC Karben hatten dann das Gl\u00fcck, zu einem psychologisch wichtigen Zeitpunkt die F\u00fchrung erzielen zu k\u00f6nnen, Thomas Schmidt Isermann war in der ersten Minute der Nachspielzeit zum 1:0 erfolgreich. Nach der Pause machten die Bosnier viel Druck, kassierten aber in der 50.Minute durch Jakob Harald Thum das 0:2. Die Gastgeber gaben nicht auf und erhielten in der 55.Minute einen Foulelfmeter, doch Kapit\u00e4n Husejn Mevkic scheiterte an Karbens Torh\u00fcter Leos Hundertmark.<\/p>\n<p>Nur eine Minute sp\u00e4ter erzielte Secouba Diatta den Anschlusstreffer zum 1:2 (56.Minute), und die Bosnier setzten alles auf eine Karte, waren in der Offensive aber nicht effizient. Und so kam es, wie es kommen musste, Karben nutzte einen Konter in der 84.Minute durch Florian Kurtz zur Entscheidung, 1:3 war der Endstand. Malohodzic gratulierte dem FC Karben zum Sieg und meinte: \u201ees war ein gutes Gruppenliga-Spiel mit einem schlechten Ende f\u00fcr uns\u201c. Weiter geht es f\u00fcr die Bosnier am n\u00e4chsten Wochenende mit einem Ausw\u00e4rtsspiel bei der bisher ungeschlagenen Spvgg. 05 Oberrad.<\/p>\n<h4>Schiedsrichter: Frederik Angermaier (SV Oberselters). Zuschauer: 90.<\/h4>\n<h4>Tore: 0:1 Thomas Schmidt Isermann (45.+1) 0:2 Jakob Harald Thum (50.), 1:2 Secouba Diatta (56.),1:3 Florian Kurtz (84.)<\/h4>\n","protected":false},"excerpt":{"rendered":"<p>Gegen den Tabellenzweiten FC Karben musste sich der SV Bosnien\/Herzegowina mit 1:3 geschlagen geben, damit wird der Abstand zur Tabellenspitze schon jetzt sehr gro\u00df. SV Bosnien\/Herzegowina &#8211; FC Karben 1:3 (0:1) Der SV Bosnien\/Herzegowina l\u00e4uft der Tabellenspitze weiter hinterher, auch gegen den starken Tabellenzweiten vom FC Karben konnten sie den Bock nicht umsto\u00dfen und verloren [&hellip;]<\/p>\n","protected":false},"author":3,"featured_media":20242,"comment_status":"closed","ping_status":"open","sticky":true,"template":"","format":"standard","meta":{"footnotes":""},"categories":[13],"tags":[],"class_list":["post-20877","post","type-post","status-publish","format-standard","has-post-thumbnail","hentry","category-gruppenliga-frankfurt-west"],"_links":{"self":[{"href":"https:\/\/insideamateurfussball-ffm.de\/index.php?rest_route=\/wp\/v2\/posts\/20877","targetHints":{"allow":["GET"]}}],"collection":[{"href":"https:\/\/insideamateurfussball-ffm.de\/index.php?rest_route=\/wp\/v2\/posts"}],"about":[{"href":"https:\/\/insideamateurfussball-ffm.de\/index.php?rest_route=\/wp\/v2\/types\/post"}],"author":[{"embeddable":true,"href":"https:\/\/insideamateurfussball-ffm.de\/index.php?rest_route=\/wp\/v2\/users\/3"}],"replies":[{"embeddable":true,"href":"https:\/\/insideamateurfussball-ffm.de\/index.php?rest_route=%2Fwp%2Fv2%2Fcomments&post=20877"}],"version-history":[{"count":2,"href":"https:\/\/insideamateurfussball-ffm.de\/index.php?rest_route=\/wp\/v2\/posts\/20877\/revisions"}],"predecessor-version":[{"id":20879,"href":"https:\/\/insideamateurfussball-ffm.de\/index.php?rest_route=\/wp\/v2\/posts\/20877\/revisions\/20879"}],"wp:featuredmedia":[{"embeddable":true,"href":"https:\/\/insideamateurfussball-ffm.de\/index.php?rest_route=\/wp\/v2\/media\/20242"}],"wp:attachment":[{"href":"https:\/\/insideamateurfussball-ffm.de\/index.php?rest_route=%2Fwp%2Fv2%2Fmedia&parent=20877"}],"wp:term":[{"taxonomy":"category","embeddable":true,"href":"https:\/\/insideamateurfussball-ffm.de\/index.php?rest_route=%2Fwp%2Fv2%2Fcategories&post=20877"},{"taxonomy":"post_tag","embeddable":true,"href":"https:\/\/insideamateurfussball-ffm.de\/index.php?rest_route=%2Fwp%2Fv2%2Ftags&post=20877"}],"curies":[{"name":"wp","href":"https:\/\/api.w.org\/{rel}","templated":true}]}}