{"id":20863,"date":"2024-09-09T14:23:43","date_gmt":"2024-09-09T12:23:43","guid":{"rendered":"https:\/\/insideamateurfussball-ffm.de\/?p=20863"},"modified":"2024-09-09T14:23:43","modified_gmt":"2024-09-09T12:23:43","slug":"tuerkguecue-siegt-bei-tempo","status":"publish","type":"post","link":"https:\/\/insideamateurfussball-ffm.de\/?p=20863","title":{"rendered":"T\u00fcrkg\u00fcc\u00fc siegt bei Tempo"},"content":{"rendered":"<h4>T\u00fcrkg\u00fcc\u00fc Frankfurt konnte mit dem 3:1 beim FC Tempo seinen zweiten Sieg feiern, w\u00e4hrend Tempo nach dem 2:2 gegen Oberrad auch sein zweites Heimspiel innerhalb von 4 Tagen nicht gewinnen konnte.<\/h4>\n<figure id=\"attachment_20864\" aria-describedby=\"caption-attachment-20864\" style=\"width: 2000px\" class=\"wp-caption alignnone\"><img loading=\"lazy\" decoding=\"async\" class=\"wp-image-20864 size-full\" src=\"http:\/\/insideamateurfussball-ffm.de\/wp-content\/uploads\/2024\/09\/tempotuerkguecue02.jpg\" alt=\"\" width=\"2000\" height=\"1126\" srcset=\"https:\/\/insideamateurfussball-ffm.de\/wp-content\/uploads\/2024\/09\/tempotuerkguecue02.jpg 2000w, https:\/\/insideamateurfussball-ffm.de\/wp-content\/uploads\/2024\/09\/tempotuerkguecue02-300x169.jpg 300w, https:\/\/insideamateurfussball-ffm.de\/wp-content\/uploads\/2024\/09\/tempotuerkguecue02-1024x577.jpg 1024w, https:\/\/insideamateurfussball-ffm.de\/wp-content\/uploads\/2024\/09\/tempotuerkguecue02-768x432.jpg 768w, https:\/\/insideamateurfussball-ffm.de\/wp-content\/uploads\/2024\/09\/tempotuerkguecue02-1536x865.jpg 1536w\" sizes=\"auto, (max-width: 2000px) 100vw, 2000px\" \/><figcaption id=\"caption-attachment-20864\" class=\"wp-caption-text\">Der Jubel bei T\u00fcrkg\u00fcc\u00fc war gro\u00df nach dem zweiten Saisonsieg. Foto: T\u00fcrkg\u00fcc\u00fc Frankfurt<\/figcaption><\/figure>\n<h4>FC Tempo -T\u00fcrkg\u00fcc\u00fc Frankfurt 1:3 (1:1)<\/h4>\n<p><img loading=\"lazy\" decoding=\"async\" class=\"alignnone size-full wp-image-31\" src=\"http:\/\/insideamateurfussball-ffm.de\/wp-content\/uploads\/2021\/11\/Tempo.jpg\" alt=\"\" width=\"80\" height=\"80\" \/><img loading=\"lazy\" decoding=\"async\" class=\"alignnone size-full wp-image-17\" src=\"http:\/\/insideamateurfussball-ffm.de\/wp-content\/uploads\/2021\/11\/Tuerkguecue.jpg\" alt=\"\" width=\"72\" height=\"80\" \/><\/p>\n<p>Der Aufsteiger T\u00fcrkg\u00fcc\u00fc Frankfurt ist so langsam in der Gruppenliga angekommen, hat sich auch durch die drei kurzfristigen Abg\u00e4nge nicht beirren lassen und konnte seinen ersten Ausw\u00e4rtssieg feiern. Die ersten Akzente im Spiel setzte aber Gastgeber FC Tempo, der in der 29.Minute nach einigen vergebenen Chancen durch Tomislav Stekovic mit 1:0 in F\u00fchrung gehen konnte. \u00a0Pech aber dann f\u00fcr Tempo, dass der Gast von T\u00fcrkg\u00fcc\u00fc in der Nachspielzeit der ersten H\u00e4lfte durch Emre Kadimli noch zum Ausgleich kam, zu einem denkbar g\u00fcnstigen Zeitpunkt.<\/p>\n<p>In der zweiten Halbzeit konnten die G\u00e4ste bei einer gro\u00dfen Chance f\u00fcr Tempo den Ball gerade noch von der Linie kratzen und kamen dann selbst zur 2:1-F\u00fchrung, Nuno Miguel Pires Lopes war der Torsch\u00fctze in der 62.Minute. Die Gastgeber warfen jetzt alles nach vorne und liefen in einen Konter, den erneut Nuno Miguel Pires Lopes zum 3:1 verwerten konnte, gleichzeitig dem Endstand der Partie. W\u00e4hrend T\u00fcrkg\u00fcc\u00fc mit 6 Punkten auf den 13.Platz der Tabelle klettern konnte, liegt der FC Tempo mit 4 Punkten nur einen Platz dahinter.<\/p>\n<p>Stimmen zum Spiel<\/p>\n<p>Tempo Vorstandmitglied Dajko Jaguzevic: \u201ewie in den letzten Wochen machen wir unsere Chancen nicht rein, es h\u00e4tte gut oder gerne 2:0 oder 3.0 stehen k\u00f6nnen, dann sind wir in F\u00fchrung gegangen und kriegen in der Nachspielzeit der ersten H\u00e4lfte so einen typischen Ausgleich. Zweite Halbzeit haben wir wieder die Initiative die ersten 10 Minuten, haben wieder eine Hundertprozentige, wo der Ball gerade noch von der Linie gekratzt wird, und nat\u00fcrlich werden wir wieder bestraft. T\u00fcrkg\u00fcc\u00fc hat ein gutes Spiel abgeliefert, Respekt vor der Leistung, im Grunde war das kein gro\u00dfartiges Gruppenliga-Spiel, auch bedingt durch das Wetter, der Platz war halt verdammt schnell. Letztendlich kann man auch sagen, verdientes Ergebnis, wenn man seine Chancen nicht reinmacht.\u201c<\/p>\n<p>T\u00fcrkg\u00fcc\u00fcs Vorstandsmitglied Duran G\u00fcng\u00f6r: \u201edie ersten 10 Minuten hatte Tempo mehr Spielanteile, deren Drangphase haben wir gut \u00fcberstanden, danach war das Spiel bis zur Halbzeit ausgeglichen. Was f\u00fcr uns sehr wichtig war, dass wir kurz vor der Halbzeit das 1:1 gemacht haben, in der zweiten Halbzeit haben wir die R\u00e4ume zugemacht und den Kampf angenommen, die Jungs haben um jeden Zentimeter gek\u00e4mpft, im Endeffekt waren wir diesmal die cleverere Mannschaft. Loben m\u00f6chte ich die gesamte Mannschaft, mit Tayfun G\u00fcrsoy und Max Simon Fiege hatten wir zwei Innenverteidiger, die fast alle Zweik\u00e4mpfe gewonnen haben, und mit Marco Nauber, der aus dem Urlaub zur\u00fcck ist, hatten wir einen sicheren R\u00fcckhalt. Der Sieg war meiner Meinung nach aufgrund der zweiten Halbzeit verdient, und dann schauen wir n\u00e4chste Woche, dass wir gegen Seckbach die gleiche Kampfbereitschaft und Leidenschaft zeigen k\u00f6nnen.\u201c<\/p>\n<p>Am n\u00e4chsten Freitag muss der FC Tempo zum FV Bad Vilbel, w\u00e4hrend T\u00fcrkg\u00fcc\u00fc Frankfurt die FG Seckbach empf\u00e4ngt.<\/p>\n<h4>Schiedsrichter: Lucas Renner (Olympia Lorsch). Zuschauer: 200.<\/h4>\n<h4>Tore: 1:0 Tomislav Stekovic (29.), 1:1 Emre Kadimli (45.+1), 1:2 Nuno Miguel Pires Lopes (62.), 1:3 Nuno Miguel Pires Lopes (79.)<\/h4>\n<blockquote>\n<h4>Die folgenden Bilder stellte uns T\u00fcrkg\u00fcc\u00fc Frankfurt zur Verf\u00fcgung.<\/h4>\n<\/blockquote>\n<p>\u00a0<\/p>\n\n\n<figure class=\"wp-block-image size-large\"><img loading=\"lazy\" decoding=\"async\" width=\"1024\" height=\"768\" src=\"http:\/\/insideamateurfussball-ffm.de\/wp-content\/uploads\/2024\/09\/tempotuerkguecue13-1024x768.jpg\" alt=\"\" class=\"wp-image-20873\" srcset=\"https:\/\/insideamateurfussball-ffm.de\/wp-content\/uploads\/2024\/09\/tempotuerkguecue13-1024x768.jpg 1024w, https:\/\/insideamateurfussball-ffm.de\/wp-content\/uploads\/2024\/09\/tempotuerkguecue13-300x225.jpg 300w, https:\/\/insideamateurfussball-ffm.de\/wp-content\/uploads\/2024\/09\/tempotuerkguecue13-768x576.jpg 768w, https:\/\/insideamateurfussball-ffm.de\/wp-content\/uploads\/2024\/09\/tempotuerkguecue13-1536x1152.jpg 1536w, https:\/\/insideamateurfussball-ffm.de\/wp-content\/uploads\/2024\/09\/tempotuerkguecue13.jpg 2000w\" sizes=\"auto, (max-width: 1024px) 100vw, 1024px\" \/><\/figure>\n\n\n\n<figure class=\"wp-block-image size-large\"><img loading=\"lazy\" decoding=\"async\" width=\"1024\" height=\"768\" src=\"http:\/\/insideamateurfussball-ffm.de\/wp-content\/uploads\/2024\/09\/tempotuerkguecue12-1024x768.jpg\" alt=\"\" class=\"wp-image-20872\" srcset=\"https:\/\/insideamateurfussball-ffm.de\/wp-content\/uploads\/2024\/09\/tempotuerkguecue12-1024x768.jpg 1024w, https:\/\/insideamateurfussball-ffm.de\/wp-content\/uploads\/2024\/09\/tempotuerkguecue12-300x225.jpg 300w, https:\/\/insideamateurfussball-ffm.de\/wp-content\/uploads\/2024\/09\/tempotuerkguecue12-768x576.jpg 768w, https:\/\/insideamateurfussball-ffm.de\/wp-content\/uploads\/2024\/09\/tempotuerkguecue12-1536x1152.jpg 1536w, https:\/\/insideamateurfussball-ffm.de\/wp-content\/uploads\/2024\/09\/tempotuerkguecue12.jpg 2000w\" sizes=\"auto, (max-width: 1024px) 100vw, 1024px\" \/><\/figure>\n\n\n\n<figure class=\"wp-block-image size-large\"><img loading=\"lazy\" decoding=\"async\" width=\"1024\" height=\"768\" src=\"http:\/\/insideamateurfussball-ffm.de\/wp-content\/uploads\/2024\/09\/tempotuerkguecue10-1024x768.jpg\" alt=\"\" class=\"wp-image-20870\" srcset=\"https:\/\/insideamateurfussball-ffm.de\/wp-content\/uploads\/2024\/09\/tempotuerkguecue10-1024x768.jpg 1024w, https:\/\/insideamateurfussball-ffm.de\/wp-content\/uploads\/2024\/09\/tempotuerkguecue10-300x225.jpg 300w, https:\/\/insideamateurfussball-ffm.de\/wp-content\/uploads\/2024\/09\/tempotuerkguecue10-768x576.jpg 768w, https:\/\/insideamateurfussball-ffm.de\/wp-content\/uploads\/2024\/09\/tempotuerkguecue10-1536x1152.jpg 1536w, https:\/\/insideamateurfussball-ffm.de\/wp-content\/uploads\/2024\/09\/tempotuerkguecue10.jpg 2000w\" sizes=\"auto, (max-width: 1024px) 100vw, 1024px\" \/><\/figure>\n\n\n\n<figure class=\"wp-block-image size-large\"><img loading=\"lazy\" decoding=\"async\" width=\"1024\" height=\"768\" src=\"http:\/\/insideamateurfussball-ffm.de\/wp-content\/uploads\/2024\/09\/tempotuerkguecue11-1024x768.jpg\" alt=\"\" class=\"wp-image-20871\" srcset=\"https:\/\/insideamateurfussball-ffm.de\/wp-content\/uploads\/2024\/09\/tempotuerkguecue11-1024x768.jpg 1024w, https:\/\/insideamateurfussball-ffm.de\/wp-content\/uploads\/2024\/09\/tempotuerkguecue11-300x225.jpg 300w, https:\/\/insideamateurfussball-ffm.de\/wp-content\/uploads\/2024\/09\/tempotuerkguecue11-768x576.jpg 768w, https:\/\/insideamateurfussball-ffm.de\/wp-content\/uploads\/2024\/09\/tempotuerkguecue11-1536x1152.jpg 1536w, https:\/\/insideamateurfussball-ffm.de\/wp-content\/uploads\/2024\/09\/tempotuerkguecue11.jpg 2000w\" sizes=\"auto, (max-width: 1024px) 100vw, 1024px\" \/><\/figure>\n\n\n\n<figure class=\"wp-block-image size-large\"><img loading=\"lazy\" decoding=\"async\" width=\"1024\" height=\"768\" src=\"http:\/\/insideamateurfussball-ffm.de\/wp-content\/uploads\/2024\/09\/tempotuerkguecue08-1024x768.jpg\" alt=\"\" class=\"wp-image-20869\" srcset=\"https:\/\/insideamateurfussball-ffm.de\/wp-content\/uploads\/2024\/09\/tempotuerkguecue08-1024x768.jpg 1024w, https:\/\/insideamateurfussball-ffm.de\/wp-content\/uploads\/2024\/09\/tempotuerkguecue08-300x225.jpg 300w, https:\/\/insideamateurfussball-ffm.de\/wp-content\/uploads\/2024\/09\/tempotuerkguecue08-768x576.jpg 768w, https:\/\/insideamateurfussball-ffm.de\/wp-content\/uploads\/2024\/09\/tempotuerkguecue08-1536x1152.jpg 1536w, https:\/\/insideamateurfussball-ffm.de\/wp-content\/uploads\/2024\/09\/tempotuerkguecue08.jpg 2000w\" sizes=\"auto, (max-width: 1024px) 100vw, 1024px\" \/><\/figure>\n\n\n\n<figure class=\"wp-block-image size-large\"><img loading=\"lazy\" decoding=\"async\" width=\"768\" height=\"1024\" src=\"http:\/\/insideamateurfussball-ffm.de\/wp-content\/uploads\/2024\/09\/tempotuerkguecue04-768x1024.jpg\" alt=\"\" class=\"wp-image-20865\" srcset=\"https:\/\/insideamateurfussball-ffm.de\/wp-content\/uploads\/2024\/09\/tempotuerkguecue04-768x1024.jpg 768w, https:\/\/insideamateurfussball-ffm.de\/wp-content\/uploads\/2024\/09\/tempotuerkguecue04-225x300.jpg 225w, https:\/\/insideamateurfussball-ffm.de\/wp-content\/uploads\/2024\/09\/tempotuerkguecue04-1152x1536.jpg 1152w, https:\/\/insideamateurfussball-ffm.de\/wp-content\/uploads\/2024\/09\/tempotuerkguecue04.jpg 1500w\" sizes=\"auto, (max-width: 768px) 100vw, 768px\" \/><\/figure>\n\n\n\n<figure class=\"wp-block-image size-large\"><img loading=\"lazy\" decoding=\"async\" width=\"1024\" height=\"768\" src=\"http:\/\/insideamateurfussball-ffm.de\/wp-content\/uploads\/2024\/09\/tempotuerkguecue07-1024x768.jpg\" alt=\"\" class=\"wp-image-20868\" srcset=\"https:\/\/insideamateurfussball-ffm.de\/wp-content\/uploads\/2024\/09\/tempotuerkguecue07-1024x768.jpg 1024w, https:\/\/insideamateurfussball-ffm.de\/wp-content\/uploads\/2024\/09\/tempotuerkguecue07-300x225.jpg 300w, https:\/\/insideamateurfussball-ffm.de\/wp-content\/uploads\/2024\/09\/tempotuerkguecue07-768x576.jpg 768w, https:\/\/insideamateurfussball-ffm.de\/wp-content\/uploads\/2024\/09\/tempotuerkguecue07-1536x1152.jpg 1536w, https:\/\/insideamateurfussball-ffm.de\/wp-content\/uploads\/2024\/09\/tempotuerkguecue07.jpg 2000w\" sizes=\"auto, (max-width: 1024px) 100vw, 1024px\" \/><\/figure>\n\n\n\n<figure class=\"wp-block-image size-large\"><img loading=\"lazy\" decoding=\"async\" width=\"1024\" height=\"768\" src=\"http:\/\/insideamateurfussball-ffm.de\/wp-content\/uploads\/2024\/09\/tempotuerkguecue06-1024x768.jpg\" alt=\"\" class=\"wp-image-20867\" srcset=\"https:\/\/insideamateurfussball-ffm.de\/wp-content\/uploads\/2024\/09\/tempotuerkguecue06-1024x768.jpg 1024w, https:\/\/insideamateurfussball-ffm.de\/wp-content\/uploads\/2024\/09\/tempotuerkguecue06-300x225.jpg 300w, https:\/\/insideamateurfussball-ffm.de\/wp-content\/uploads\/2024\/09\/tempotuerkguecue06-768x576.jpg 768w, https:\/\/insideamateurfussball-ffm.de\/wp-content\/uploads\/2024\/09\/tempotuerkguecue06-1536x1152.jpg 1536w, https:\/\/insideamateurfussball-ffm.de\/wp-content\/uploads\/2024\/09\/tempotuerkguecue06.jpg 2000w\" sizes=\"auto, (max-width: 1024px) 100vw, 1024px\" \/><\/figure>\n\n\n\n<figure class=\"wp-block-image size-large\"><img loading=\"lazy\" decoding=\"async\" width=\"1024\" height=\"768\" src=\"http:\/\/insideamateurfussball-ffm.de\/wp-content\/uploads\/2024\/09\/tempotuerkguecue05-1024x768.jpg\" alt=\"\" class=\"wp-image-20866\" srcset=\"https:\/\/insideamateurfussball-ffm.de\/wp-content\/uploads\/2024\/09\/tempotuerkguecue05-1024x768.jpg 1024w, https:\/\/insideamateurfussball-ffm.de\/wp-content\/uploads\/2024\/09\/tempotuerkguecue05-300x225.jpg 300w, https:\/\/insideamateurfussball-ffm.de\/wp-content\/uploads\/2024\/09\/tempotuerkguecue05-768x576.jpg 768w, https:\/\/insideamateurfussball-ffm.de\/wp-content\/uploads\/2024\/09\/tempotuerkguecue05-1536x1152.jpg 1536w, https:\/\/insideamateurfussball-ffm.de\/wp-content\/uploads\/2024\/09\/tempotuerkguecue05.jpg 2000w\" sizes=\"auto, (max-width: 1024px) 100vw, 1024px\" \/><\/figure>\n","protected":false},"excerpt":{"rendered":"<p>T\u00fcrkg\u00fcc\u00fc Frankfurt konnte mit dem 3:1 beim FC Tempo seinen zweiten Sieg feiern, w\u00e4hrend Tempo nach dem 2:2 gegen Oberrad auch sein zweites Heimspiel innerhalb von 4 Tagen nicht gewinnen konnte. FC Tempo -T\u00fcrkg\u00fcc\u00fc Frankfurt 1:3 (1:1) Der Aufsteiger T\u00fcrkg\u00fcc\u00fc Frankfurt ist so langsam in der Gruppenliga angekommen, hat sich auch durch die drei kurzfristigen [&hellip;]<\/p>\n","protected":false},"author":3,"featured_media":20864,"comment_status":"closed","ping_status":"open","sticky":true,"template":"","format":"standard","meta":{"footnotes":""},"categories":[13],"tags":[],"class_list":["post-20863","post","type-post","status-publish","format-standard","has-post-thumbnail","hentry","category-gruppenliga-frankfurt-west"],"_links":{"self":[{"href":"https:\/\/insideamateurfussball-ffm.de\/index.php?rest_route=\/wp\/v2\/posts\/20863","targetHints":{"allow":["GET"]}}],"collection":[{"href":"https:\/\/insideamateurfussball-ffm.de\/index.php?rest_route=\/wp\/v2\/posts"}],"about":[{"href":"https:\/\/insideamateurfussball-ffm.de\/index.php?rest_route=\/wp\/v2\/types\/post"}],"author":[{"embeddable":true,"href":"https:\/\/insideamateurfussball-ffm.de\/index.php?rest_route=\/wp\/v2\/users\/3"}],"replies":[{"embeddable":true,"href":"https:\/\/insideamateurfussball-ffm.de\/index.php?rest_route=%2Fwp%2Fv2%2Fcomments&post=20863"}],"version-history":[{"count":3,"href":"https:\/\/insideamateurfussball-ffm.de\/index.php?rest_route=\/wp\/v2\/posts\/20863\/revisions"}],"predecessor-version":[{"id":20876,"href":"https:\/\/insideamateurfussball-ffm.de\/index.php?rest_route=\/wp\/v2\/posts\/20863\/revisions\/20876"}],"wp:featuredmedia":[{"embeddable":true,"href":"https:\/\/insideamateurfussball-ffm.de\/index.php?rest_route=\/wp\/v2\/media\/20864"}],"wp:attachment":[{"href":"https:\/\/insideamateurfussball-ffm.de\/index.php?rest_route=%2Fwp%2Fv2%2Fmedia&parent=20863"}],"wp:term":[{"taxonomy":"category","embeddable":true,"href":"https:\/\/insideamateurfussball-ffm.de\/index.php?rest_route=%2Fwp%2Fv2%2Fcategories&post=20863"},{"taxonomy":"post_tag","embeddable":true,"href":"https:\/\/insideamateurfussball-ffm.de\/index.php?rest_route=%2Fwp%2Fv2%2Ftags&post=20863"}],"curies":[{"name":"wp","href":"https:\/\/api.w.org\/{rel}","templated":true}]}}