{"id":20846,"date":"2024-09-09T10:56:49","date_gmt":"2024-09-09T08:56:49","guid":{"rendered":"https:\/\/insideamateurfussball-ffm.de\/?p=20846"},"modified":"2024-09-09T10:56:49","modified_gmt":"2024-09-09T08:56:49","slug":"rw-siegt-gegen-hessenliga-absteiger-erlensee","status":"publish","type":"post","link":"https:\/\/insideamateurfussball-ffm.de\/?p=20846","title":{"rendered":"RW siegt gegen Hessenliga-Absteiger Erlensee"},"content":{"rendered":"<h4>RW Frankfurt zeigte am Sonntag eine starke Reaktion nach dem katastrophalen Spiel am Mittwoch bei der TS Ober-Roden, trotz 30-min\u00fctiger Unterzahl besiegte man den Absteiger aus der Hessenliga, den 1.FC 1906 Erlensee, mit 3:0.<\/h4>\n<figure id=\"attachment_20856\" aria-describedby=\"caption-attachment-20856\" style=\"width: 1122px\" class=\"wp-caption alignnone\"><img loading=\"lazy\" decoding=\"async\" class=\"wp-image-20856 size-full\" src=\"http:\/\/insideamateurfussball-ffm.de\/wp-content\/uploads\/2024\/09\/erl10.jpg\" alt=\"\" width=\"1122\" height=\"787\" srcset=\"https:\/\/insideamateurfussball-ffm.de\/wp-content\/uploads\/2024\/09\/erl10.jpg 1122w, https:\/\/insideamateurfussball-ffm.de\/wp-content\/uploads\/2024\/09\/erl10-300x210.jpg 300w, https:\/\/insideamateurfussball-ffm.de\/wp-content\/uploads\/2024\/09\/erl10-1024x718.jpg 1024w, https:\/\/insideamateurfussball-ffm.de\/wp-content\/uploads\/2024\/09\/erl10-768x539.jpg 768w\" sizes=\"auto, (max-width: 1122px) 100vw, 1122px\" \/><figcaption id=\"caption-attachment-20856\" class=\"wp-caption-text\">Die Rot-Weissen durften endlich wieder \u00fcber einen Sieg jubeln. Foto: Mithat G\u00fcrser<\/figcaption><\/figure>\n<h4>SG RW Frankfurt &#8211; 1.FC 1906 Erlensee 3:0 (1:0)<\/h4>\n<p><img loading=\"lazy\" decoding=\"async\" class=\"alignnone size-full wp-image-120\" src=\"http:\/\/insideamateurfussball-ffm.de\/wp-content\/uploads\/2022\/05\/rot-weiss.png\" alt=\"\" width=\"80\" height=\"70\" \/><img loading=\"lazy\" decoding=\"async\" class=\"alignnone size-full wp-image-1168\" src=\"http:\/\/insideamateurfussball-ffm.de\/wp-content\/uploads\/2022\/07\/Erlensee.jpg\" alt=\"\" width=\"66\" height=\"80\" \/><\/p>\n<p>RW-Trainer Ibo Cigdem sprach nach der Pleite am Mittwoch davon, \u201ewieder die K\u00f6pfe freizubekommen\u201c, dazu baute er taktisch etwas um und brachte frische Kr\u00e4fte, die vom Kopf her nicht so mit den vergangenen drei Niederlagen behaftet waren. Und die Umstellungen zahlten sich aus. Diesmal hatten die Rot-Weissen auch das Gl\u00fcck, dass Erlensee die erste Torchance nach einem Fehler in der Abwehr der Gastgeber nicht ausgenutzt hat, Torwart Dusan Zbiljic konnte im 1 gegen 1 retten. Im Gegenteil, die Frankfurter konnten das erste Tor erzielen, Towa Itamoto brachte Rot-Weiss in der 12.Minute nach einem Standard mit 1:0 in F\u00fchrung. Dies brachte auch etwas Sicherheit in die Reihen der Gastgeber, die danach ihre vorhandenen Chancen nicht gut ausspielten, so blieb es bis zur Halbzeit bei der knappen F\u00fchrung.<\/p>\n<h3>RW nach gelb-rot in Unterzahl<\/h3>\n<p>Auch am Anfang der zweiten Halbzeit waren die Frankfurter gut im Spiel, in der 59.Minute mussten sie allerdings einen R\u00fcckschlag hinnehmen, Ersan Rovcanin erhielt die gelb-rote Karte. Aber nach Aussagen von Trainer Cigdem haben die Jungs \u201edas super weggesteckt und die Ordnung nicht verloren\u201c. Und so waren es diesmal die Rot-Weissen, die in Unterzahl noch zwei Tore erzielen konnten. Einer der neuen Spieler, Lian Feridani, erzielte in der 74.Minute das 2:0, das Yassin Ennaji in der 79.Minute sogar zum 3:0-Endstand ausbauen konnte.<\/p>\n<p>Ein wichtiger Sieg f\u00fcr die Gastgeber, die mit jetzt 6 Punkten das Tabellenende verlassen konnten. Trainer Cigdem: \u201eeine gute Reaktion der Mannschaft, nicht selbstverst\u00e4ndlich, am Ende auch ein verdienter Sieg. Ein Kompliment an die Jungs, das war souver\u00e4n \u00fcber das ganze Spiel. Daran wollen wir jetzt ankn\u00fcpfen und den Schwung und das Selbstvertrauen in die n\u00e4chsten Spiele mitnehmen.\u201c<\/p>\n<p>Am n\u00e4chsten Wochenende folgt das Ausw\u00e4rtsspiel beim zweiten Hessenliga-Absteiger, beim SC Viktoria Griesheim.<\/p>\n<h4>Schiedsrichter: Dennis Jantz (1.SC Kohlheck). Zuschauer: 50.<\/h4>\n<h4>Tore: 1:0 Towa Itamoto (12.), 2:0 Lian Feridani (74.), 3:0 Yassin Ennaji (79.)<\/h4>\n<blockquote>\n<h4>Die Bilder verdanken wir wieder Mithat G\u00fcrser.<\/h4>\n<\/blockquote>\n\n\n<figure class=\"wp-block-image size-large\"><img loading=\"lazy\" decoding=\"async\" width=\"1024\" height=\"727\" src=\"http:\/\/insideamateurfussball-ffm.de\/wp-content\/uploads\/2024\/09\/erl1a-1024x727.jpg\" alt=\"\" class=\"wp-image-20848\" srcset=\"https:\/\/insideamateurfussball-ffm.de\/wp-content\/uploads\/2024\/09\/erl1a-1024x727.jpg 1024w, https:\/\/insideamateurfussball-ffm.de\/wp-content\/uploads\/2024\/09\/erl1a-300x213.jpg 300w, https:\/\/insideamateurfussball-ffm.de\/wp-content\/uploads\/2024\/09\/erl1a-768x545.jpg 768w, https:\/\/insideamateurfussball-ffm.de\/wp-content\/uploads\/2024\/09\/erl1a.jpg 1181w\" sizes=\"auto, (max-width: 1024px) 100vw, 1024px\" \/><\/figure>\n\n\n\n<figure class=\"wp-block-image size-large\"><img loading=\"lazy\" decoding=\"async\" width=\"1024\" height=\"690\" src=\"http:\/\/insideamateurfussball-ffm.de\/wp-content\/uploads\/2024\/09\/erl1-1024x690.jpg\" alt=\"\" class=\"wp-image-20847\" srcset=\"https:\/\/insideamateurfussball-ffm.de\/wp-content\/uploads\/2024\/09\/erl1-1024x690.jpg 1024w, https:\/\/insideamateurfussball-ffm.de\/wp-content\/uploads\/2024\/09\/erl1-300x202.jpg 300w, https:\/\/insideamateurfussball-ffm.de\/wp-content\/uploads\/2024\/09\/erl1-768x518.jpg 768w, https:\/\/insideamateurfussball-ffm.de\/wp-content\/uploads\/2024\/09\/erl1.jpg 1181w\" sizes=\"auto, (max-width: 1024px) 100vw, 1024px\" \/><\/figure>\n\n\n\n<figure class=\"wp-block-image size-large\"><img loading=\"lazy\" decoding=\"async\" width=\"1024\" height=\"681\" src=\"http:\/\/insideamateurfussball-ffm.de\/wp-content\/uploads\/2024\/09\/erl2-1024x681.jpg\" alt=\"\" class=\"wp-image-20849\" srcset=\"https:\/\/insideamateurfussball-ffm.de\/wp-content\/uploads\/2024\/09\/erl2-1024x681.jpg 1024w, https:\/\/insideamateurfussball-ffm.de\/wp-content\/uploads\/2024\/09\/erl2-300x200.jpg 300w, https:\/\/insideamateurfussball-ffm.de\/wp-content\/uploads\/2024\/09\/erl2-768x511.jpg 768w, https:\/\/insideamateurfussball-ffm.de\/wp-content\/uploads\/2024\/09\/erl2.jpg 1183w\" sizes=\"auto, (max-width: 1024px) 100vw, 1024px\" \/><\/figure>\n\n\n\n<figure class=\"wp-block-image size-large\"><img loading=\"lazy\" decoding=\"async\" width=\"1024\" height=\"686\" src=\"http:\/\/insideamateurfussball-ffm.de\/wp-content\/uploads\/2024\/09\/erl3-1024x686.jpg\" alt=\"\" class=\"wp-image-20850\" srcset=\"https:\/\/insideamateurfussball-ffm.de\/wp-content\/uploads\/2024\/09\/erl3-1024x686.jpg 1024w, https:\/\/insideamateurfussball-ffm.de\/wp-content\/uploads\/2024\/09\/erl3-300x201.jpg 300w, https:\/\/insideamateurfussball-ffm.de\/wp-content\/uploads\/2024\/09\/erl3-768x514.jpg 768w, https:\/\/insideamateurfussball-ffm.de\/wp-content\/uploads\/2024\/09\/erl3.jpg 1181w\" sizes=\"auto, (max-width: 1024px) 100vw, 1024px\" \/><\/figure>\n\n\n\n<figure class=\"wp-block-image size-large\"><img loading=\"lazy\" decoding=\"async\" width=\"1024\" height=\"696\" src=\"http:\/\/insideamateurfussball-ffm.de\/wp-content\/uploads\/2024\/09\/erl4-1024x696.jpg\" alt=\"\" class=\"wp-image-20851\" srcset=\"https:\/\/insideamateurfussball-ffm.de\/wp-content\/uploads\/2024\/09\/erl4-1024x696.jpg 1024w, https:\/\/insideamateurfussball-ffm.de\/wp-content\/uploads\/2024\/09\/erl4-300x204.jpg 300w, https:\/\/insideamateurfussball-ffm.de\/wp-content\/uploads\/2024\/09\/erl4-768x522.jpg 768w, https:\/\/insideamateurfussball-ffm.de\/wp-content\/uploads\/2024\/09\/erl4.jpg 1181w\" sizes=\"auto, (max-width: 1024px) 100vw, 1024px\" \/><\/figure>\n\n\n\n<figure class=\"wp-block-image size-large\"><img loading=\"lazy\" decoding=\"async\" width=\"1024\" height=\"784\" src=\"http:\/\/insideamateurfussball-ffm.de\/wp-content\/uploads\/2024\/09\/erl6-1024x784.jpg\" alt=\"\" class=\"wp-image-20852\" srcset=\"https:\/\/insideamateurfussball-ffm.de\/wp-content\/uploads\/2024\/09\/erl6-1024x784.jpg 1024w, https:\/\/insideamateurfussball-ffm.de\/wp-content\/uploads\/2024\/09\/erl6-300x230.jpg 300w, https:\/\/insideamateurfussball-ffm.de\/wp-content\/uploads\/2024\/09\/erl6-768x588.jpg 768w, https:\/\/insideamateurfussball-ffm.de\/wp-content\/uploads\/2024\/09\/erl6.jpg 1181w\" sizes=\"auto, (max-width: 1024px) 100vw, 1024px\" \/><\/figure>\n\n\n\n<figure class=\"wp-block-image size-large\"><img loading=\"lazy\" decoding=\"async\" width=\"1024\" height=\"842\" src=\"http:\/\/insideamateurfussball-ffm.de\/wp-content\/uploads\/2024\/09\/erl7-1024x842.jpg\" alt=\"\" class=\"wp-image-20853\" srcset=\"https:\/\/insideamateurfussball-ffm.de\/wp-content\/uploads\/2024\/09\/erl7-1024x842.jpg 1024w, https:\/\/insideamateurfussball-ffm.de\/wp-content\/uploads\/2024\/09\/erl7-300x247.jpg 300w, https:\/\/insideamateurfussball-ffm.de\/wp-content\/uploads\/2024\/09\/erl7-768x631.jpg 768w, https:\/\/insideamateurfussball-ffm.de\/wp-content\/uploads\/2024\/09\/erl7.jpg 1181w\" sizes=\"auto, (max-width: 1024px) 100vw, 1024px\" \/><\/figure>\n\n\n\n<figure class=\"wp-block-image size-large\"><img loading=\"lazy\" decoding=\"async\" width=\"1024\" height=\"656\" src=\"http:\/\/insideamateurfussball-ffm.de\/wp-content\/uploads\/2024\/09\/erl8-1024x656.jpg\" alt=\"\" class=\"wp-image-20854\" srcset=\"https:\/\/insideamateurfussball-ffm.de\/wp-content\/uploads\/2024\/09\/erl8-1024x656.jpg 1024w, https:\/\/insideamateurfussball-ffm.de\/wp-content\/uploads\/2024\/09\/erl8-300x192.jpg 300w, https:\/\/insideamateurfussball-ffm.de\/wp-content\/uploads\/2024\/09\/erl8-768x492.jpg 768w, https:\/\/insideamateurfussball-ffm.de\/wp-content\/uploads\/2024\/09\/erl8.jpg 1228w\" sizes=\"auto, (max-width: 1024px) 100vw, 1024px\" \/><\/figure>\n\n\n\n<figure class=\"wp-block-image size-large\"><img loading=\"lazy\" decoding=\"async\" width=\"1024\" height=\"731\" src=\"http:\/\/insideamateurfussball-ffm.de\/wp-content\/uploads\/2024\/09\/erl9-1024x731.jpg\" alt=\"\" class=\"wp-image-20855\" srcset=\"https:\/\/insideamateurfussball-ffm.de\/wp-content\/uploads\/2024\/09\/erl9-1024x731.jpg 1024w, https:\/\/insideamateurfussball-ffm.de\/wp-content\/uploads\/2024\/09\/erl9-300x214.jpg 300w, https:\/\/insideamateurfussball-ffm.de\/wp-content\/uploads\/2024\/09\/erl9-768x548.jpg 768w, https:\/\/insideamateurfussball-ffm.de\/wp-content\/uploads\/2024\/09\/erl9.jpg 1181w\" sizes=\"auto, (max-width: 1024px) 100vw, 1024px\" \/><\/figure>\n\n\n\n<figure class=\"wp-block-image size-large\"><img loading=\"lazy\" decoding=\"async\" width=\"1024\" height=\"740\" src=\"http:\/\/insideamateurfussball-ffm.de\/wp-content\/uploads\/2024\/09\/erl11-1024x740.jpg\" alt=\"\" class=\"wp-image-20857\" srcset=\"https:\/\/insideamateurfussball-ffm.de\/wp-content\/uploads\/2024\/09\/erl11-1024x740.jpg 1024w, https:\/\/insideamateurfussball-ffm.de\/wp-content\/uploads\/2024\/09\/erl11-300x217.jpg 300w, https:\/\/insideamateurfussball-ffm.de\/wp-content\/uploads\/2024\/09\/erl11-768x555.jpg 768w, https:\/\/insideamateurfussball-ffm.de\/wp-content\/uploads\/2024\/09\/erl11.jpg 1181w\" sizes=\"auto, (max-width: 1024px) 100vw, 1024px\" \/><\/figure>\n","protected":false},"excerpt":{"rendered":"<p>RW Frankfurt zeigte am Sonntag eine starke Reaktion nach dem katastrophalen Spiel am Mittwoch bei der TS Ober-Roden, trotz 30-min\u00fctiger Unterzahl besiegte man den Absteiger aus der Hessenliga, den 1.FC 1906 Erlensee, mit 3:0. SG RW Frankfurt &#8211; 1.FC 1906 Erlensee 3:0 (1:0) RW-Trainer Ibo Cigdem sprach nach der Pleite am Mittwoch davon, \u201ewieder die [&hellip;]<\/p>\n","protected":false},"author":3,"featured_media":20856,"comment_status":"closed","ping_status":"open","sticky":true,"template":"","format":"standard","meta":{"footnotes":""},"categories":[10],"tags":[],"class_list":["post-20846","post","type-post","status-publish","format-standard","has-post-thumbnail","hentry","category-verbandsliga-sued"],"_links":{"self":[{"href":"https:\/\/insideamateurfussball-ffm.de\/index.php?rest_route=\/wp\/v2\/posts\/20846","targetHints":{"allow":["GET"]}}],"collection":[{"href":"https:\/\/insideamateurfussball-ffm.de\/index.php?rest_route=\/wp\/v2\/posts"}],"about":[{"href":"https:\/\/insideamateurfussball-ffm.de\/index.php?rest_route=\/wp\/v2\/types\/post"}],"author":[{"embeddable":true,"href":"https:\/\/insideamateurfussball-ffm.de\/index.php?rest_route=\/wp\/v2\/users\/3"}],"replies":[{"embeddable":true,"href":"https:\/\/insideamateurfussball-ffm.de\/index.php?rest_route=%2Fwp%2Fv2%2Fcomments&post=20846"}],"version-history":[{"count":2,"href":"https:\/\/insideamateurfussball-ffm.de\/index.php?rest_route=\/wp\/v2\/posts\/20846\/revisions"}],"predecessor-version":[{"id":20859,"href":"https:\/\/insideamateurfussball-ffm.de\/index.php?rest_route=\/wp\/v2\/posts\/20846\/revisions\/20859"}],"wp:featuredmedia":[{"embeddable":true,"href":"https:\/\/insideamateurfussball-ffm.de\/index.php?rest_route=\/wp\/v2\/media\/20856"}],"wp:attachment":[{"href":"https:\/\/insideamateurfussball-ffm.de\/index.php?rest_route=%2Fwp%2Fv2%2Fmedia&parent=20846"}],"wp:term":[{"taxonomy":"category","embeddable":true,"href":"https:\/\/insideamateurfussball-ffm.de\/index.php?rest_route=%2Fwp%2Fv2%2Fcategories&post=20846"},{"taxonomy":"post_tag","embeddable":true,"href":"https:\/\/insideamateurfussball-ffm.de\/index.php?rest_route=%2Fwp%2Fv2%2Ftags&post=20846"}],"curies":[{"name":"wp","href":"https:\/\/api.w.org\/{rel}","templated":true}]}}