{"id":20773,"date":"2024-09-06T21:18:49","date_gmt":"2024-09-06T19:18:49","guid":{"rendered":"https:\/\/insideamateurfussball-ffm.de\/?p=20773"},"modified":"2024-09-06T21:18:49","modified_gmt":"2024-09-06T19:18:49","slug":"bsc-gleicht-im-aufsteiger-duell-zweimal-aus","status":"publish","type":"post","link":"https:\/\/insideamateurfussball-ffm.de\/?p=20773","title":{"rendered":"BSC gleicht im Aufsteiger-Duell zweimal aus"},"content":{"rendered":"<h4>In einem weiteren Duell von Aufsteigern trennten sich die letztj\u00e4hrigen Meister der Kreisliga A Germania Enkheim und BSC Schwarz-Wei\u00df 19 mit 2:2 (1:0).<\/h4>\n<figure id=\"attachment_20774\" aria-describedby=\"caption-attachment-20774\" style=\"width: 1080px\" class=\"wp-caption alignnone\"><img loading=\"lazy\" decoding=\"async\" class=\"wp-image-20774 size-full\" src=\"http:\/\/insideamateurfussball-ffm.de\/wp-content\/uploads\/2024\/09\/enk-bsc.jpg\" alt=\"\" width=\"1080\" height=\"804\" srcset=\"https:\/\/insideamateurfussball-ffm.de\/wp-content\/uploads\/2024\/09\/enk-bsc.jpg 1080w, https:\/\/insideamateurfussball-ffm.de\/wp-content\/uploads\/2024\/09\/enk-bsc-300x223.jpg 300w, https:\/\/insideamateurfussball-ffm.de\/wp-content\/uploads\/2024\/09\/enk-bsc-1024x762.jpg 1024w, https:\/\/insideamateurfussball-ffm.de\/wp-content\/uploads\/2024\/09\/enk-bsc-768x572.jpg 768w\" sizes=\"auto, (max-width: 1080px) 100vw, 1080px\" \/><figcaption id=\"caption-attachment-20774\" class=\"wp-caption-text\">Szene aus dem Abendspiel Enkheim &#8211; BSC. Foto: JW.<\/figcaption><\/figure>\n<h4>FC Germania Enkheim &#8211; BSC Schwarz-Wei\u00df 19 2:2 (1:0)<\/h4>\n<p><img loading=\"lazy\" decoding=\"async\" class=\"alignnone size-full wp-image-1537\" src=\"http:\/\/insideamateurfussball-ffm.de\/wp-content\/uploads\/2022\/07\/Enkheim.jpg\" alt=\"\" width=\"63\" height=\"80\" \/><img loading=\"lazy\" decoding=\"async\" class=\"alignnone size-full wp-image-285\" src=\"http:\/\/insideamateurfussball-ffm.de\/wp-content\/uploads\/2022\/05\/BSC-19.jpg\" alt=\"\" width=\"80\" height=\"61\" \/><\/p>\n<p>Enkheims Sportvorstand Ali \u00d6zer lobte den Mitaufsteiger: &#8222;Das war unser bester Gegner bis jetzt. Es war auch ein Spiel auf sehr hohem Niveau.&#8220; Die erste Halbzeit hatte er Enkheim am Dr\u00fccker gesehen, nach dem Seitenwechsel gehe auf jeden Fall an den BSC.<\/p>\n<p>Die Punkte seien &#8222;gerecht verteilt, das Unentschieden geht v\u00f6llig in Ordnung in einem sehr intensiven Spiel. BSC 19 hat einen sehr guten Auftritt gehabt, sehr offensivstark.&#8220;<\/p>\n<blockquote>\n<h4>Kahsay trifft zweimal f\u00fcr den BSC 19<\/h4>\n<\/blockquote>\n<p>Nach der 1:0-F\u00fchrung durch Canluca Leo (10.) h\u00e4tte Enkheim &#8222;das eine oder andere Tor mehr machen m\u00fcssen. Ansonsten war die Torchancenverteilung gleichm\u00e4\u00dfig und zu guter letzt sind beide Mannschaften mit einem Punkt zufrieden vom Platz gegangen&#8220;, konstatierte \u00d6zer.<\/p>\n<p>Die G\u00e4ste hatten mit Sebhat Kahsay ausgeglichen (57.). Nach dem 2:1 der Enkheimer durch Nurullah Bulut (62.), traf Kahsay ein zweites Mal zum 2:2 (72.). Weiter geht es am Sonntag so: Union Niederrad &#8211; BSC SW 19, Germania Enkheim spielfrei.<\/p>\n<blockquote>\n<h4>Schiedsrichter: Justus Bechtold (SV Melitia Roth). Zuschauer: 110.<\/h4>\n<h4>Tore: 1:0 Canluca Leo (10.), 1:1 Sebhat Kahsay (57.), 2:1 Nurullah Bulut (62.), 2:2 Sebhat Kahsay (72.).<\/h4>\n<\/blockquote>\n","protected":false},"excerpt":{"rendered":"<p>In einem weiteren Duell von Aufsteigern trennten sich die letztj\u00e4hrigen Meister der Kreisliga A Germania Enkheim und BSC Schwarz-Wei\u00df 19 mit 2:2 (1:0). FC Germania Enkheim &#8211; BSC Schwarz-Wei\u00df 19 2:2 (1:0) Enkheims Sportvorstand Ali \u00d6zer lobte den Mitaufsteiger: &#8222;Das war unser bester Gegner bis jetzt. Es war auch ein Spiel auf sehr hohem Niveau.&#8220; [&hellip;]<\/p>\n","protected":false},"author":1,"featured_media":20774,"comment_status":"closed","ping_status":"closed","sticky":true,"template":"","format":"standard","meta":{"footnotes":""},"categories":[2],"tags":[],"class_list":["post-20773","post","type-post","status-publish","format-standard","has-post-thumbnail","hentry","category-kreisoberliga-frankfurt"],"_links":{"self":[{"href":"https:\/\/insideamateurfussball-ffm.de\/index.php?rest_route=\/wp\/v2\/posts\/20773","targetHints":{"allow":["GET"]}}],"collection":[{"href":"https:\/\/insideamateurfussball-ffm.de\/index.php?rest_route=\/wp\/v2\/posts"}],"about":[{"href":"https:\/\/insideamateurfussball-ffm.de\/index.php?rest_route=\/wp\/v2\/types\/post"}],"author":[{"embeddable":true,"href":"https:\/\/insideamateurfussball-ffm.de\/index.php?rest_route=\/wp\/v2\/users\/1"}],"replies":[{"embeddable":true,"href":"https:\/\/insideamateurfussball-ffm.de\/index.php?rest_route=%2Fwp%2Fv2%2Fcomments&post=20773"}],"version-history":[{"count":1,"href":"https:\/\/insideamateurfussball-ffm.de\/index.php?rest_route=\/wp\/v2\/posts\/20773\/revisions"}],"predecessor-version":[{"id":20775,"href":"https:\/\/insideamateurfussball-ffm.de\/index.php?rest_route=\/wp\/v2\/posts\/20773\/revisions\/20775"}],"wp:featuredmedia":[{"embeddable":true,"href":"https:\/\/insideamateurfussball-ffm.de\/index.php?rest_route=\/wp\/v2\/media\/20774"}],"wp:attachment":[{"href":"https:\/\/insideamateurfussball-ffm.de\/index.php?rest_route=%2Fwp%2Fv2%2Fmedia&parent=20773"}],"wp:term":[{"taxonomy":"category","embeddable":true,"href":"https:\/\/insideamateurfussball-ffm.de\/index.php?rest_route=%2Fwp%2Fv2%2Fcategories&post=20773"},{"taxonomy":"post_tag","embeddable":true,"href":"https:\/\/insideamateurfussball-ffm.de\/index.php?rest_route=%2Fwp%2Fv2%2Ftags&post=20773"}],"curies":[{"name":"wp","href":"https:\/\/api.w.org\/{rel}","templated":true}]}}