{"id":20770,"date":"2024-09-06T20:56:24","date_gmt":"2024-09-06T18:56:24","guid":{"rendered":"https:\/\/insideamateurfussball-ffm.de\/?p=20770"},"modified":"2024-09-06T20:56:24","modified_gmt":"2024-09-06T18:56:24","slug":"union-niederrad-bringt-43-ueber-die-zeit","status":"publish","type":"post","link":"https:\/\/insideamateurfussball-ffm.de\/?p=20770","title":{"rendered":"Union Niederrad bringt 4:3 \u00fcber die Zeit"},"content":{"rendered":"<h4>Der SV 07 Heddernheim unterlag Union Niederrad mit 3:4 (1:4), weil die Gr\u00fcn-Wei\u00dfen sich trotz fr\u00fcher F\u00fchrung durch eklatante Abwehrfehler in die Bredouille brachten und trotz ansprechender zweiter H\u00e4lfte und einem gut aufgelegten Torj\u00e4ger Marcus Kreckel den zu hohen R\u00fcckstand nicht mehr aufholen konnten.<\/h4>\n<figure id=\"attachment_20771\" aria-describedby=\"caption-attachment-20771\" style=\"width: 1600px\" class=\"wp-caption alignnone\"><img loading=\"lazy\" decoding=\"async\" class=\"wp-image-20771 size-full\" src=\"http:\/\/insideamateurfussball-ffm.de\/wp-content\/uploads\/2024\/09\/Union-Frt.jpg\" alt=\"\" width=\"1600\" height=\"1200\" srcset=\"https:\/\/insideamateurfussball-ffm.de\/wp-content\/uploads\/2024\/09\/Union-Frt.jpg 1600w, https:\/\/insideamateurfussball-ffm.de\/wp-content\/uploads\/2024\/09\/Union-Frt-300x225.jpg 300w, https:\/\/insideamateurfussball-ffm.de\/wp-content\/uploads\/2024\/09\/Union-Frt-1024x768.jpg 1024w, https:\/\/insideamateurfussball-ffm.de\/wp-content\/uploads\/2024\/09\/Union-Frt-768x576.jpg 768w, https:\/\/insideamateurfussball-ffm.de\/wp-content\/uploads\/2024\/09\/Union-Frt-1536x1152.jpg 1536w\" sizes=\"auto, (max-width: 1600px) 100vw, 1600px\" \/><figcaption id=\"caption-attachment-20771\" class=\"wp-caption-text\">Union Niederrad jubelte \u00fcber den Ausw\u00e4rtssieg. Foto: Einsendung Verein.<\/figcaption><\/figure>\n<h4>SV 07 Heddernheim &#8211; FC Union Niederrad 3:4 (1:4)<\/h4>\n<p><img loading=\"lazy\" decoding=\"async\" class=\"alignnone size-full wp-image-302\" src=\"http:\/\/insideamateurfussball-ffm.de\/wp-content\/uploads\/2022\/05\/1sv07_news2_4511-1.jpg\" alt=\"\" width=\"80\" height=\"80\" \/><img loading=\"lazy\" decoding=\"async\" class=\"alignnone size-full wp-image-38\" src=\"http:\/\/insideamateurfussball-ffm.de\/wp-content\/uploads\/2021\/11\/Union-Niederrad.jpg\" alt=\"\" width=\"80\" height=\"80\" \/><\/p>\n<p>Die Partie begann f\u00fcr die Heddernheimer ohne die gesperrten Dogan Nazim Erbulan und Josh Haas so wie ein Heimspiel beginnen sollte. Die fr\u00fche F\u00fchrung nach einer Ecke von Deniz Yatci und einer Kopfballablage von Fabian Schubert zu Rojhat \u00dcg\u00fct, der zum 1:0 eink\u00f6pfte (5.). Die G\u00e4ste kamen erst nach einer Viertelstunde ins Spiel. Nach einer Ecke glich Paul J\u00e4hne aus dem Hinterhalt aus (15.). Nach einem weiteren Standard stand G\u00e4stest\u00fcrmer Emir Drino frei und traf zur F\u00fchrung der Niederr\u00e4der (24.). Und dann kamen die Heddernheimer auf die Idee, sich im eigenen Strafraum den Ball kurz zuzuspielen, der Ball ging verloren und Drino schob zum 3:1 ein (29.). In dieser Phase verteidigten die Gastgeber weiter fatal und lie\u00dfen auch das 1:4 von Victor Ubri Baez zu (35.).<\/p>\n<p>Nach dem Seitenwechsel kam Oliver Solarz in den Heddernheimer Sturm, der SVH spielte mit drei Spitzen und es war auch was von Kreckel zu sehen, der die erste Chance am Tor vorbei setzte. Aber auch der Gast war noch da, traf mit Antonio Anic die Latte. Ab Minute 70 dr\u00fcckte Heddernheim, Kreckel verk\u00fcrzte (70.) und verwandelte auch den Foulelfmeter zum 3:4 (75.). Mit neun Treffern f\u00fchrt der St\u00fcrmer nun die Torj\u00e4gerliste an. Kurz darauf parierte Eihab Weninger im Tor der G\u00e4ste einen Kreckel-Freisto\u00df. Union wackelte nach dem Kopfball des eingewechselten Ayman Gasoos an den Pfosten (79.), \u00fcberstand aber die Nachspielzeit und feierte Saisonsieg Nummer vier.<\/p>\n<blockquote>\n<h4>&#8222;Zweite Halbzeit haben wir alles probiert, kommen auf 3:4 heran und hatten einen Pfostentreffer&#8220; (SVH-Trainer Andreas Berggold)<\/h4>\n<\/blockquote>\n<p>SVH-Trainer Andreas Berggold sagte: &#8222;Das Spiel hat sich mit der fr\u00fchen F\u00fchrung gut angef\u00fchlt, die n\u00e4chsten zehn Minuten waren wir gut drin. Dann konnten wir nichts entgegen setzen, da Union Niederrad in der ersten halben Stunde richtig stark gespielt hat. Wir haben keinen Zugriff auf die Leute bekommen, aber bei den Gegentoren wieder tatkr\u00e4ftig mitgeholfen. Zweite Halbzeit haben wir alles probiert, kommen auf 3:4 heran und hatten einen Pfostentreffer. Da sind wir leider nicht belohnt worden, denn wir haben das Spiel in der ersten Halbzeit verloren.&#8220; Kurz spielen im eigenen Strafraum, wodurch jetzt schon zwei Gegentore verschuldet wurden, sei nicht seine Anordnung: &#8222;Das muss man die Spieler fragen, warum man ein solches Risiko eingeht. Von mir haben sie es nicht. Ich sage immer, klare B\u00e4lle von hinten aus spielen, wenn nicht mal einen langen Ball. Keine Risikob\u00e4lle und schon gar nicht einen Mann anspielen, der einen Gegenspieler im R\u00fccken hat. Ich wei\u00df nicht, wie die Jungs auf solche Ideen kommen.&#8220;<\/p>\n<p>Union-Trainer Henrique Amaral befand: &#8222;Wir haben es unn\u00f6tig eng gemacht, weil wir ab der 70. Minute uns zwei Dinger eingeschenkt haben. Dann spielen wir zwei Situationen nicht schlau zu Ende. So geraten wir ins Wackeln, da Heddernheim super gek\u00e4mpft hat. Wir haben uns gegen den Ausgleich gewehrt. Aufgrund der ersten Halbzeit ist der Sieg verdient.&#8220; Weiter geht es am Sonntag so: Heddernheim erwartet im Derby den SV Viktoria Preu\u00dfen (15 Uhr). Union Niederrad spielt zeitgleich gegen Aufsteiger BSC SW 19.<\/p>\n<blockquote>\n<h4>Schiedsrichter: Peyman Abnos (SV Wiesbaden). Zuschauer: 80.<\/h4>\n<h4>Tore: 1:0 Rojhat \u00dcg\u00fct (5.), 1:1 Paul J\u00e4hne (15.), 1:2, 1:3 Emir Drino (24.\/29.), 1:4 Victor Ubri Baez (35.), 2:4, 3:4 Marcus Kreckel (70.\/75., Foulelfmeter).<\/h4>\n<\/blockquote>\n","protected":false},"excerpt":{"rendered":"<p>Der SV 07 Heddernheim unterlag Union Niederrad mit 3:4 (1:4), weil die Gr\u00fcn-Wei\u00dfen sich trotz fr\u00fcher F\u00fchrung durch eklatante Abwehrfehler in die Bredouille brachten und trotz ansprechender zweiter H\u00e4lfte und einem gut aufgelegten Torj\u00e4ger Marcus Kreckel den zu hohen R\u00fcckstand nicht mehr aufholen konnten. SV 07 Heddernheim &#8211; FC Union Niederrad 3:4 (1:4) Die Partie [&hellip;]<\/p>\n","protected":false},"author":1,"featured_media":20771,"comment_status":"closed","ping_status":"closed","sticky":true,"template":"","format":"standard","meta":{"footnotes":""},"categories":[2],"tags":[],"class_list":["post-20770","post","type-post","status-publish","format-standard","has-post-thumbnail","hentry","category-kreisoberliga-frankfurt"],"_links":{"self":[{"href":"https:\/\/insideamateurfussball-ffm.de\/index.php?rest_route=\/wp\/v2\/posts\/20770","targetHints":{"allow":["GET"]}}],"collection":[{"href":"https:\/\/insideamateurfussball-ffm.de\/index.php?rest_route=\/wp\/v2\/posts"}],"about":[{"href":"https:\/\/insideamateurfussball-ffm.de\/index.php?rest_route=\/wp\/v2\/types\/post"}],"author":[{"embeddable":true,"href":"https:\/\/insideamateurfussball-ffm.de\/index.php?rest_route=\/wp\/v2\/users\/1"}],"replies":[{"embeddable":true,"href":"https:\/\/insideamateurfussball-ffm.de\/index.php?rest_route=%2Fwp%2Fv2%2Fcomments&post=20770"}],"version-history":[{"count":1,"href":"https:\/\/insideamateurfussball-ffm.de\/index.php?rest_route=\/wp\/v2\/posts\/20770\/revisions"}],"predecessor-version":[{"id":20772,"href":"https:\/\/insideamateurfussball-ffm.de\/index.php?rest_route=\/wp\/v2\/posts\/20770\/revisions\/20772"}],"wp:featuredmedia":[{"embeddable":true,"href":"https:\/\/insideamateurfussball-ffm.de\/index.php?rest_route=\/wp\/v2\/media\/20771"}],"wp:attachment":[{"href":"https:\/\/insideamateurfussball-ffm.de\/index.php?rest_route=%2Fwp%2Fv2%2Fmedia&parent=20770"}],"wp:term":[{"taxonomy":"category","embeddable":true,"href":"https:\/\/insideamateurfussball-ffm.de\/index.php?rest_route=%2Fwp%2Fv2%2Fcategories&post=20770"},{"taxonomy":"post_tag","embeddable":true,"href":"https:\/\/insideamateurfussball-ffm.de\/index.php?rest_route=%2Fwp%2Fv2%2Ftags&post=20770"}],"curies":[{"name":"wp","href":"https:\/\/api.w.org\/{rel}","templated":true}]}}