{"id":20743,"date":"2024-09-06T16:40:33","date_gmt":"2024-09-06T14:40:33","guid":{"rendered":"https:\/\/insideamateurfussball-ffm.de\/?p=20743"},"modified":"2024-09-06T19:55:48","modified_gmt":"2024-09-06T17:55:48","slug":"seckbach-weiter-erfolgreich-10-sieg-in-karben","status":"publish","type":"post","link":"https:\/\/insideamateurfussball-ffm.de\/?p=20743","title":{"rendered":"Seckbach weiter erfolgreich: 1:0-Sieg in Karben"},"content":{"rendered":"<h4>Nach dem Sieg in Neu-Anspach ist die FG Seckbach ausw\u00e4rts weiter erfolgreich, auch beim Spitzenreiter FC Karben war man mit 1:0 siegreich und setzte sich damit ins obere Mittelfeld ab.<\/h4>\n<figure id=\"attachment_20090\" aria-describedby=\"caption-attachment-20090\" style=\"width: 1307px\" class=\"wp-caption alignnone\"><img loading=\"lazy\" decoding=\"async\" class=\"wp-image-20090 size-full\" src=\"http:\/\/insideamateurfussball-ffm.de\/wp-content\/uploads\/2024\/07\/pok9.jpg\" alt=\"\" width=\"1307\" height=\"945\" srcset=\"https:\/\/insideamateurfussball-ffm.de\/wp-content\/uploads\/2024\/07\/pok9.jpg 1307w, https:\/\/insideamateurfussball-ffm.de\/wp-content\/uploads\/2024\/07\/pok9-300x217.jpg 300w, https:\/\/insideamateurfussball-ffm.de\/wp-content\/uploads\/2024\/07\/pok9-1024x740.jpg 1024w, https:\/\/insideamateurfussball-ffm.de\/wp-content\/uploads\/2024\/07\/pok9-768x555.jpg 768w\" sizes=\"auto, (max-width: 1307px) 100vw, 1307px\" \/><figcaption id=\"caption-attachment-20090\" class=\"wp-caption-text\">Die Seckbacher konnten erneut einen Ausw\u00e4rtssieg bejubeln (hier Foto aus der 1.Runde im Kreispokal). Foto: Archiv Mithat G\u00fcrser<\/figcaption><\/figure>\n<h4>FC Karben &#8211; FG Seckbach 0:1 (0:1)<\/h4>\n<p><img loading=\"lazy\" decoding=\"async\" class=\"alignnone size-full wp-image-2525\" src=\"http:\/\/insideamateurfussball-ffm.de\/wp-content\/uploads\/2022\/09\/karben.jpg\" alt=\"\" width=\"65\" height=\"80\" \/><img loading=\"lazy\" decoding=\"async\" class=\"alignnone size-full wp-image-544\" src=\"http:\/\/insideamateurfussball-ffm.de\/wp-content\/uploads\/2022\/06\/Seckbach.jpg\" alt=\"\" width=\"80\" height=\"80\" \/><\/p>\n<p>Die Saison begann f\u00fcr die FG Seckbach nicht erfolgreich, nach zwei Unentschieden zu Beginn kam man in Kalbach mit 3:10 unter die R\u00e4der. In den zwei Wochen danach konnte man den Start aufgrund des spielfreien Wochenendes aufarbeiten, aus der Pause heraus kamen die Seckbacher mit neuem Mut und zwei 1:0-Ausw\u00e4rtssiegen bei bis dahin verlustpunktfreien Gegnern. Nach dem Sieg in Neu-Anspach st\u00fcrzte man nun den FC Karben von der Tabellenspitze und verhalf damit dem FC Kalbach zum Tabellenthron, Seckbach hat zumindest schon gegen die derzeitigen Top 3 gespielt.<\/p>\n<p>Die Vorgehensweise in Karben glich der wie vergangene Woche in Neu-Anspach, man wollte auf jeden Fall in der Abwehr kompakt stehen. Hilfreich war auch die fr\u00fche F\u00fchrung in der 4.Minute, die Florian Schuberth f\u00fcr die G\u00e4ste das 1:0 herausschoss.\u00a0 Die Seckbacher hatten wenige Ballverluste und lie\u00dfen in der Defensive kaum etwas zu, Spielertrainer Manuel May sagte: \u201eKarben hatte im ganzen Spiel nur drei gef\u00e4hrliche Szenen, nach einer Ecke, in einer 1:1-Situation gegen den Torh\u00fcter und durch einen Distanzschuss\u201c. In die Karten spielte den Seckbachern auch diesmal, dass sich der Gegner selbst schw\u00e4chte, kurz nach der Pause in der 48.Minute erhielt Karbens Paul Pucher die gelb-rote Karte.<\/p>\n<p>Manuel May weiter: \u201ewir haben den Sack leider nicht fr\u00fchzeitig zugemacht, ich bin aber stolz auf die Jungs. Sie haben sich den Sieg richtig verdient, das hebt nat\u00fcrlich auch die Stimmung in der Mannschaft und im Umfeld.\u201c \u00a0Am kommenden Sonntag empf\u00e4ngt Seckbach den FSV Friedrichsdorf, eine Mannschaft, die einen Punkt hinter Seckbach in der Tabelle steht.<\/p>\n<h4>Schiedsrichter: Leon Walther (TSV Heusenstamm). Zuschauer: 100.<\/h4>\n<h4>Tore: 0:1 Florian Schuberth (4.)<\/h4>\n","protected":false},"excerpt":{"rendered":"<p>Nach dem Sieg in Neu-Anspach ist die FG Seckbach ausw\u00e4rts weiter erfolgreich, auch beim Spitzenreiter FC Karben war man mit 1:0 siegreich und setzte sich damit ins obere Mittelfeld ab. FC Karben &#8211; FG Seckbach 0:1 (0:1) Die Saison begann f\u00fcr die FG Seckbach nicht erfolgreich, nach zwei Unentschieden zu Beginn kam man in Kalbach [&hellip;]<\/p>\n","protected":false},"author":3,"featured_media":20090,"comment_status":"open","ping_status":"open","sticky":true,"template":"","format":"standard","meta":{"footnotes":""},"categories":[13],"tags":[],"class_list":["post-20743","post","type-post","status-publish","format-standard","has-post-thumbnail","hentry","category-gruppenliga-frankfurt-west"],"_links":{"self":[{"href":"https:\/\/insideamateurfussball-ffm.de\/index.php?rest_route=\/wp\/v2\/posts\/20743","targetHints":{"allow":["GET"]}}],"collection":[{"href":"https:\/\/insideamateurfussball-ffm.de\/index.php?rest_route=\/wp\/v2\/posts"}],"about":[{"href":"https:\/\/insideamateurfussball-ffm.de\/index.php?rest_route=\/wp\/v2\/types\/post"}],"author":[{"embeddable":true,"href":"https:\/\/insideamateurfussball-ffm.de\/index.php?rest_route=\/wp\/v2\/users\/3"}],"replies":[{"embeddable":true,"href":"https:\/\/insideamateurfussball-ffm.de\/index.php?rest_route=%2Fwp%2Fv2%2Fcomments&post=20743"}],"version-history":[{"count":2,"href":"https:\/\/insideamateurfussball-ffm.de\/index.php?rest_route=\/wp\/v2\/posts\/20743\/revisions"}],"predecessor-version":[{"id":20745,"href":"https:\/\/insideamateurfussball-ffm.de\/index.php?rest_route=\/wp\/v2\/posts\/20743\/revisions\/20745"}],"wp:featuredmedia":[{"embeddable":true,"href":"https:\/\/insideamateurfussball-ffm.de\/index.php?rest_route=\/wp\/v2\/media\/20090"}],"wp:attachment":[{"href":"https:\/\/insideamateurfussball-ffm.de\/index.php?rest_route=%2Fwp%2Fv2%2Fmedia&parent=20743"}],"wp:term":[{"taxonomy":"category","embeddable":true,"href":"https:\/\/insideamateurfussball-ffm.de\/index.php?rest_route=%2Fwp%2Fv2%2Fcategories&post=20743"},{"taxonomy":"post_tag","embeddable":true,"href":"https:\/\/insideamateurfussball-ffm.de\/index.php?rest_route=%2Fwp%2Fv2%2Ftags&post=20743"}],"curies":[{"name":"wp","href":"https:\/\/api.w.org\/{rel}","templated":true}]}}