{"id":20729,"date":"2024-09-06T16:17:03","date_gmt":"2024-09-06T14:17:03","guid":{"rendered":"https:\/\/insideamateurfussball-ffm.de\/?p=20729"},"modified":"2024-09-06T18:19:34","modified_gmt":"2024-09-06T16:19:34","slug":"tempo-mit-comeback-22-nach-02","status":"publish","type":"post","link":"https:\/\/insideamateurfussball-ffm.de\/?p=20729","title":{"rendered":"Tempo mit Comeback: 2:2 nach 0:2"},"content":{"rendered":"<h4>Der FC Tempo konnte durch zwei Kopfballtore nach Ecken in den letzten 10 Minuten einen 0:2-R\u00fcckstand noch wettmachen und trennte sich am Ende der Partie gegen die Spvgg. 05 Oberrad mit einem 2:2.<\/h4>\n<figure id=\"attachment_20735\" aria-describedby=\"caption-attachment-20735\" style=\"width: 640px\" class=\"wp-caption alignnone\"><img loading=\"lazy\" decoding=\"async\" class=\"wp-image-20735 size-full\" src=\"http:\/\/insideamateurfussball-ffm.de\/wp-content\/uploads\/2024\/09\/tempooberrad14.jpg\" alt=\"\" width=\"640\" height=\"480\" srcset=\"https:\/\/insideamateurfussball-ffm.de\/wp-content\/uploads\/2024\/09\/tempooberrad14.jpg 640w, https:\/\/insideamateurfussball-ffm.de\/wp-content\/uploads\/2024\/09\/tempooberrad14-300x225.jpg 300w\" sizes=\"auto, (max-width: 640px) 100vw, 640px\" \/><figcaption id=\"caption-attachment-20735\" class=\"wp-caption-text\">Hier bejubeln die Spieler des FC Tempo den Ausgleich zum 2:2. Foto: MZ<\/figcaption><\/figure>\n<h4>FC Tempo &#8211; Spvgg. 05 Oberrad 2:2 (0:0)<\/h4>\n<p><img loading=\"lazy\" decoding=\"async\" class=\"alignnone size-full wp-image-31\" src=\"http:\/\/insideamateurfussball-ffm.de\/wp-content\/uploads\/2021\/11\/Tempo.jpg\" alt=\"\" width=\"80\" height=\"80\" \/><img loading=\"lazy\" decoding=\"async\" class=\"alignnone size-full wp-image-137\" src=\"http:\/\/insideamateurfussball-ffm.de\/wp-content\/uploads\/2022\/05\/Oberrad05.jpg\" alt=\"\" width=\"79\" height=\"80\" \/><\/p>\n<p>In der ersten H\u00e4lfte entwickelte sich zwischen dem FC Tempo und der Spvgg. 05 Oberrad ein Spiel, das mit einem Abtasten begann, wobei der Gastgeber in der ersten 45 Minuten offensiv die st\u00e4rkeren Momente hatte. Die gr\u00f6\u00dfte Chance der ersten Halbzeit hatten die Gastgeber in der 17.Minute, als ein St\u00fcrmer freistehend vor dem Tor Oberrads Torh\u00fcter Filip Stojilkovic zu einer Parade zwang. Einzige nennenswerte Szene der Oberr\u00e4der in der Offensive war ein Schuss aus 30 Metern, der knapp am oberen Toreck vorbeistrich, so blieb es in der chancenarmen ersten H\u00e4lfte beim 0:0.<\/p>\n<p>In der zweiten Halbzeit kam der FC Tempo besser aus der Kabine und hatte in der 51. und 52.Minute zwei Chancen durch Nikola Dokovic, doch beide Chancen konnte Torwart Stojilkovic zunichtemachen. Da Tor fiel dann in der 54.Minute auf der Gegenseite, Adrian Chao Alvarez wurde im Strafraum angespielt und konnte zum 1:0 f\u00fcr die G\u00e4ste einschie\u00dfen. In der 65. Minute schoss Ali Wardak aus guter Position ans Au\u00dfennetz, ehe in der 71.Minute ein langer Diagonalpass beim eingewechselten Alessio Ruben de Filippis landete, der den Ball annahm und zum 2:0 vollendete. Direkt im Gegensto\u00df die gro\u00dfe Chance zum Anschluss, doch nach einer Hereingabe von Goran Dokic konnte ein St\u00fcrmer den Ball nicht \u00fcber die Linie dr\u00fccken.<\/p>\n<h3>Sp\u00e4tes Comeback nach Ecken<\/h3>\n<p>Die Gastgeber gaben nicht auf und kamen in der 83.Minute durch einen Kopfball von Dokovic nach einer Ecke zum Anschlusstreffer, nur 3 Minuten sp\u00e4ter lie\u00df Torwart Stojilkovic nach einer weiteren Ecke den Ball durch seine H\u00e4nde rutschen und Dejan Matijevic erzielte den 2:2-Endstand. Die Oberr\u00e4der monierten nach dem Spiel, dass der Ball beim Ausgleich schon \u201e5 Meter hinter der Auslinie\u201c gewesen sein soll, Trainer Gabriel Bernstein zeigte sich erstaunt dar\u00fcber, dass man \u201ein einem Stadtderby einen 12-j\u00e4hrigen als Linienrichter einsetzen w\u00fcrde\u201c. Generell war Bernstein mit der Schiedsrichterleistung nicht einverstanden: \u201ewenn man so viele gelbe Karten zeigt, dann hat man kein gutes Spiel gemacht. Es wurde von Minute zu Minute hitziger, auch aufgrund der gelben Karten, weil sie teilweise auch unverst\u00e4ndlich waren. Ich glaube, jede Situation bei uns war gelb, jede dritte von denen war vielleicht gelb.\u201c Eine dieser vielen gelben Karten f\u00fchrte auch zum Platzverweis von Adrian Chao Alvarez, der mit der Ampelkarte in der 87.Minute den Platz verlassen musste.<\/p>\n<p>Weiter sagte er: \u201eich bin zufrieden, wie sich die Mannschaft heute pr\u00e4sentiert hat, wir hatten enorme Verluste zu verkraften mit Becker, Zimmer und Gama fehlten drei potenzielle Stammspieler in der Innenverteidigung und im Sturm, die durch ihre K\u00f6rpergr\u00f6\u00dfe wichtig gewesen w\u00e4ren, was man bei den zwei Gegentoren gesehen hat. Trotzdem haben wir es bis zu diesem Zeitpunkt gut verteidigt. Wir nehmen das Positive mit und haben gegen einen guten Gegner 2:2 gespielt, und bleiben weiterhin ungeschlagen. Den einzigen Vorwurf, den ich der Mannschaft machen kann, dass wir in die einzelnen Kontersituationen nicht pr\u00e4zise genug ausgespielt haben, um dann das 3:0 oder 4:0 zu machen.\u201c<\/p>\n<p>Tempos Vorstandsmitglied Dalibor Jaguzovic war am Ende zufrieden: \u201eAm Anfang war es ein offenes Spiel, aber wie das Spiel gelaufen ist, hat sich Tempo mehr Chancen herausgearbeitet und eine F\u00fchrung zur Halbzeit w\u00e4re verdient gewesen. In der zweiten Halbzeit war es wieder ein ausgeglichenes Spiel, und die Oberr\u00e4der haben nach zwei hundertprozentigen Chancen f\u00fcr Tempo, die ausgelassen wurden, das 1:0 gemacht, unmittelbar danach. Aber auch ohne gro\u00dfe Chancen herauszuspielen, hat Oberrad dann 2.0 gef\u00fchrt, aus meiner Sicht unverdient, weil wir die spielbestimmende Mannschaft waren. Was mich pers\u00f6nlich und alle Tempo-Zuschauer freut, dass die Mannschaft Moral gezeigt hat und nach einem 0:2 zur\u00fcckkam und noch mit 2:2 das Spiel beendet hat. Klar freuen wir uns \u00fcber den Punkt, wie er entstanden ist, aber auch die Trainer sind der Meinung, dass wir einen Sieg verdient h\u00e4tten.\u201c Jaguzovic selber lobte die gute Schiedsrichterleistung, der fr\u00fch mit gelben Karten f\u00fcr Klarheit auf dem Platz gesorgt hat.<\/p>\n<p>Am Wochenende empf\u00e4ngt der FC Tempo T\u00fcrkg\u00fcc\u00fc Frankfurt, w\u00e4hrend die Spvgg. 05 Oberrad zum starken Aufsteiger FC Kaichen reisen muss.<\/p>\n<h4>Schiedsrichter: Taner G\u00f6kcer (SKV B\u00fcttelborn). Zuschauer: 120.<\/h4>\n<h4>Tore: 0:1 Adrian Chao Alvarez (54.), 0:2 Alessio Ruben de Filippis (71.), 1:2 Nikola Dokovic (83.), 2:2 Dejan Matijevic (86.)<\/h4>\n\n\n<figure class=\"wp-block-image size-full\"><img loading=\"lazy\" decoding=\"async\" width=\"640\" height=\"480\" src=\"http:\/\/insideamateurfussball-ffm.de\/wp-content\/uploads\/2024\/09\/tempooberrad05.jpg\" alt=\"\" class=\"wp-image-20730\" srcset=\"https:\/\/insideamateurfussball-ffm.de\/wp-content\/uploads\/2024\/09\/tempooberrad05.jpg 640w, https:\/\/insideamateurfussball-ffm.de\/wp-content\/uploads\/2024\/09\/tempooberrad05-300x225.jpg 300w\" sizes=\"auto, (max-width: 640px) 100vw, 640px\" \/><\/figure>\n\n\n\n<figure class=\"wp-block-image size-full\"><img loading=\"lazy\" decoding=\"async\" width=\"640\" height=\"480\" src=\"http:\/\/insideamateurfussball-ffm.de\/wp-content\/uploads\/2024\/09\/tempooberrad06.jpg\" alt=\"\" class=\"wp-image-20731\" srcset=\"https:\/\/insideamateurfussball-ffm.de\/wp-content\/uploads\/2024\/09\/tempooberrad06.jpg 640w, https:\/\/insideamateurfussball-ffm.de\/wp-content\/uploads\/2024\/09\/tempooberrad06-300x225.jpg 300w\" sizes=\"auto, (max-width: 640px) 100vw, 640px\" \/><\/figure>\n\n\n\n<figure class=\"wp-block-image size-full\"><img loading=\"lazy\" decoding=\"async\" width=\"640\" height=\"480\" src=\"http:\/\/insideamateurfussball-ffm.de\/wp-content\/uploads\/2024\/09\/tempooberrad08.jpg\" alt=\"\" class=\"wp-image-20732\" srcset=\"https:\/\/insideamateurfussball-ffm.de\/wp-content\/uploads\/2024\/09\/tempooberrad08.jpg 640w, https:\/\/insideamateurfussball-ffm.de\/wp-content\/uploads\/2024\/09\/tempooberrad08-300x225.jpg 300w\" sizes=\"auto, (max-width: 640px) 100vw, 640px\" \/><\/figure>\n\n\n\n<figure class=\"wp-block-image size-full\"><img loading=\"lazy\" decoding=\"async\" width=\"640\" height=\"480\" src=\"http:\/\/insideamateurfussball-ffm.de\/wp-content\/uploads\/2024\/09\/tempooberrad11.jpg\" alt=\"\" class=\"wp-image-20733\" srcset=\"https:\/\/insideamateurfussball-ffm.de\/wp-content\/uploads\/2024\/09\/tempooberrad11.jpg 640w, https:\/\/insideamateurfussball-ffm.de\/wp-content\/uploads\/2024\/09\/tempooberrad11-300x225.jpg 300w\" sizes=\"auto, (max-width: 640px) 100vw, 640px\" \/><\/figure>\n\n\n\n<figure class=\"wp-block-image size-full\"><img loading=\"lazy\" decoding=\"async\" width=\"640\" height=\"480\" src=\"http:\/\/insideamateurfussball-ffm.de\/wp-content\/uploads\/2024\/09\/tempooberrad13.jpg\" alt=\"\" class=\"wp-image-20734\" srcset=\"https:\/\/insideamateurfussball-ffm.de\/wp-content\/uploads\/2024\/09\/tempooberrad13.jpg 640w, https:\/\/insideamateurfussball-ffm.de\/wp-content\/uploads\/2024\/09\/tempooberrad13-300x225.jpg 300w\" sizes=\"auto, (max-width: 640px) 100vw, 640px\" \/><\/figure>\n\n\n\n<figure class=\"wp-block-image size-full\"><img loading=\"lazy\" decoding=\"async\" width=\"640\" height=\"480\" src=\"http:\/\/insideamateurfussball-ffm.de\/wp-content\/uploads\/2024\/09\/tempooberrad17.jpg\" alt=\"\" class=\"wp-image-20736\" srcset=\"https:\/\/insideamateurfussball-ffm.de\/wp-content\/uploads\/2024\/09\/tempooberrad17.jpg 640w, https:\/\/insideamateurfussball-ffm.de\/wp-content\/uploads\/2024\/09\/tempooberrad17-300x225.jpg 300w\" sizes=\"auto, (max-width: 640px) 100vw, 640px\" \/><\/figure>\n","protected":false},"excerpt":{"rendered":"<p>Der FC Tempo konnte durch zwei Kopfballtore nach Ecken in den letzten 10 Minuten einen 0:2-R\u00fcckstand noch wettmachen und trennte sich am Ende der Partie gegen die Spvgg. 05 Oberrad mit einem 2:2. FC Tempo &#8211; Spvgg. 05 Oberrad 2:2 (0:0) In der ersten H\u00e4lfte entwickelte sich zwischen dem FC Tempo und der Spvgg. 05 [&hellip;]<\/p>\n","protected":false},"author":3,"featured_media":20735,"comment_status":"closed","ping_status":"open","sticky":true,"template":"","format":"standard","meta":{"footnotes":""},"categories":[13],"tags":[],"class_list":["post-20729","post","type-post","status-publish","format-standard","has-post-thumbnail","hentry","category-gruppenliga-frankfurt-west"],"_links":{"self":[{"href":"https:\/\/insideamateurfussball-ffm.de\/index.php?rest_route=\/wp\/v2\/posts\/20729","targetHints":{"allow":["GET"]}}],"collection":[{"href":"https:\/\/insideamateurfussball-ffm.de\/index.php?rest_route=\/wp\/v2\/posts"}],"about":[{"href":"https:\/\/insideamateurfussball-ffm.de\/index.php?rest_route=\/wp\/v2\/types\/post"}],"author":[{"embeddable":true,"href":"https:\/\/insideamateurfussball-ffm.de\/index.php?rest_route=\/wp\/v2\/users\/3"}],"replies":[{"embeddable":true,"href":"https:\/\/insideamateurfussball-ffm.de\/index.php?rest_route=%2Fwp%2Fv2%2Fcomments&post=20729"}],"version-history":[{"count":6,"href":"https:\/\/insideamateurfussball-ffm.de\/index.php?rest_route=\/wp\/v2\/posts\/20729\/revisions"}],"predecessor-version":[{"id":20748,"href":"https:\/\/insideamateurfussball-ffm.de\/index.php?rest_route=\/wp\/v2\/posts\/20729\/revisions\/20748"}],"wp:featuredmedia":[{"embeddable":true,"href":"https:\/\/insideamateurfussball-ffm.de\/index.php?rest_route=\/wp\/v2\/media\/20735"}],"wp:attachment":[{"href":"https:\/\/insideamateurfussball-ffm.de\/index.php?rest_route=%2Fwp%2Fv2%2Fmedia&parent=20729"}],"wp:term":[{"taxonomy":"category","embeddable":true,"href":"https:\/\/insideamateurfussball-ffm.de\/index.php?rest_route=%2Fwp%2Fv2%2Fcategories&post=20729"},{"taxonomy":"post_tag","embeddable":true,"href":"https:\/\/insideamateurfussball-ffm.de\/index.php?rest_route=%2Fwp%2Fv2%2Ftags&post=20729"}],"curies":[{"name":"wp","href":"https:\/\/api.w.org\/{rel}","templated":true}]}}