{"id":20722,"date":"2024-09-05T18:41:37","date_gmt":"2024-09-05T16:41:37","guid":{"rendered":"https:\/\/insideamateurfussball-ffm.de\/?p=20722"},"modified":"2024-09-06T19:27:49","modified_gmt":"2024-09-06T17:27:49","slug":"germania-94-besiegt-spitzenreiter-makkabi","status":"publish","type":"post","link":"https:\/\/insideamateurfussball-ffm.de\/?p=20722","title":{"rendered":"Germania 94 besiegt Spitzenreiter Makkabi"},"content":{"rendered":"<h4>Der VfL Germania 94 f\u00fcgte Tabellenf\u00fchrer TuS Makkabi die erste Niederlage der Saison zu. Trotz 0:2-R\u00fcckstand gingen die Gastgeber als 3:2-Sieger vom Platz und verk\u00fcrzten den R\u00fcckstand zum Tabellenersten auf vier Z\u00e4hler.<\/h4>\n<figure id=\"attachment_20749\" aria-describedby=\"caption-attachment-20749\" style=\"width: 1600px\" class=\"wp-caption alignnone\"><img loading=\"lazy\" decoding=\"async\" class=\"wp-image-20749 size-full\" src=\"http:\/\/insideamateurfussball-ffm.de\/wp-content\/uploads\/2024\/09\/ger-mak.jpg\" alt=\"\" width=\"1600\" height=\"1600\" srcset=\"https:\/\/insideamateurfussball-ffm.de\/wp-content\/uploads\/2024\/09\/ger-mak.jpg 1600w, https:\/\/insideamateurfussball-ffm.de\/wp-content\/uploads\/2024\/09\/ger-mak-300x300.jpg 300w, https:\/\/insideamateurfussball-ffm.de\/wp-content\/uploads\/2024\/09\/ger-mak-1024x1024.jpg 1024w, https:\/\/insideamateurfussball-ffm.de\/wp-content\/uploads\/2024\/09\/ger-mak-150x150.jpg 150w, https:\/\/insideamateurfussball-ffm.de\/wp-content\/uploads\/2024\/09\/ger-mak-768x768.jpg 768w, https:\/\/insideamateurfussball-ffm.de\/wp-content\/uploads\/2024\/09\/ger-mak-1536x1536.jpg 1536w\" sizes=\"auto, (max-width: 1600px) 100vw, 1600px\" \/><figcaption id=\"caption-attachment-20749\" class=\"wp-caption-text\">Germania-Akteur Okan G\u00f6t\u00fcrmen am Ball. Foto: Silvio Gie\u00dfler.<\/figcaption><\/figure>\n<h4>VfL Germania 94 &#8211; TuS Makkabi 3:2 (0:1)<\/h4>\n<p><img loading=\"lazy\" decoding=\"async\" class=\"alignnone size-full wp-image-508\" src=\"http:\/\/insideamateurfussball-ffm.de\/wp-content\/uploads\/2022\/05\/Germania-94.jpg\" alt=\"\" width=\"80\" height=\"80\" \/><img loading=\"lazy\" decoding=\"async\" class=\"alignnone size-full wp-image-90\" src=\"http:\/\/insideamateurfussball-ffm.de\/wp-content\/uploads\/2022\/05\/makkabi-neu.jpg\" alt=\"\" width=\"80\" height=\"80\" \/><\/p>\n<p>Germania-Trainer Siar Daudi hatte vor rund 120 Zuschauern am Mainwasen (&#8222;Gef\u00fchlt war die halbe Liga versammelt&#8220;) ein &#8222;hochklassiges Spiel auf hohem Niveau&#8220; gesehen. Trotz Chancenplus f\u00fcr die Gastgeber ging Makkabi per Foulelfmeter durch Malte Radoch mit 1:0 in die Kabinen (39.). Nach dem Seitenwechsel machten die Hausherren weiter Druck, aber G\u00e4stest\u00fcrmer Branislav Glamocanin erh\u00f6hte mit einem Lupfer auf 2:0 (56.), erhielt aber unmittelbar nach dem Anschlusstreffer durch Asmir Hajdarovic eine Zeitstrafe (65.).<\/p>\n<p>&#8222;Die F\u00fchrung Makkabis war schmeichelhaft. Wir haben Moral bewiesen und an uns geglaubt&#8220;, sagte Daudi. Sein Team kam kurz darauf mit Hajdarovic zum Ausgleich (76.), ehe die G\u00e4ste nach einer zweiten Zeitstrafe erneut in Unterzahl waren (84.). Das nutzte Germania aus, denn Kapit\u00e4n Sunny Sallan war zur Stelle und traf zum 3:2 (86.). &#8222;Makkabi hat das Spiel sehr hart gef\u00fchrt, wir haben uns in einem intensiven Spiel belohnt&#8220;, befand Daudi.<\/p>\n<blockquote>\n<h4>&#8222;Das Spiel ist in dem Moment gekippt, nach dem 2:2 bekamen wir noch eine Zeitstrafe plus drei Gelbe Karten auf einmal.&#8220; (Lasse Krakow aus dem Makkabi-Trainerteam)<\/h4>\n<\/blockquote>\n<p>Lasse Krakow aus dem Makkabi-Trainerteam bezeichnete die Niederlage als &#8222;unn\u00f6tig und bitter. Nach dem hochverdienten 2:0 hatten wir weitere unfassbare Torchancen. Durch eine gute Einzelaktion des Gegners kriegen wir das 2:1, dann bekommen wir eine Zeitstrafe beim Ansto\u00df, die kein Mensch versteht. Das Spiel ist in dem Moment gekippt, nach dem 2:2 bekamen wir noch eine Zeitstrafe plus drei Gelbe Karten auf einmal. Das war leider eine bodenlose Schiedsrichterleistung&#8220;, kritisierte Krakow.<\/p>\n<p>Er hatte ein Spiel &#8222;auf sehr gutem KOL-Niveau&#8220; gesehen. &#8222;Da haben zwei Topmannschaften gegeneinander gespielt, nur der Schiri war Kreisklasse&#8220;, so Krakow, der die fehlende Nachspielzeit monierte. &#8222;Das war sehr hart f\u00fcr uns, wir m\u00fcssen die Niederlage annehmen. Es war klar, dass wir nicht 32 Spiele gewinnen w\u00fcrden&#8220;, sagte Krakow. Am Sonntag geht es f\u00fcr beide Teams mit Heimspielen weiter: Germania 94 erwartet den FC Croatia um 15.30 Uhr. Makkabi spielt gegen die Reserve von Bornheim\/Gr\u00fcn-Wei\u00df um 15 Uhr.<\/p>\n<h4>Schiedsrichter: Maik Abyaneh (Spvgg. 03 Fechenheim). Zuschauer: 80.<\/h4>\n<h4>Tore: 0:1 Malte Radoch (39.), 0:2 Branislav Glamocanin (56.), 1:2, 2:2 Asmir Hajdarovic (65.\/76.), 3:2 Sunny Sallan (86.).<\/h4>\n","protected":false},"excerpt":{"rendered":"<p>Der VfL Germania 94 f\u00fcgte Tabellenf\u00fchrer TuS Makkabi die erste Niederlage der Saison zu. Trotz 0:2-R\u00fcckstand gingen die Gastgeber als 3:2-Sieger vom Platz und verk\u00fcrzten den R\u00fcckstand zum Tabellenersten auf vier Z\u00e4hler. VfL Germania 94 &#8211; TuS Makkabi 3:2 (0:1) Germania-Trainer Siar Daudi hatte vor rund 120 Zuschauern am Mainwasen (&#8222;Gef\u00fchlt war die halbe Liga [&hellip;]<\/p>\n","protected":false},"author":1,"featured_media":20749,"comment_status":"closed","ping_status":"closed","sticky":true,"template":"","format":"standard","meta":{"footnotes":""},"categories":[2],"tags":[],"class_list":["post-20722","post","type-post","status-publish","format-standard","has-post-thumbnail","hentry","category-kreisoberliga-frankfurt"],"_links":{"self":[{"href":"https:\/\/insideamateurfussball-ffm.de\/index.php?rest_route=\/wp\/v2\/posts\/20722","targetHints":{"allow":["GET"]}}],"collection":[{"href":"https:\/\/insideamateurfussball-ffm.de\/index.php?rest_route=\/wp\/v2\/posts"}],"about":[{"href":"https:\/\/insideamateurfussball-ffm.de\/index.php?rest_route=\/wp\/v2\/types\/post"}],"author":[{"embeddable":true,"href":"https:\/\/insideamateurfussball-ffm.de\/index.php?rest_route=\/wp\/v2\/users\/1"}],"replies":[{"embeddable":true,"href":"https:\/\/insideamateurfussball-ffm.de\/index.php?rest_route=%2Fwp%2Fv2%2Fcomments&post=20722"}],"version-history":[{"count":4,"href":"https:\/\/insideamateurfussball-ffm.de\/index.php?rest_route=\/wp\/v2\/posts\/20722\/revisions"}],"predecessor-version":[{"id":20751,"href":"https:\/\/insideamateurfussball-ffm.de\/index.php?rest_route=\/wp\/v2\/posts\/20722\/revisions\/20751"}],"wp:featuredmedia":[{"embeddable":true,"href":"https:\/\/insideamateurfussball-ffm.de\/index.php?rest_route=\/wp\/v2\/media\/20749"}],"wp:attachment":[{"href":"https:\/\/insideamateurfussball-ffm.de\/index.php?rest_route=%2Fwp%2Fv2%2Fmedia&parent=20722"}],"wp:term":[{"taxonomy":"category","embeddable":true,"href":"https:\/\/insideamateurfussball-ffm.de\/index.php?rest_route=%2Fwp%2Fv2%2Fcategories&post=20722"},{"taxonomy":"post_tag","embeddable":true,"href":"https:\/\/insideamateurfussball-ffm.de\/index.php?rest_route=%2Fwp%2Fv2%2Ftags&post=20722"}],"curies":[{"name":"wp","href":"https:\/\/api.w.org\/{rel}","templated":true}]}}