{"id":20717,"date":"2024-09-05T11:28:54","date_gmt":"2024-09-05T09:28:54","guid":{"rendered":"https:\/\/insideamateurfussball-ffm.de\/?p=20717"},"modified":"2024-09-05T11:28:54","modified_gmt":"2024-09-05T09:28:54","slug":"spaete-niederlage-fuer-fechenheim","status":"publish","type":"post","link":"https:\/\/insideamateurfussball-ffm.de\/?p=20717","title":{"rendered":"Sp\u00e4te Niederlage f\u00fcr Fechenheim"},"content":{"rendered":"<h4>Die Spvgg. 03 Fechenheim musste sich trotz zweimaliger F\u00fchrung beim FV Bad Vilbel mit 2:4 geschlagen geben, die beiden letzten Gegentore fielen erst in den letzten 10 Minuten, Fechenheim bleibt damit bei 7 Punkten aus 6 Spielen.<\/h4>\n<figure id=\"attachment_20697\" aria-describedby=\"caption-attachment-20697\" style=\"width: 2560px\" class=\"wp-caption alignnone\"><img loading=\"lazy\" decoding=\"async\" class=\"wp-image-20697 size-full\" src=\"http:\/\/insideamateurfussball-ffm.de\/wp-content\/uploads\/2024\/09\/20240904_212647-scaled.jpg\" alt=\"\" width=\"2560\" height=\"1920\" srcset=\"https:\/\/insideamateurfussball-ffm.de\/wp-content\/uploads\/2024\/09\/20240904_212647-scaled.jpg 2560w, https:\/\/insideamateurfussball-ffm.de\/wp-content\/uploads\/2024\/09\/20240904_212647-300x225.jpg 300w, https:\/\/insideamateurfussball-ffm.de\/wp-content\/uploads\/2024\/09\/20240904_212647-1024x768.jpg 1024w, https:\/\/insideamateurfussball-ffm.de\/wp-content\/uploads\/2024\/09\/20240904_212647-768x576.jpg 768w, https:\/\/insideamateurfussball-ffm.de\/wp-content\/uploads\/2024\/09\/20240904_212647-1536x1152.jpg 1536w, https:\/\/insideamateurfussball-ffm.de\/wp-content\/uploads\/2024\/09\/20240904_212647-2048x1536.jpg 2048w\" sizes=\"auto, (max-width: 2560px) 100vw, 2560px\" \/><figcaption id=\"caption-attachment-20697\" class=\"wp-caption-text\">Der FV Bad Vilbel konnte am Ende den zweiten Sieg in Folge feiern. Foto: Jan Werner<\/figcaption><\/figure>\n<h4>FV Bad Vilbel &#8211; Spvgg. 03 Fechenheim 4:2 (1:1)<\/h4>\n<p><img loading=\"lazy\" decoding=\"async\" class=\"alignnone size-full wp-image-146\" src=\"http:\/\/insideamateurfussball-ffm.de\/wp-content\/uploads\/2022\/05\/FV-Bad-Vilbel.jpg\" alt=\"\" width=\"80\" height=\"80\" \/><img loading=\"lazy\" decoding=\"async\" class=\"alignnone size-full wp-image-603\" src=\"http:\/\/insideamateurfussball-ffm.de\/wp-content\/uploads\/2022\/06\/Fech03.jpg\" alt=\"\" width=\"52\" height=\"80\" \/><\/p>\n<p>Da bei Fechenheim Interimstrainer Asghar Ali-Jaali in Urlaub weilte, \u00fcbernahm Torwarttrainer Pasquale Sciortino die Verantwortung an der Au\u00dfenlinie, unterst\u00fctzt wurde er vom angeschlagenen Kapit\u00e4n Ouassim Ouass, der anfangs auf der Bank sa\u00df. Ungeachtet der Situation kamen die G\u00e4ste der Spvgg. besser in die Partie und gingen nach 18 Minuten durch den 5.Saisontreffer von Yassin Chaouki in F\u00fchrung, die Malik Makey f\u00fcr den FV Bad Vilbel in der 36.Minute ausgleichen konnte.<\/p>\n<p>Kurz nach der Pause gingen die G\u00e4ste durch Murat Bulut erneut in F\u00fchrung (49.Minute), auch diese hielt nur kurz, denn Leonardo Dilema glich f\u00fcr die Gastgeber nur 4 Minuten sp\u00e4ter in der 53.Minute aus. Beide Mannschaften hatten danach noch einige Chancen, es war dann Lucas Bauer f\u00fcr den FV Bad Vilbel, der in der 85.Minute die Vorentscheidung mit dem 3:2 herbeif\u00fchrte. Fechenheim warf zwar noch einmal alles nach vorne, in der 5.Minute der Nachspielzeit erzielte dann Mikito Funase das 4:2 mit einem Treffer in das verwaiste gegnerische Tor, TW Armin Buchholz war mit nach vorne gegangen.<\/p>\n<p>Sciortino sagte nach dem Spiel: \u201edas Spiel war ziemlich ausgeglichen, beide Mannschaften h\u00e4tten gewinnen k\u00f6nnen, Bad Vilbel war am Ende effizienter\u201c. Beide Seiten sprachen von einem fairen Spiel, in dem der Schiedsrichter trotzdem 11 gelbe Karten, meistens wegen Reklamierens, \u00a0verteilte, Sciortino sprach von \u201eM\u00e4nnerfu\u00dfball\u201c. Am Ende der englischen Woche empf\u00e4ngt Fechenheim am Sonntag den Tabellenletzten 1.FC-TSG K\u00f6nigstein, der allerdings heute noch bei den Sportfreunden 04 antreten muss.<\/p>\n<h4>Schiedsrichter: Tim Deisenroth (DJK Sparta B\u00fcrgel). Zuschauer: 80.<\/h4>\n<h4>Tore: 0:1 Yassin Chaouki (18.), 1:1 Malik Makey (36.), 1:2 Murat Bulut (49.), 2:2 Leonardo Dilema (53.), 3:2 Luca Bauer (85.). 4:2 Mikito Funase (90.+5)<\/h4>\n\n\n<figure class=\"wp-block-image size-large\"><img loading=\"lazy\" decoding=\"async\" width=\"1024\" height=\"768\" src=\"http:\/\/insideamateurfussball-ffm.de\/wp-content\/uploads\/2024\/09\/20240904_193824-1024x768.jpg\" alt=\"\" class=\"wp-image-20715\" srcset=\"https:\/\/insideamateurfussball-ffm.de\/wp-content\/uploads\/2024\/09\/20240904_193824-1024x768.jpg 1024w, https:\/\/insideamateurfussball-ffm.de\/wp-content\/uploads\/2024\/09\/20240904_193824-300x225.jpg 300w, https:\/\/insideamateurfussball-ffm.de\/wp-content\/uploads\/2024\/09\/20240904_193824-768x576.jpg 768w, https:\/\/insideamateurfussball-ffm.de\/wp-content\/uploads\/2024\/09\/20240904_193824-1536x1152.jpg 1536w, https:\/\/insideamateurfussball-ffm.de\/wp-content\/uploads\/2024\/09\/20240904_193824-2048x1536.jpg 2048w\" sizes=\"auto, (max-width: 1024px) 100vw, 1024px\" \/><\/figure>\n\n\n\n<figure class=\"wp-block-image size-large\"><img loading=\"lazy\" decoding=\"async\" width=\"1024\" height=\"768\" src=\"http:\/\/insideamateurfussball-ffm.de\/wp-content\/uploads\/2024\/09\/20240904_211209-1024x768.jpg\" alt=\"\" class=\"wp-image-20698\" srcset=\"https:\/\/insideamateurfussball-ffm.de\/wp-content\/uploads\/2024\/09\/20240904_211209-1024x768.jpg 1024w, https:\/\/insideamateurfussball-ffm.de\/wp-content\/uploads\/2024\/09\/20240904_211209-300x225.jpg 300w, https:\/\/insideamateurfussball-ffm.de\/wp-content\/uploads\/2024\/09\/20240904_211209-768x576.jpg 768w, https:\/\/insideamateurfussball-ffm.de\/wp-content\/uploads\/2024\/09\/20240904_211209-1536x1152.jpg 1536w, https:\/\/insideamateurfussball-ffm.de\/wp-content\/uploads\/2024\/09\/20240904_211209-2048x1536.jpg 2048w\" sizes=\"auto, (max-width: 1024px) 100vw, 1024px\" \/><\/figure>\n\n\n\n<figure class=\"wp-block-image size-large\"><img loading=\"lazy\" decoding=\"async\" width=\"1024\" height=\"768\" src=\"http:\/\/insideamateurfussball-ffm.de\/wp-content\/uploads\/2024\/09\/20240904_204130-1024x768.jpg\" alt=\"\" class=\"wp-image-20716\" srcset=\"https:\/\/insideamateurfussball-ffm.de\/wp-content\/uploads\/2024\/09\/20240904_204130-1024x768.jpg 1024w, https:\/\/insideamateurfussball-ffm.de\/wp-content\/uploads\/2024\/09\/20240904_204130-300x225.jpg 300w, https:\/\/insideamateurfussball-ffm.de\/wp-content\/uploads\/2024\/09\/20240904_204130-768x576.jpg 768w, https:\/\/insideamateurfussball-ffm.de\/wp-content\/uploads\/2024\/09\/20240904_204130-1536x1152.jpg 1536w, https:\/\/insideamateurfussball-ffm.de\/wp-content\/uploads\/2024\/09\/20240904_204130-2048x1536.jpg 2048w\" sizes=\"auto, (max-width: 1024px) 100vw, 1024px\" \/><\/figure>\n","protected":false},"excerpt":{"rendered":"<p>Die Spvgg. 03 Fechenheim musste sich trotz zweimaliger F\u00fchrung beim FV Bad Vilbel mit 2:4 geschlagen geben, die beiden letzten Gegentore fielen erst in den letzten 10 Minuten, Fechenheim bleibt damit bei 7 Punkten aus 6 Spielen. FV Bad Vilbel &#8211; Spvgg. 03 Fechenheim 4:2 (1:1) Da bei Fechenheim Interimstrainer Asghar Ali-Jaali in Urlaub weilte, [&hellip;]<\/p>\n","protected":false},"author":3,"featured_media":20697,"comment_status":"closed","ping_status":"open","sticky":true,"template":"","format":"standard","meta":{"footnotes":""},"categories":[13],"tags":[],"class_list":["post-20717","post","type-post","status-publish","format-standard","has-post-thumbnail","hentry","category-gruppenliga-frankfurt-west"],"_links":{"self":[{"href":"https:\/\/insideamateurfussball-ffm.de\/index.php?rest_route=\/wp\/v2\/posts\/20717","targetHints":{"allow":["GET"]}}],"collection":[{"href":"https:\/\/insideamateurfussball-ffm.de\/index.php?rest_route=\/wp\/v2\/posts"}],"about":[{"href":"https:\/\/insideamateurfussball-ffm.de\/index.php?rest_route=\/wp\/v2\/types\/post"}],"author":[{"embeddable":true,"href":"https:\/\/insideamateurfussball-ffm.de\/index.php?rest_route=\/wp\/v2\/users\/3"}],"replies":[{"embeddable":true,"href":"https:\/\/insideamateurfussball-ffm.de\/index.php?rest_route=%2Fwp%2Fv2%2Fcomments&post=20717"}],"version-history":[{"count":2,"href":"https:\/\/insideamateurfussball-ffm.de\/index.php?rest_route=\/wp\/v2\/posts\/20717\/revisions"}],"predecessor-version":[{"id":20719,"href":"https:\/\/insideamateurfussball-ffm.de\/index.php?rest_route=\/wp\/v2\/posts\/20717\/revisions\/20719"}],"wp:featuredmedia":[{"embeddable":true,"href":"https:\/\/insideamateurfussball-ffm.de\/index.php?rest_route=\/wp\/v2\/media\/20697"}],"wp:attachment":[{"href":"https:\/\/insideamateurfussball-ffm.de\/index.php?rest_route=%2Fwp%2Fv2%2Fmedia&parent=20717"}],"wp:term":[{"taxonomy":"category","embeddable":true,"href":"https:\/\/insideamateurfussball-ffm.de\/index.php?rest_route=%2Fwp%2Fv2%2Fcategories&post=20717"},{"taxonomy":"post_tag","embeddable":true,"href":"https:\/\/insideamateurfussball-ffm.de\/index.php?rest_route=%2Fwp%2Fv2%2Ftags&post=20717"}],"curies":[{"name":"wp","href":"https:\/\/api.w.org\/{rel}","templated":true}]}}