{"id":20688,"date":"2024-09-03T23:18:41","date_gmt":"2024-09-03T21:18:41","guid":{"rendered":"https:\/\/insideamateurfussball-ffm.de\/?p=20688"},"modified":"2024-09-03T23:19:09","modified_gmt":"2024-09-03T21:19:09","slug":"kalbach-dreht-rueckstand-zum-sieg-bei-tuerkguecue","status":"publish","type":"post","link":"https:\/\/insideamateurfussball-ffm.de\/?p=20688","title":{"rendered":"Kalbach dreht R\u00fcckstand zum Sieg bei T\u00fcrkg\u00fcc\u00fc"},"content":{"rendered":"<h5><span style=\"font-size: 16px;\">Zum Auftakt der Englischen Woche in der Gruppenliga Frankfurt West unterlag Aufsteiger TSKV T\u00fcrkg\u00fcc\u00fc Frankfurt im innerst\u00e4dtischen Duell dem FC Kalbach mit 2:4 (2:1). Es war der Abend der Doppeltorsch\u00fctzen.<\/span><\/h5>\n<figure id=\"attachment_20689\" aria-describedby=\"caption-attachment-20689\" style=\"width: 650px\" class=\"wp-caption alignleft\"><img loading=\"lazy\" decoding=\"async\" class=\"wp-image-20689\" src=\"http:\/\/insideamateurfussball-ffm.de\/wp-content\/uploads\/2024\/09\/manni-m-1024x1024.jpg\" alt=\"\" width=\"650\" height=\"650\" srcset=\"https:\/\/insideamateurfussball-ffm.de\/wp-content\/uploads\/2024\/09\/manni-m-1024x1024.jpg 1024w, https:\/\/insideamateurfussball-ffm.de\/wp-content\/uploads\/2024\/09\/manni-m-300x300.jpg 300w, https:\/\/insideamateurfussball-ffm.de\/wp-content\/uploads\/2024\/09\/manni-m-150x150.jpg 150w, https:\/\/insideamateurfussball-ffm.de\/wp-content\/uploads\/2024\/09\/manni-m-768x768.jpg 768w, https:\/\/insideamateurfussball-ffm.de\/wp-content\/uploads\/2024\/09\/manni-m-1536x1536.jpg 1536w, https:\/\/insideamateurfussball-ffm.de\/wp-content\/uploads\/2024\/09\/manni-m.jpg 1600w\" sizes=\"auto, (max-width: 650px) 100vw, 650px\" \/><figcaption id=\"caption-attachment-20689\" class=\"wp-caption-text\">Manni Meyer steht Rede und Antwort, im Hintergrund jubelt der FC Kalbach. Foto: Silvio Gie\u00dfler.<\/figcaption><\/figure>\n<h5><strong><span style=\"font-size: 16px;\">TSKV T\u00fcrkg\u00fcc\u00fc Frankfurt &#8211; FC Kalbach 2:4 (2:1)<\/span><\/strong><\/h5>\n<p><img loading=\"lazy\" decoding=\"async\" class=\"alignnone size-full wp-image-17\" src=\"http:\/\/insideamateurfussball-ffm.de\/wp-content\/uploads\/2021\/11\/Tuerkguecue.jpg\" alt=\"\" width=\"72\" height=\"80\" \/><img loading=\"lazy\" decoding=\"async\" class=\"alignnone size-full wp-image-16\" src=\"http:\/\/insideamateurfussball-ffm.de\/wp-content\/uploads\/2021\/11\/kalbach-wappen.jpg\" alt=\"\" width=\"80\" height=\"80\" \/><\/p>\n<p><span style=\"font-size: 16px;\">Vor 155 Zuschauern auf dem Ausweichgel\u00e4nde am Rebstock ging T\u00fcrkg\u00fcc\u00fc mit einem Distanzschuss von Aleksandar Sasa Matovic in F\u00fchrung (20.). Im Gegenzug glich Kalbach postwendend nach einer Flanke von Aleksej Radulaski durch Moritz Uppenkamp aus (22.). <\/span><\/p>\n<p><span style=\"font-size: 16px;\">Wieder war es Matovic, der kurz vor der Pause den Neuling nach vorne brachte (39.).<\/span><\/p>\n<ul>\n<li><strong><span style=\"font-size: 16px;\">Gara Ali bringt Torj\u00e4gerqualit\u00e4ten doch noch ein<\/span><\/strong><\/li>\n<\/ul>\n<p><span style=\"font-size: 16px;\">Am linken Strafraumrand umkurvte der Angreifer Kalbachs Torh\u00fcter Fabian Lanthaler und schob ein. Nach dem Seitenwechsel sorgte der eingewechselte Ihab Suleiman f\u00fcr mehr Bewegung im Kalbacher Spiel. Nach einem Schuss an den Pfosten von Philipp Sieber k\u00f6pfte Suleiman an die Latte und den Abpraller verwertete Torj\u00e4ger Achraf Gara Ali, der an Ladehemmung zu leiden schien, zum 2:2 (56.). Nach einer guten Kombination war Uppenkamp mit einem Distanzschuss zur Stelle und es hie\u00df pl\u00f6tzlich 3:2 f\u00fcr Kalbach (58.). Uppenkamp traf dann erneut die Latte, ehe Gara Ali doch noch seine Torj\u00e4gerqualit\u00e4ten einbrachte (75.) und Kalbach zumindest bis Donnerstag an die Tabellenspitze schoss. <\/span><\/p>\n<p><span style=\"font-size: 16px;\">Die Gastgeber mussten am letzten Tag der Wechselperiode die Abg\u00e4nge von Ozan Keskin, Ali \u00dczer und Muhammed Idrisoglu hinnehmen. Das Trio ist \u00fcberraschend zu Ligakonkurrent T\u00fcrkischer SV Bad Nauheim gewechselt, wo jetzt Ex-Trainer Mehmet Somun das Zepter schwingt. T\u00fcrkg\u00fcc\u00fcs Co-Trainer Murtaza Taher lobte die Leistung: &#8222;Unsere Jungs haben eine Reaktion auf das 0:2 gegen Bad Vilbel gezeigt. Wir hatten viele gute Umschaltmomente, die wir verwerten konnten. Kalbach hat Druck gemacht und mehr individuelle Qualit\u00e4t.&#8220; Manfred Meyer aus der Sportlichen Leitung der G\u00e4ste hob hervor: &#8222;Wir haben T\u00fcrkg\u00fcc\u00fc ins Spiel kommen lassen und zwei Konter zugelassen. Allerdings hat man in der zweiten Halbzeit den Qualit\u00e4tsunterschied gesehen. Wir haben nicht gut gespielt, aber es hat gelangt.&#8220;<\/span><\/p>\n<ul>\n<li><strong><span style=\"font-size: 16px;\">Schiedsrichter: Paul-Ioan Barbu (SVG Steinheim).<\/span><\/strong><\/li>\n<li><strong><span style=\"font-size: 16px;\">Zuschauer: 155.\u00a0<\/span><\/strong><\/li>\n<li><strong><span style=\"font-size: 16px;\">Tore: 1:0 Aleksandar Sasa Matovic (20.), 1:1 Moritz Uppenkamp (22.), 2:1 Aleksandar Sasa Matovic (39.), 2:2 Achraf Gara Ali (56.), 2:3 Moritz Uppenkamp (58.), 2:4 Achraf Gara Ali (75.).<\/span><\/strong><\/li>\n<\/ul>\n","protected":false},"excerpt":{"rendered":"<p>Zum Auftakt der Englischen Woche in der Gruppenliga Frankfurt West unterlag Aufsteiger TSKV T\u00fcrkg\u00fcc\u00fc Frankfurt im innerst\u00e4dtischen Duell dem FC Kalbach mit 2:4 (2:1). Es war der Abend der Doppeltorsch\u00fctzen. TSKV T\u00fcrkg\u00fcc\u00fc Frankfurt &#8211; FC Kalbach 2:4 (2:1) Vor 155 Zuschauern auf dem Ausweichgel\u00e4nde am Rebstock ging T\u00fcrkg\u00fcc\u00fc mit einem Distanzschuss von Aleksandar Sasa Matovic [&hellip;]<\/p>\n","protected":false},"author":1,"featured_media":20689,"comment_status":"closed","ping_status":"closed","sticky":true,"template":"","format":"standard","meta":{"footnotes":""},"categories":[13],"tags":[],"class_list":["post-20688","post","type-post","status-publish","format-standard","has-post-thumbnail","hentry","category-gruppenliga-frankfurt-west"],"_links":{"self":[{"href":"https:\/\/insideamateurfussball-ffm.de\/index.php?rest_route=\/wp\/v2\/posts\/20688","targetHints":{"allow":["GET"]}}],"collection":[{"href":"https:\/\/insideamateurfussball-ffm.de\/index.php?rest_route=\/wp\/v2\/posts"}],"about":[{"href":"https:\/\/insideamateurfussball-ffm.de\/index.php?rest_route=\/wp\/v2\/types\/post"}],"author":[{"embeddable":true,"href":"https:\/\/insideamateurfussball-ffm.de\/index.php?rest_route=\/wp\/v2\/users\/1"}],"replies":[{"embeddable":true,"href":"https:\/\/insideamateurfussball-ffm.de\/index.php?rest_route=%2Fwp%2Fv2%2Fcomments&post=20688"}],"version-history":[{"count":2,"href":"https:\/\/insideamateurfussball-ffm.de\/index.php?rest_route=\/wp\/v2\/posts\/20688\/revisions"}],"predecessor-version":[{"id":20691,"href":"https:\/\/insideamateurfussball-ffm.de\/index.php?rest_route=\/wp\/v2\/posts\/20688\/revisions\/20691"}],"wp:featuredmedia":[{"embeddable":true,"href":"https:\/\/insideamateurfussball-ffm.de\/index.php?rest_route=\/wp\/v2\/media\/20689"}],"wp:attachment":[{"href":"https:\/\/insideamateurfussball-ffm.de\/index.php?rest_route=%2Fwp%2Fv2%2Fmedia&parent=20688"}],"wp:term":[{"taxonomy":"category","embeddable":true,"href":"https:\/\/insideamateurfussball-ffm.de\/index.php?rest_route=%2Fwp%2Fv2%2Fcategories&post=20688"},{"taxonomy":"post_tag","embeddable":true,"href":"https:\/\/insideamateurfussball-ffm.de\/index.php?rest_route=%2Fwp%2Fv2%2Ftags&post=20688"}],"curies":[{"name":"wp","href":"https:\/\/api.w.org\/{rel}","templated":true}]}}