{"id":20678,"date":"2024-09-03T16:41:58","date_gmt":"2024-09-03T14:41:58","guid":{"rendered":"https:\/\/insideamateurfussball-ffm.de\/?p=20678"},"modified":"2024-09-03T16:42:35","modified_gmt":"2024-09-03T14:42:35","slug":"enkheim-stuermt-mit-40-sieg-auf-rang-zwei","status":"publish","type":"post","link":"https:\/\/insideamateurfussball-ffm.de\/?p=20678","title":{"rendered":"Enkheim st\u00fcrmt mit 4:0-Sieg auf Rang zwei"},"content":{"rendered":"<h5><span style=\"font-size: 16px;\">Der SV Viktoria Preu\u00dfen ging vor heimischer Kulisse gegen Aufsteiger Germania Enkheim mit 0:4 unter und bleibt ohne Sieg. Die G\u00e4ste hingegen st\u00fcrmten nach dem zweiten 4:0-Ausw\u00e4rtssieg in Folge auf Rang zwei.\u00a0<\/span><\/h5>\n<figure id=\"attachment_19157\" aria-describedby=\"caption-attachment-19157\" style=\"width: 652px\" class=\"wp-caption alignleft\"><img loading=\"lazy\" decoding=\"async\" class=\"wp-image-19157\" src=\"http:\/\/insideamateurfussball-ffm.de\/wp-content\/uploads\/2024\/05\/Germania-Enkheim-1024x768.jpg\" alt=\"\" width=\"652\" height=\"489\" srcset=\"https:\/\/insideamateurfussball-ffm.de\/wp-content\/uploads\/2024\/05\/Germania-Enkheim-1024x768.jpg 1024w, https:\/\/insideamateurfussball-ffm.de\/wp-content\/uploads\/2024\/05\/Germania-Enkheim-300x225.jpg 300w, https:\/\/insideamateurfussball-ffm.de\/wp-content\/uploads\/2024\/05\/Germania-Enkheim-768x576.jpg 768w, https:\/\/insideamateurfussball-ffm.de\/wp-content\/uploads\/2024\/05\/Germania-Enkheim-1536x1152.jpg 1536w, https:\/\/insideamateurfussball-ffm.de\/wp-content\/uploads\/2024\/05\/Germania-Enkheim.jpg 2016w\" sizes=\"auto, (max-width: 652px) 100vw, 652px\" \/><figcaption id=\"caption-attachment-19157\" class=\"wp-caption-text\">Germania Enkheim sorgt in der KOL schon f\u00fcr Furore. Foto: Einsendung Verein.<\/figcaption><\/figure>\n<h5><strong><span style=\"font-size: 16px;\">SV Viktoria Preu\u00dfen &#8211; FC Germania Enkheim 0:4 (0:2)<\/span><\/strong><\/h5>\n<p><img loading=\"lazy\" decoding=\"async\" class=\"alignnone size-full wp-image-12\" src=\"http:\/\/insideamateurfussball-ffm.de\/wp-content\/uploads\/2021\/11\/preussen.jpg\" alt=\"\" width=\"72\" height=\"80\" \/><img loading=\"lazy\" decoding=\"async\" class=\"alignnone size-full wp-image-1748\" src=\"http:\/\/insideamateurfussball-ffm.de\/wp-content\/uploads\/2022\/07\/Enkheim-1.jpg\" alt=\"\" width=\"63\" height=\"80\" \/><\/p>\n<p><span style=\"font-size: 16px;\">Der Vizemeister der Vorsaison sp\u00fcrt immer mehr den Qualit\u00e4tsverlust durch den personellen Aderlass im Sommer. Der neue Trainer Cem Caput redete nach der klaren Niederlage Klartext: &#8222;Klar und deutlich verloren, auch die H\u00f6he passt. Die Einstellung der Mannschaft ist nicht ausreichend f\u00fcr die KOL. Grunds\u00e4tzlich gibt es nichts weiter \u00fcber das Spiel zu sagen. Mund abputzen und weiter arbeiten&#8220;, sagte Caput vor dem Heimspiel am Donnerstag gegen den FC Kosova (20 Uhr).<\/span><\/p>\n<ul>\n<li><strong><span style=\"font-size: 16px;\">&#8222;Bei hei\u00dfen Temperaturen war es von uns eine souver\u00e4ne Leistung&#8220; (Enkheims Trainer Steffen Wittig)<\/span><\/strong><\/li>\n<\/ul>\n<p><span style=\"font-size: 16px;\">Ayoub Azariohi (9.) und Finn Kraiker (19.) hatten fr\u00fch ein 2:0 f\u00fcr die Enkheimer vorgelegt. Nach dem Seitenwechsel erh\u00f6hten Azariohi (60.) und Canluca Leo (65.) f\u00fcr die gut aufgelegten G\u00e4ste. Enkheims Trainer Steffen Wittig war sehr zufrieden: &#8222;Wir hatten die Preu\u00dfen von Beginn an im Griff und haben das Spiel kontrolliert. Nach einer sch\u00f6nen herausgespielten Situation konnten wir in den ersten 20 Minuten in F\u00fchrung gehen. Bei hei\u00dfen Temperaturen war es von uns eine souver\u00e4ne Leistung. Wir haben das Spiel auch in der zweiten Halbzeit clever runter gespielt und mit zwei einfachen Kontern das Spiel entschieden.&#8220; <\/span><\/p>\n<p><span style=\"font-size: 16px;\">Vor dem Aufsteigerduell am Donnerstag gegen den BSC SW 19 k\u00f6nne man &#8222;mit elf Punkten aus f\u00fcnf Spielen aktuell sehr zufrieden sein.&#8220;\u00a0 <\/span><\/p>\n<ul>\n<li><span style=\"font-size: 16px;\"><strong>Schiedsrichter: Paul Wenzek (TSG Wixhausen). <\/strong><\/span><\/li>\n<li><span style=\"font-size: 16px;\"><strong>Zuschauer: 50. <\/strong><\/span><\/li>\n<li><span style=\"font-size: 16px;\"><strong>Tore: 0:1 Ayoub Azariohi (9.), 0:2 Finn Kraiker (19.), 0:3 Ayoub Azariohi (60.), 0:4 Canluca Leo (65.). <\/strong>\u00a0<\/span><\/li>\n<\/ul>\n","protected":false},"excerpt":{"rendered":"<p>Der SV Viktoria Preu\u00dfen ging vor heimischer Kulisse gegen Aufsteiger Germania Enkheim mit 0:4 unter und bleibt ohne Sieg. Die G\u00e4ste hingegen st\u00fcrmten nach dem zweiten 4:0-Ausw\u00e4rtssieg in Folge auf Rang zwei.\u00a0 SV Viktoria Preu\u00dfen &#8211; FC Germania Enkheim 0:4 (0:2) Der Vizemeister der Vorsaison sp\u00fcrt immer mehr den Qualit\u00e4tsverlust durch den personellen Aderlass im [&hellip;]<\/p>\n","protected":false},"author":1,"featured_media":19157,"comment_status":"closed","ping_status":"closed","sticky":true,"template":"","format":"standard","meta":{"footnotes":""},"categories":[2],"tags":[],"class_list":["post-20678","post","type-post","status-publish","format-standard","has-post-thumbnail","hentry","category-kreisoberliga-frankfurt"],"_links":{"self":[{"href":"https:\/\/insideamateurfussball-ffm.de\/index.php?rest_route=\/wp\/v2\/posts\/20678","targetHints":{"allow":["GET"]}}],"collection":[{"href":"https:\/\/insideamateurfussball-ffm.de\/index.php?rest_route=\/wp\/v2\/posts"}],"about":[{"href":"https:\/\/insideamateurfussball-ffm.de\/index.php?rest_route=\/wp\/v2\/types\/post"}],"author":[{"embeddable":true,"href":"https:\/\/insideamateurfussball-ffm.de\/index.php?rest_route=\/wp\/v2\/users\/1"}],"replies":[{"embeddable":true,"href":"https:\/\/insideamateurfussball-ffm.de\/index.php?rest_route=%2Fwp%2Fv2%2Fcomments&post=20678"}],"version-history":[{"count":2,"href":"https:\/\/insideamateurfussball-ffm.de\/index.php?rest_route=\/wp\/v2\/posts\/20678\/revisions"}],"predecessor-version":[{"id":20680,"href":"https:\/\/insideamateurfussball-ffm.de\/index.php?rest_route=\/wp\/v2\/posts\/20678\/revisions\/20680"}],"wp:featuredmedia":[{"embeddable":true,"href":"https:\/\/insideamateurfussball-ffm.de\/index.php?rest_route=\/wp\/v2\/media\/19157"}],"wp:attachment":[{"href":"https:\/\/insideamateurfussball-ffm.de\/index.php?rest_route=%2Fwp%2Fv2%2Fmedia&parent=20678"}],"wp:term":[{"taxonomy":"category","embeddable":true,"href":"https:\/\/insideamateurfussball-ffm.de\/index.php?rest_route=%2Fwp%2Fv2%2Fcategories&post=20678"},{"taxonomy":"post_tag","embeddable":true,"href":"https:\/\/insideamateurfussball-ffm.de\/index.php?rest_route=%2Fwp%2Fv2%2Ftags&post=20678"}],"curies":[{"name":"wp","href":"https:\/\/api.w.org\/{rel}","templated":true}]}}