{"id":20673,"date":"2024-09-02T22:50:34","date_gmt":"2024-09-02T20:50:34","guid":{"rendered":"https:\/\/insideamateurfussball-ffm.de\/?p=20673"},"modified":"2024-09-02T22:50:34","modified_gmt":"2024-09-02T20:50:34","slug":"bsc-19-gewinnt-aufsteiger-duell","status":"publish","type":"post","link":"https:\/\/insideamateurfussball-ffm.de\/?p=20673","title":{"rendered":"BSC 19 gewinnt Aufsteiger-Duell"},"content":{"rendered":"<h5><span style=\"font-size: 16px;\">Der BSC Schwarz-Wei\u00df 19 musste erneut auf dem kleinen Rasenplatz am Rosegger ran und besiegte Mitaufsteiger FC Posavina, der mit nur einem Punkt Schlusslicht bleibt, d\u00fcnn mit 1:0. Das reicht momentan f\u00fcr den Sprung auf Rang acht mit sieben Punkten.\u00a0<\/span><\/h5>\n<figure id=\"attachment_5075\" aria-describedby=\"caption-attachment-5075\" style=\"width: 150px\" class=\"wp-caption alignleft\"><img loading=\"lazy\" decoding=\"async\" class=\"wp-image-5075 size-thumbnail\" src=\"http:\/\/insideamateurfussball-ffm.de\/wp-content\/uploads\/2023\/02\/bsc4-150x150.jpg\" alt=\"\" width=\"150\" height=\"150\" \/><figcaption id=\"caption-attachment-5075\" class=\"wp-caption-text\">BSC-Akteur Eric Reinmold. Foto: Archiv Anzzo Sports.\u00a0\u00a0<\/figcaption><\/figure>\n<h5><span style=\"font-size: 16px;\">BSC Schwarz-Wei\u00df 19 &#8211; FC Posavina 1:0 (1:0)<\/span><\/h5>\n<p><img loading=\"lazy\" decoding=\"async\" class=\"alignnone size-full wp-image-285\" src=\"http:\/\/insideamateurfussball-ffm.de\/wp-content\/uploads\/2022\/05\/BSC-19.jpg\" alt=\"\" width=\"80\" height=\"61\" \/><img loading=\"lazy\" decoding=\"async\" class=\"alignnone size-full wp-image-22\" src=\"http:\/\/insideamateurfussball-ffm.de\/wp-content\/uploads\/2021\/11\/posavina.jpg\" alt=\"\" width=\"63\" height=\"80\" \/><\/p>\n<p><span style=\"font-size: 16px;\">Beide Vereine waren sich seit sechs Jahren nicht mehr begegnet. Den Siegtreffer der Hausherren markierte Elias Jennaoui (27.) nach einem Steckpass von Mulualem Tilahun Haile. Nach dem Seitenwechsel kam es zu einem offenen Schlagabtausch mit Chancen auf beiden Seiten. <\/span><\/p>\n<p><span style=\"font-size: 16px; color: initial;\">&#8222;Wir konnten zum Schluss das 1:0 erfolgreich \u00fcber die Zeit bringen&#8220;, sagte BSC-Abteilungsleiter Christian Reinmold. <\/span><span style=\"font-size: 16px;\">&#8222;Unser Rasenplatz ist mittlerweile in einem sehr durchwachsenen und schlechten Zustand. Wir hoffen, dass in der kommenden Woche der Kunstrasen fertig wird&#8220;, f\u00fcgte Reinmold hinzu. <\/span><\/p>\n<p><span style=\"font-size: 16px;\">Auf beiden Seiten gab es je eine Zeitstrafe, bei den Hausherren in der 44. Minute und beim Gast in der 76. Minute. In der englischen Woche steht f\u00fcr den BSC mit der Fahrt zu Germania Enkheim das n\u00e4chste Aufsteigerduell an (Donnerstag um 20 Uhr). <\/span><\/p>\n<p><span style=\"font-size: 16px;\">Schlusslicht Posavina gastiert zeitgleich in R\u00f6delheim, einem der Gegner in der Relegation 2023, die f\u00fcr die Riederw\u00e4lder Kroaten mit dem Abstieg endete, den man mit dem direkten Wiederaufstieg ebenfalls \u00fcber die Relegation in letzter Minute umgehend korrigierte.\u00a0<\/span><\/p>\n<ul>\n<li><span style=\"font-size: 16px;\"><strong>Schiedsrichter: Nusret Hadzibulic (BSC Altenhain).\u00a0<\/strong><\/span><\/li>\n<li><span style=\"font-size: 16px;\"><strong>Zuschauer: 68.\u00a0<\/strong><\/span><\/li>\n<li><span style=\"font-size: 16px;\"><strong>Tor: 1:0 Elias Jennaoui (27.).\u00a0\u00a0<\/strong><\/span><\/li>\n<\/ul>\n","protected":false},"excerpt":{"rendered":"<p>Der BSC Schwarz-Wei\u00df 19 musste erneut auf dem kleinen Rasenplatz am Rosegger ran und besiegte Mitaufsteiger FC Posavina, der mit nur einem Punkt Schlusslicht bleibt, d\u00fcnn mit 1:0. Das reicht momentan f\u00fcr den Sprung auf Rang acht mit sieben Punkten.\u00a0 BSC Schwarz-Wei\u00df 19 &#8211; FC Posavina 1:0 (1:0) Beide Vereine waren sich seit sechs Jahren [&hellip;]<\/p>\n","protected":false},"author":1,"featured_media":5075,"comment_status":"closed","ping_status":"closed","sticky":true,"template":"","format":"standard","meta":{"footnotes":""},"categories":[2],"tags":[],"class_list":["post-20673","post","type-post","status-publish","format-standard","has-post-thumbnail","hentry","category-kreisoberliga-frankfurt"],"_links":{"self":[{"href":"https:\/\/insideamateurfussball-ffm.de\/index.php?rest_route=\/wp\/v2\/posts\/20673","targetHints":{"allow":["GET"]}}],"collection":[{"href":"https:\/\/insideamateurfussball-ffm.de\/index.php?rest_route=\/wp\/v2\/posts"}],"about":[{"href":"https:\/\/insideamateurfussball-ffm.de\/index.php?rest_route=\/wp\/v2\/types\/post"}],"author":[{"embeddable":true,"href":"https:\/\/insideamateurfussball-ffm.de\/index.php?rest_route=\/wp\/v2\/users\/1"}],"replies":[{"embeddable":true,"href":"https:\/\/insideamateurfussball-ffm.de\/index.php?rest_route=%2Fwp%2Fv2%2Fcomments&post=20673"}],"version-history":[{"count":1,"href":"https:\/\/insideamateurfussball-ffm.de\/index.php?rest_route=\/wp\/v2\/posts\/20673\/revisions"}],"predecessor-version":[{"id":20674,"href":"https:\/\/insideamateurfussball-ffm.de\/index.php?rest_route=\/wp\/v2\/posts\/20673\/revisions\/20674"}],"wp:featuredmedia":[{"embeddable":true,"href":"https:\/\/insideamateurfussball-ffm.de\/index.php?rest_route=\/wp\/v2\/media\/5075"}],"wp:attachment":[{"href":"https:\/\/insideamateurfussball-ffm.de\/index.php?rest_route=%2Fwp%2Fv2%2Fmedia&parent=20673"}],"wp:term":[{"taxonomy":"category","embeddable":true,"href":"https:\/\/insideamateurfussball-ffm.de\/index.php?rest_route=%2Fwp%2Fv2%2Fcategories&post=20673"},{"taxonomy":"post_tag","embeddable":true,"href":"https:\/\/insideamateurfussball-ffm.de\/index.php?rest_route=%2Fwp%2Fv2%2Ftags&post=20673"}],"curies":[{"name":"wp","href":"https:\/\/api.w.org\/{rel}","templated":true}]}}