{"id":20633,"date":"2024-09-02T21:01:22","date_gmt":"2024-09-02T19:01:22","guid":{"rendered":"https:\/\/insideamateurfussball-ffm.de\/?p=20633"},"modified":"2024-09-02T21:02:35","modified_gmt":"2024-09-02T19:02:35","slug":"germania-94-mit-trockenem-20-sieg","status":"publish","type":"post","link":"https:\/\/insideamateurfussball-ffm.de\/?p=20633","title":{"rendered":"Germania 94 mit trockenem 2:0-Sieg"},"content":{"rendered":"<h5><span style=\"font-size: 16px;\">Der VfL Germania 94 gewann bei der SG Bornheim\/Gr\u00fcn-Wei\u00df II mit 2:0 und r\u00fcckte mit dem zweiten Saisonsieg auf Rang sechs vor. Die Bornheimer Reserve hingegen bleibt vor heimischer Kulisse ohne Punkt und muss sich weiter nach unten orientieren.\u00a0<\/span><\/h5>\n<figure id=\"attachment_20634\" aria-describedby=\"caption-attachment-20634\" style=\"width: 652px\" class=\"wp-caption alignleft\"><img loading=\"lazy\" decoding=\"async\" class=\"wp-image-20634\" src=\"http:\/\/insideamateurfussball-ffm.de\/wp-content\/uploads\/2024\/09\/SGBII-Germania94_240901-83-1024x683.jpg\" alt=\"\" width=\"652\" height=\"435\" srcset=\"https:\/\/insideamateurfussball-ffm.de\/wp-content\/uploads\/2024\/09\/SGBII-Germania94_240901-83-1024x683.jpg 1024w, https:\/\/insideamateurfussball-ffm.de\/wp-content\/uploads\/2024\/09\/SGBII-Germania94_240901-83-300x200.jpg 300w, https:\/\/insideamateurfussball-ffm.de\/wp-content\/uploads\/2024\/09\/SGBII-Germania94_240901-83-768x512.jpg 768w, https:\/\/insideamateurfussball-ffm.de\/wp-content\/uploads\/2024\/09\/SGBII-Germania94_240901-83-1536x1024.jpg 1536w, https:\/\/insideamateurfussball-ffm.de\/wp-content\/uploads\/2024\/09\/SGBII-Germania94_240901-83-2048x1365.jpg 2048w\" sizes=\"auto, (max-width: 652px) 100vw, 652px\" \/><figcaption id=\"caption-attachment-20634\" class=\"wp-caption-text\">Germania 94-Kapit\u00e4n Sunny Sallan. Foto: Andre Sturmeit.<\/figcaption><\/figure>\n<h5><strong><span style=\"font-size: 16px;\">SG Bornheim\/Gr\u00fcn-Wei\u00df II &#8211; VfL Germania 94 0:2 (0:0)<\/span><\/strong><\/h5>\n<p><img loading=\"lazy\" decoding=\"async\" class=\"alignnone size-full wp-image-119\" src=\"http:\/\/insideamateurfussball-ffm.de\/wp-content\/uploads\/2022\/05\/Bornheim.jpg\" alt=\"\" width=\"80\" height=\"80\" \/><img loading=\"lazy\" decoding=\"async\" class=\"alignnone size-full wp-image-11577\" src=\"http:\/\/insideamateurfussball-ffm.de\/wp-content\/uploads\/2023\/08\/Germania-94.jpg\" alt=\"\" width=\"80\" height=\"80\" \/><\/p>\n<p><span style=\"font-size: 16px;\">Mario Koch aus dem Bornheimer Trainerteam haderte mit dem Spielverlauf: &#8222;Wieder haben wir so ein Spiel gesehen, in dem es verschiedene Phasen gab. Beide Teams legten viel Wert auf spielerische Elemente.&#8220;<\/span><\/p>\n<ul>\n<li><strong><span style=\"font-size: 16px;\">&#8222;Wir haben sowohl in der ersten als auch in der zweiten Halbzeit das Spiel gut dominiert und beherrscht und verdient die drei Punkte einget\u00fctet&#8220; (Germania-Trainer Siar Daudi)<\/span><\/strong><\/li>\n<\/ul>\n<p><span style=\"font-size: 16px;\">Zwei krasse individuelle Fehler beg\u00fcnstigten nach Aussagen von Koch die beiden Tore der G\u00e4ste durch Okan G\u00f6t\u00fcrmen (55.) und Asmir Hajdarovic (75.). &#8222;Selber waren wir nicht in der Lage, die Fehler der Germania auszunutzen. Die G\u00e4ste hatten aber in Anton Harbrecht einen hervorragenden Torh\u00fcter zwischen den Pfosten&#8220;, sagte Koch. Germania-Trainer Siar Daudi fand: &#8222;Das Ergebnis 2:0 geht absolut in Ordnung. Wir haben sowohl in der ersten als auch in der zweiten Halbzeit das Spiel gut dominiert und beherrscht und verdient die drei Punkte einget\u00fctet. Das einzige Manko ist die Chancenverwertung. Es war ein souver\u00e4nes Spiel bei sehr hei\u00dfem Wetter.&#8220; <\/span><\/p>\n<p><span style=\"font-size: 16px;\">W\u00e4hrend das f\u00fcr Donnerstag vorgesehene Gastspiel der Bornheimer Reserve bei Concordia Eschersheim aufgrund der Platzproblematik auf 26. September verschoben wurde, trifft Germania 94 schon am Mittwoch (20 Uhr) auf Tabellenf\u00fchrer TuS Makkabi.\u00a0<\/span><\/p>\n<ul>\n<li><strong><span style=\"font-size: 16px;\">Schiedsrichter: Swen Gonell (FC Hessen Massenheim).\u00a0<\/span><\/strong><\/li>\n<li><strong><span style=\"font-size: 16px;\">Zuschauer: 30.\u00a0<\/span><\/strong><\/li>\n<li><strong><span style=\"font-size: 16px;\">Tore: 0:1 Okan G\u00f6t\u00fcrmen (55.), 0:2 Asmir Hajdarovic (75.).<\/span><\/strong><\/li>\n<li><strong><span style=\"font-size: 16px;\">Bildergalerie: Wir danken SGB-Fotograf Andre Sturmeit f\u00fcr die Einsendung der Fotos!<\/span><\/strong><\/li>\n<\/ul>\n\n\n<figure class=\"wp-block-gallery has-nested-images columns-default is-cropped wp-block-gallery-1 is-layout-flex wp-block-gallery-is-layout-flex\">\n<figure class=\"wp-block-image size-large\"><img loading=\"lazy\" decoding=\"async\" width=\"1024\" height=\"683\" data-id=\"20635\" src=\"https:\/\/insideamateurfussball-ffm.de\/wp-content\/uploads\/2024\/09\/SGBII-Germania94_240901-156-1024x683.jpg\" alt=\"\" class=\"wp-image-20635\" srcset=\"https:\/\/insideamateurfussball-ffm.de\/wp-content\/uploads\/2024\/09\/SGBII-Germania94_240901-156-1024x683.jpg 1024w, https:\/\/insideamateurfussball-ffm.de\/wp-content\/uploads\/2024\/09\/SGBII-Germania94_240901-156-300x200.jpg 300w, https:\/\/insideamateurfussball-ffm.de\/wp-content\/uploads\/2024\/09\/SGBII-Germania94_240901-156-768x512.jpg 768w, https:\/\/insideamateurfussball-ffm.de\/wp-content\/uploads\/2024\/09\/SGBII-Germania94_240901-156-1536x1024.jpg 1536w, https:\/\/insideamateurfussball-ffm.de\/wp-content\/uploads\/2024\/09\/SGBII-Germania94_240901-156-2048x1365.jpg 2048w\" sizes=\"auto, (max-width: 1024px) 100vw, 1024px\" \/><\/figure>\n<\/figure>\n\n\n\n<figure class=\"wp-block-image size-large\"><img loading=\"lazy\" decoding=\"async\" width=\"1024\" height=\"683\" src=\"https:\/\/insideamateurfussball-ffm.de\/wp-content\/uploads\/2024\/09\/SGBII-Germania94_240901-8-1024x683.jpg\" alt=\"\" class=\"wp-image-20636\" srcset=\"https:\/\/insideamateurfussball-ffm.de\/wp-content\/uploads\/2024\/09\/SGBII-Germania94_240901-8-1024x683.jpg 1024w, https:\/\/insideamateurfussball-ffm.de\/wp-content\/uploads\/2024\/09\/SGBII-Germania94_240901-8-300x200.jpg 300w, https:\/\/insideamateurfussball-ffm.de\/wp-content\/uploads\/2024\/09\/SGBII-Germania94_240901-8-768x512.jpg 768w, https:\/\/insideamateurfussball-ffm.de\/wp-content\/uploads\/2024\/09\/SGBII-Germania94_240901-8-1536x1024.jpg 1536w, https:\/\/insideamateurfussball-ffm.de\/wp-content\/uploads\/2024\/09\/SGBII-Germania94_240901-8-2048x1365.jpg 2048w\" sizes=\"auto, (max-width: 1024px) 100vw, 1024px\" \/><\/figure>\n\n\n\n<figure class=\"wp-block-gallery has-nested-images columns-default is-cropped wp-block-gallery-2 is-layout-flex wp-block-gallery-is-layout-flex\">\n<figure class=\"wp-block-image size-large\"><img loading=\"lazy\" decoding=\"async\" width=\"1024\" height=\"683\" data-id=\"20637\" src=\"https:\/\/insideamateurfussball-ffm.de\/wp-content\/uploads\/2024\/09\/SGBII-Germania94_240901-94-1024x683.jpg\" alt=\"\" class=\"wp-image-20637\" srcset=\"https:\/\/insideamateurfussball-ffm.de\/wp-content\/uploads\/2024\/09\/SGBII-Germania94_240901-94-1024x683.jpg 1024w, https:\/\/insideamateurfussball-ffm.de\/wp-content\/uploads\/2024\/09\/SGBII-Germania94_240901-94-300x200.jpg 300w, https:\/\/insideamateurfussball-ffm.de\/wp-content\/uploads\/2024\/09\/SGBII-Germania94_240901-94-768x512.jpg 768w, https:\/\/insideamateurfussball-ffm.de\/wp-content\/uploads\/2024\/09\/SGBII-Germania94_240901-94-1536x1024.jpg 1536w, https:\/\/insideamateurfussball-ffm.de\/wp-content\/uploads\/2024\/09\/SGBII-Germania94_240901-94-2048x1365.jpg 2048w\" sizes=\"auto, (max-width: 1024px) 100vw, 1024px\" \/><\/figure>\n<\/figure>\n\n\n\n<figure class=\"wp-block-image size-large\"><img loading=\"lazy\" decoding=\"async\" width=\"1024\" height=\"683\" src=\"https:\/\/insideamateurfussball-ffm.de\/wp-content\/uploads\/2024\/09\/SGBII-Germania94_240901-164-1024x683.jpg\" alt=\"\" class=\"wp-image-20638\" srcset=\"https:\/\/insideamateurfussball-ffm.de\/wp-content\/uploads\/2024\/09\/SGBII-Germania94_240901-164-1024x683.jpg 1024w, https:\/\/insideamateurfussball-ffm.de\/wp-content\/uploads\/2024\/09\/SGBII-Germania94_240901-164-300x200.jpg 300w, https:\/\/insideamateurfussball-ffm.de\/wp-content\/uploads\/2024\/09\/SGBII-Germania94_240901-164-768x512.jpg 768w, https:\/\/insideamateurfussball-ffm.de\/wp-content\/uploads\/2024\/09\/SGBII-Germania94_240901-164-1536x1024.jpg 1536w, https:\/\/insideamateurfussball-ffm.de\/wp-content\/uploads\/2024\/09\/SGBII-Germania94_240901-164-2048x1365.jpg 2048w\" sizes=\"auto, (max-width: 1024px) 100vw, 1024px\" \/><\/figure>\n\n\n\n<figure class=\"wp-block-gallery has-nested-images columns-default is-cropped wp-block-gallery-3 is-layout-flex wp-block-gallery-is-layout-flex\">\n<figure class=\"wp-block-image size-large\"><img loading=\"lazy\" decoding=\"async\" width=\"1024\" height=\"686\" data-id=\"20639\" src=\"https:\/\/insideamateurfussball-ffm.de\/wp-content\/uploads\/2024\/09\/SGBII-Germania94_240901-22-1024x686.jpg\" alt=\"\" class=\"wp-image-20639\" srcset=\"https:\/\/insideamateurfussball-ffm.de\/wp-content\/uploads\/2024\/09\/SGBII-Germania94_240901-22-1024x686.jpg 1024w, https:\/\/insideamateurfussball-ffm.de\/wp-content\/uploads\/2024\/09\/SGBII-Germania94_240901-22-300x201.jpg 300w, https:\/\/insideamateurfussball-ffm.de\/wp-content\/uploads\/2024\/09\/SGBII-Germania94_240901-22-768x514.jpg 768w, https:\/\/insideamateurfussball-ffm.de\/wp-content\/uploads\/2024\/09\/SGBII-Germania94_240901-22-1536x1029.jpg 1536w, https:\/\/insideamateurfussball-ffm.de\/wp-content\/uploads\/2024\/09\/SGBII-Germania94_240901-22-2048x1371.jpg 2048w\" sizes=\"auto, (max-width: 1024px) 100vw, 1024px\" \/><\/figure>\n<\/figure>\n\n\n\n<figure class=\"wp-block-image size-large\"><img loading=\"lazy\" decoding=\"async\" width=\"1024\" height=\"683\" src=\"https:\/\/insideamateurfussball-ffm.de\/wp-content\/uploads\/2024\/09\/SGBII-Germania94_240901-122-1024x683.jpg\" alt=\"\" class=\"wp-image-20640\" srcset=\"https:\/\/insideamateurfussball-ffm.de\/wp-content\/uploads\/2024\/09\/SGBII-Germania94_240901-122-1024x683.jpg 1024w, https:\/\/insideamateurfussball-ffm.de\/wp-content\/uploads\/2024\/09\/SGBII-Germania94_240901-122-300x200.jpg 300w, https:\/\/insideamateurfussball-ffm.de\/wp-content\/uploads\/2024\/09\/SGBII-Germania94_240901-122-768x512.jpg 768w, https:\/\/insideamateurfussball-ffm.de\/wp-content\/uploads\/2024\/09\/SGBII-Germania94_240901-122-1536x1024.jpg 1536w, https:\/\/insideamateurfussball-ffm.de\/wp-content\/uploads\/2024\/09\/SGBII-Germania94_240901-122-2048x1365.jpg 2048w\" sizes=\"auto, (max-width: 1024px) 100vw, 1024px\" \/><\/figure>\n\n\n\n<figure class=\"wp-block-gallery has-nested-images columns-default is-cropped wp-block-gallery-4 is-layout-flex wp-block-gallery-is-layout-flex\">\n<figure class=\"wp-block-image size-large\"><img loading=\"lazy\" decoding=\"async\" width=\"1024\" height=\"682\" data-id=\"20641\" src=\"https:\/\/insideamateurfussball-ffm.de\/wp-content\/uploads\/2024\/09\/SGBII-Germania94_240901-180-1024x682.jpg\" alt=\"\" class=\"wp-image-20641\" srcset=\"https:\/\/insideamateurfussball-ffm.de\/wp-content\/uploads\/2024\/09\/SGBII-Germania94_240901-180-1024x682.jpg 1024w, https:\/\/insideamateurfussball-ffm.de\/wp-content\/uploads\/2024\/09\/SGBII-Germania94_240901-180-300x200.jpg 300w, https:\/\/insideamateurfussball-ffm.de\/wp-content\/uploads\/2024\/09\/SGBII-Germania94_240901-180-768x511.jpg 768w, https:\/\/insideamateurfussball-ffm.de\/wp-content\/uploads\/2024\/09\/SGBII-Germania94_240901-180-1536x1023.jpg 1536w, https:\/\/insideamateurfussball-ffm.de\/wp-content\/uploads\/2024\/09\/SGBII-Germania94_240901-180-2048x1363.jpg 2048w\" sizes=\"auto, (max-width: 1024px) 100vw, 1024px\" \/><\/figure>\n<\/figure>\n\n\n\n<figure class=\"wp-block-image size-large\"><img loading=\"lazy\" decoding=\"async\" width=\"1024\" height=\"683\" src=\"https:\/\/insideamateurfussball-ffm.de\/wp-content\/uploads\/2024\/09\/SGBII-Germania94_240901-28-1024x683.jpg\" alt=\"\" class=\"wp-image-20642\" srcset=\"https:\/\/insideamateurfussball-ffm.de\/wp-content\/uploads\/2024\/09\/SGBII-Germania94_240901-28-1024x683.jpg 1024w, https:\/\/insideamateurfussball-ffm.de\/wp-content\/uploads\/2024\/09\/SGBII-Germania94_240901-28-300x200.jpg 300w, https:\/\/insideamateurfussball-ffm.de\/wp-content\/uploads\/2024\/09\/SGBII-Germania94_240901-28-768x512.jpg 768w, https:\/\/insideamateurfussball-ffm.de\/wp-content\/uploads\/2024\/09\/SGBII-Germania94_240901-28-1536x1024.jpg 1536w, https:\/\/insideamateurfussball-ffm.de\/wp-content\/uploads\/2024\/09\/SGBII-Germania94_240901-28-2048x1365.jpg 2048w\" sizes=\"auto, (max-width: 1024px) 100vw, 1024px\" \/><\/figure>\n\n\n\n<figure class=\"wp-block-gallery has-nested-images columns-default is-cropped wp-block-gallery-5 is-layout-flex wp-block-gallery-is-layout-flex\">\n<figure class=\"wp-block-image size-large\"><img loading=\"lazy\" decoding=\"async\" width=\"1024\" height=\"683\" data-id=\"20643\" src=\"https:\/\/insideamateurfussball-ffm.de\/wp-content\/uploads\/2024\/09\/SGBII-Germania94_240901-146-1024x683.jpg\" alt=\"\" class=\"wp-image-20643\" srcset=\"https:\/\/insideamateurfussball-ffm.de\/wp-content\/uploads\/2024\/09\/SGBII-Germania94_240901-146-1024x683.jpg 1024w, https:\/\/insideamateurfussball-ffm.de\/wp-content\/uploads\/2024\/09\/SGBII-Germania94_240901-146-300x200.jpg 300w, https:\/\/insideamateurfussball-ffm.de\/wp-content\/uploads\/2024\/09\/SGBII-Germania94_240901-146-768x512.jpg 768w, https:\/\/insideamateurfussball-ffm.de\/wp-content\/uploads\/2024\/09\/SGBII-Germania94_240901-146-1536x1024.jpg 1536w, https:\/\/insideamateurfussball-ffm.de\/wp-content\/uploads\/2024\/09\/SGBII-Germania94_240901-146-2048x1365.jpg 2048w\" sizes=\"auto, (max-width: 1024px) 100vw, 1024px\" \/><\/figure>\n<\/figure>\n\n\n\n<figure class=\"wp-block-image size-large\"><img loading=\"lazy\" decoding=\"async\" width=\"1024\" height=\"683\" src=\"https:\/\/insideamateurfussball-ffm.de\/wp-content\/uploads\/2024\/09\/SGBII-Germania94_240901-198-1024x683.jpg\" alt=\"\" class=\"wp-image-20644\" srcset=\"https:\/\/insideamateurfussball-ffm.de\/wp-content\/uploads\/2024\/09\/SGBII-Germania94_240901-198-1024x683.jpg 1024w, https:\/\/insideamateurfussball-ffm.de\/wp-content\/uploads\/2024\/09\/SGBII-Germania94_240901-198-300x200.jpg 300w, https:\/\/insideamateurfussball-ffm.de\/wp-content\/uploads\/2024\/09\/SGBII-Germania94_240901-198-768x512.jpg 768w, https:\/\/insideamateurfussball-ffm.de\/wp-content\/uploads\/2024\/09\/SGBII-Germania94_240901-198-1536x1024.jpg 1536w, https:\/\/insideamateurfussball-ffm.de\/wp-content\/uploads\/2024\/09\/SGBII-Germania94_240901-198-2048x1365.jpg 2048w\" sizes=\"auto, (max-width: 1024px) 100vw, 1024px\" \/><\/figure>\n\n\n\n<figure class=\"wp-block-gallery has-nested-images columns-default is-cropped wp-block-gallery-6 is-layout-flex wp-block-gallery-is-layout-flex\">\n<figure class=\"wp-block-image size-large\"><img loading=\"lazy\" decoding=\"async\" width=\"1024\" height=\"683\" data-id=\"20645\" src=\"https:\/\/insideamateurfussball-ffm.de\/wp-content\/uploads\/2024\/09\/SGBII-Germania94_240901-38-1024x683.jpg\" alt=\"\" class=\"wp-image-20645\" srcset=\"https:\/\/insideamateurfussball-ffm.de\/wp-content\/uploads\/2024\/09\/SGBII-Germania94_240901-38-1024x683.jpg 1024w, https:\/\/insideamateurfussball-ffm.de\/wp-content\/uploads\/2024\/09\/SGBII-Germania94_240901-38-300x200.jpg 300w, https:\/\/insideamateurfussball-ffm.de\/wp-content\/uploads\/2024\/09\/SGBII-Germania94_240901-38-768x512.jpg 768w, https:\/\/insideamateurfussball-ffm.de\/wp-content\/uploads\/2024\/09\/SGBII-Germania94_240901-38-1536x1024.jpg 1536w, https:\/\/insideamateurfussball-ffm.de\/wp-content\/uploads\/2024\/09\/SGBII-Germania94_240901-38-2048x1365.jpg 2048w\" sizes=\"auto, (max-width: 1024px) 100vw, 1024px\" \/><\/figure>\n<\/figure>\n\n\n\n<figure class=\"wp-block-image size-large\"><img loading=\"lazy\" decoding=\"async\" width=\"1024\" height=\"680\" src=\"https:\/\/insideamateurfussball-ffm.de\/wp-content\/uploads\/2024\/09\/SGBII-Germania94_240901-150-1024x680.jpg\" alt=\"\" class=\"wp-image-20646\" srcset=\"https:\/\/insideamateurfussball-ffm.de\/wp-content\/uploads\/2024\/09\/SGBII-Germania94_240901-150-1024x680.jpg 1024w, https:\/\/insideamateurfussball-ffm.de\/wp-content\/uploads\/2024\/09\/SGBII-Germania94_240901-150-300x199.jpg 300w, https:\/\/insideamateurfussball-ffm.de\/wp-content\/uploads\/2024\/09\/SGBII-Germania94_240901-150-768x510.jpg 768w, https:\/\/insideamateurfussball-ffm.de\/wp-content\/uploads\/2024\/09\/SGBII-Germania94_240901-150-1536x1021.jpg 1536w, https:\/\/insideamateurfussball-ffm.de\/wp-content\/uploads\/2024\/09\/SGBII-Germania94_240901-150-2048x1361.jpg 2048w\" sizes=\"auto, (max-width: 1024px) 100vw, 1024px\" \/><\/figure>\n\n\n\n<figure class=\"wp-block-gallery has-nested-images columns-default is-cropped wp-block-gallery-7 is-layout-flex wp-block-gallery-is-layout-flex\">\n<figure class=\"wp-block-image size-large\"><img loading=\"lazy\" decoding=\"async\" width=\"1024\" height=\"683\" data-id=\"20647\" src=\"https:\/\/insideamateurfussball-ffm.de\/wp-content\/uploads\/2024\/09\/SGBII-Germania94_240901-223-1024x683.jpg\" alt=\"\" class=\"wp-image-20647\" srcset=\"https:\/\/insideamateurfussball-ffm.de\/wp-content\/uploads\/2024\/09\/SGBII-Germania94_240901-223-1024x683.jpg 1024w, https:\/\/insideamateurfussball-ffm.de\/wp-content\/uploads\/2024\/09\/SGBII-Germania94_240901-223-300x200.jpg 300w, https:\/\/insideamateurfussball-ffm.de\/wp-content\/uploads\/2024\/09\/SGBII-Germania94_240901-223-768x512.jpg 768w, https:\/\/insideamateurfussball-ffm.de\/wp-content\/uploads\/2024\/09\/SGBII-Germania94_240901-223-1536x1024.jpg 1536w, https:\/\/insideamateurfussball-ffm.de\/wp-content\/uploads\/2024\/09\/SGBII-Germania94_240901-223-2048x1365.jpg 2048w\" sizes=\"auto, (max-width: 1024px) 100vw, 1024px\" \/><\/figure>\n<\/figure>\n","protected":false},"excerpt":{"rendered":"<p>Der VfL Germania 94 gewann bei der SG Bornheim\/Gr\u00fcn-Wei\u00df II mit 2:0 und r\u00fcckte mit dem zweiten Saisonsieg auf Rang sechs vor. Die Bornheimer Reserve hingegen bleibt vor heimischer Kulisse ohne Punkt und muss sich weiter nach unten orientieren.\u00a0 SG Bornheim\/Gr\u00fcn-Wei\u00df II &#8211; VfL Germania 94 0:2 (0:0) Mario Koch aus dem Bornheimer Trainerteam haderte [&hellip;]<\/p>\n","protected":false},"author":1,"featured_media":20634,"comment_status":"closed","ping_status":"closed","sticky":true,"template":"","format":"standard","meta":{"footnotes":""},"categories":[2],"tags":[],"class_list":["post-20633","post","type-post","status-publish","format-standard","has-post-thumbnail","hentry","category-kreisoberliga-frankfurt"],"_links":{"self":[{"href":"https:\/\/insideamateurfussball-ffm.de\/index.php?rest_route=\/wp\/v2\/posts\/20633","targetHints":{"allow":["GET"]}}],"collection":[{"href":"https:\/\/insideamateurfussball-ffm.de\/index.php?rest_route=\/wp\/v2\/posts"}],"about":[{"href":"https:\/\/insideamateurfussball-ffm.de\/index.php?rest_route=\/wp\/v2\/types\/post"}],"author":[{"embeddable":true,"href":"https:\/\/insideamateurfussball-ffm.de\/index.php?rest_route=\/wp\/v2\/users\/1"}],"replies":[{"embeddable":true,"href":"https:\/\/insideamateurfussball-ffm.de\/index.php?rest_route=%2Fwp%2Fv2%2Fcomments&post=20633"}],"version-history":[{"count":2,"href":"https:\/\/insideamateurfussball-ffm.de\/index.php?rest_route=\/wp\/v2\/posts\/20633\/revisions"}],"predecessor-version":[{"id":20649,"href":"https:\/\/insideamateurfussball-ffm.de\/index.php?rest_route=\/wp\/v2\/posts\/20633\/revisions\/20649"}],"wp:featuredmedia":[{"embeddable":true,"href":"https:\/\/insideamateurfussball-ffm.de\/index.php?rest_route=\/wp\/v2\/media\/20634"}],"wp:attachment":[{"href":"https:\/\/insideamateurfussball-ffm.de\/index.php?rest_route=%2Fwp%2Fv2%2Fmedia&parent=20633"}],"wp:term":[{"taxonomy":"category","embeddable":true,"href":"https:\/\/insideamateurfussball-ffm.de\/index.php?rest_route=%2Fwp%2Fv2%2Fcategories&post=20633"},{"taxonomy":"post_tag","embeddable":true,"href":"https:\/\/insideamateurfussball-ffm.de\/index.php?rest_route=%2Fwp%2Fv2%2Ftags&post=20633"}],"curies":[{"name":"wp","href":"https:\/\/api.w.org\/{rel}","templated":true}]}}