{"id":20629,"date":"2024-09-02T17:50:00","date_gmt":"2024-09-02T15:50:00","guid":{"rendered":"https:\/\/insideamateurfussball-ffm.de\/?p=20629"},"modified":"2024-09-02T20:18:12","modified_gmt":"2024-09-02T18:18:12","slug":"zeilsheim-verdraengt-ederbergland-von-rang-zwei","status":"publish","type":"post","link":"https:\/\/insideamateurfussball-ffm.de\/?p=20629","title":{"rendered":"Zeilsheim verdr\u00e4ngt Ederbergland von Rang zwei"},"content":{"rendered":"<h5><span style=\"font-size: 16px;\">Der SV Zeilsheim verdr\u00e4ngte in der Verbandsliga Mitte den FC Ederbergland mit dem 4:3-Sieg von Rang zwei und f\u00e4hrt n\u00e4chsten Sonntag selbstbewusst zum Spitzenspiel bei Tabellenf\u00fchrer Sportfreunde\/Blau-Gelb Marburg.\u00a0<\/span><\/h5>\n<figure id=\"attachment_20630\" aria-describedby=\"caption-attachment-20630\" style=\"width: 150px\" class=\"wp-caption alignleft\"><img loading=\"lazy\" decoding=\"async\" class=\"wp-image-20630 size-thumbnail\" src=\"http:\/\/insideamateurfussball-ffm.de\/wp-content\/uploads\/2024\/09\/IMGS7750-150x150.jpg\" alt=\"\" width=\"150\" height=\"150\" \/><figcaption id=\"caption-attachment-20630\" class=\"wp-caption-text\">Spieler des Spieltages: Der jungen Feridan Selmani. Foto: Peter Strauch.<\/figcaption><\/figure>\n<h5><strong><span style=\"font-size: 16px;\">SV Zeilsheim &#8211; FC Ederbergland 4:3 (2:1)<\/span><\/strong><\/h5>\n<p><img loading=\"lazy\" decoding=\"async\" class=\"alignnone size-full wp-image-1153\" src=\"http:\/\/insideamateurfussball-ffm.de\/wp-content\/uploads\/2022\/07\/SVZe.jpg\" alt=\"\" width=\"68\" height=\"80\" \/><img loading=\"lazy\" decoding=\"async\" class=\"alignnone size-full wp-image-3686\" src=\"http:\/\/insideamateurfussball-ffm.de\/wp-content\/uploads\/2022\/11\/Ederbergland.jpg\" alt=\"\" width=\"80\" height=\"80\" \/><\/p>\n<p>Bei br\u00fctender Hitze ging es Hin und Her. Die Gr\u00fcnen gewinnen 4:3 und reisen nun als Tabellenzweiter zum neuen Tabellenf\u00fchrer BG\/SF Marburg. Dieses Spiel sorgte f\u00fcr hohen Puls: Nach gro\u00dfem Schlagabtausch besiegte der SV Zeilsheim den FC Ederbergland, ging in einem spektakul\u00e4ren Spiel vier Mal in F\u00fchrung, um schlie\u00dflich als Sieger mit 4:3 vom Feld zu gehen. &#8222;Der Adrenalinspiegel war sehr hoch&#8220;, sagte Zeilsheims Vorsitzender Peter Strauch hinterher.<\/p>\n<p>W\u00e4hrend die Zeilsheimer in der ersten Halbzeit, allen voran in Person von Dorian Miric, zahlreiche Hochkar\u00e4ter liegen lie\u00dfen, war der FCE in der zweiten Halbzeit ebenb\u00fcrtig. &#8222;Am Ende des Tages hatten wir das Spielgl\u00fcck auf unserer Seite&#8220;, fand Strauch. Nach Vorlage von Miric erzielte Luftrim Kodraliu die F\u00fchrung der Gastgeber (21.), die Pascal Blank mit der Pike aufs kurze Eck wieder ausglich (38.), ehe f\u00fcnf Minuten sp\u00e4ter Samed G\u00fcrsoy sein Team wieder in Front brachte: Nach Flanke von Leonardo Bianco erzielte der Goalgetter einen seiner seltenen Kopfballtreffer.<\/p>\n<ul>\n<li><strong><span style=\"font-size: 16px;\">G\u00fcrsoy verwandelt Foulelfmeter<\/span><\/strong><\/li>\n<\/ul>\n<p>Nach der Pause lag zun\u00e4chst schon der Ausgleich in der Luft, den Maxim Zich dann wenig sp\u00e4ter nach einem Querpass besorgte. Nur eine Minute sp\u00e4ter waren bei Zeilsheim die Joker am Zug. Der eingewechselte Levin Pekcan bediente den eingewechselten Patryk Kuras 3:2 (56.). Doch Ederbergland kam wieder durch Maxim Zich zum Ausgleich.<\/p>\n<p>Ehe f\u00fcnf Minuten vor dem Ende Kuras zu Fall kam, der Schiedsrichter Adil Challioui auf den Punkt zeigte &#8211; und G\u00fcrsoy eiskalt verwandelte. Gro\u00dfe Erleichterung herrschte bei Zeilsheim nach dem Schlusspfiff. Kommendes Wochenende geht es dann den SV nach Marburg. Beim Tabellenf\u00fchrer runden die West-Frankfurter ihr knallhartes Auftaktprogramm ab. Erster gegen Zweiter &#8211; das Spiel d\u00fcrfte sicherlich kommende Woche im Fokus sein.<\/p>\n<ul>\n<li><strong><span style=\"font-size: 16px;\">Schiedsrichter: Adil Challioui (SKG Rumpenheim).<\/span><\/strong><\/li>\n<li><strong><span style=\"font-size: 16px;\">Tore: 1:0 Luftrim Kodraliu (21.), 1:1 Pascal Blank (38.), 2:1 Abdussamed G\u00fcrsoy (43.), 2:2 Maxim Zich (55.), 3:2 Patryk Kuras (56.), 3:3 Maxim Zich (62.), 4:3 Abdussamed G\u00fcrsoy (86.\/Foulelfmeter). <\/span><\/strong><\/li>\n<\/ul>\n","protected":false},"excerpt":{"rendered":"<p>Der SV Zeilsheim verdr\u00e4ngte in der Verbandsliga Mitte den FC Ederbergland mit dem 4:3-Sieg von Rang zwei und f\u00e4hrt n\u00e4chsten Sonntag selbstbewusst zum Spitzenspiel bei Tabellenf\u00fchrer Sportfreunde\/Blau-Gelb Marburg.\u00a0 SV Zeilsheim &#8211; FC Ederbergland 4:3 (2:1) Bei br\u00fctender Hitze ging es Hin und Her. Die Gr\u00fcnen gewinnen 4:3 und reisen nun als Tabellenzweiter zum neuen Tabellenf\u00fchrer [&hellip;]<\/p>\n","protected":false},"author":1,"featured_media":20630,"comment_status":"closed","ping_status":"closed","sticky":true,"template":"","format":"standard","meta":{"footnotes":""},"categories":[32],"tags":[],"class_list":["post-20629","post","type-post","status-publish","format-standard","has-post-thumbnail","hentry","category-verbandsliga-mitte"],"_links":{"self":[{"href":"https:\/\/insideamateurfussball-ffm.de\/index.php?rest_route=\/wp\/v2\/posts\/20629","targetHints":{"allow":["GET"]}}],"collection":[{"href":"https:\/\/insideamateurfussball-ffm.de\/index.php?rest_route=\/wp\/v2\/posts"}],"about":[{"href":"https:\/\/insideamateurfussball-ffm.de\/index.php?rest_route=\/wp\/v2\/types\/post"}],"author":[{"embeddable":true,"href":"https:\/\/insideamateurfussball-ffm.de\/index.php?rest_route=\/wp\/v2\/users\/1"}],"replies":[{"embeddable":true,"href":"https:\/\/insideamateurfussball-ffm.de\/index.php?rest_route=%2Fwp%2Fv2%2Fcomments&post=20629"}],"version-history":[{"count":2,"href":"https:\/\/insideamateurfussball-ffm.de\/index.php?rest_route=\/wp\/v2\/posts\/20629\/revisions"}],"predecessor-version":[{"id":20632,"href":"https:\/\/insideamateurfussball-ffm.de\/index.php?rest_route=\/wp\/v2\/posts\/20629\/revisions\/20632"}],"wp:featuredmedia":[{"embeddable":true,"href":"https:\/\/insideamateurfussball-ffm.de\/index.php?rest_route=\/wp\/v2\/media\/20630"}],"wp:attachment":[{"href":"https:\/\/insideamateurfussball-ffm.de\/index.php?rest_route=%2Fwp%2Fv2%2Fmedia&parent=20629"}],"wp:term":[{"taxonomy":"category","embeddable":true,"href":"https:\/\/insideamateurfussball-ffm.de\/index.php?rest_route=%2Fwp%2Fv2%2Fcategories&post=20629"},{"taxonomy":"post_tag","embeddable":true,"href":"https:\/\/insideamateurfussball-ffm.de\/index.php?rest_route=%2Fwp%2Fv2%2Ftags&post=20629"}],"curies":[{"name":"wp","href":"https:\/\/api.w.org\/{rel}","templated":true}]}}