{"id":20625,"date":"2024-09-02T17:43:00","date_gmt":"2024-09-02T15:43:00","guid":{"rendered":"https:\/\/insideamateurfussball-ffm.de\/?p=20625"},"modified":"2024-09-02T20:01:13","modified_gmt":"2024-09-02T18:01:13","slug":"dortelweil-ungeschlagen-spitzenreiter","status":"publish","type":"post","link":"https:\/\/insideamateurfussball-ffm.de\/?p=20625","title":{"rendered":"Dortelweil ungeschlagen Spitzenreiter!"},"content":{"rendered":"<h5>Der SC Dortelweil steht nach dem 2:1-Sieg \u00fcber den SKV Rot-Wei\u00df Darmstadt an der Tabellenspitze der Verbandsliga S\u00fcd. Mit 14 Punkten aus sechs Spielen f\u00fchrt der SCD das Klassement an, kann jedoch morgen vom SV Pars Neu-Isenburg \u00fcberfl\u00fcgelt werden, sollte der Tabellenzweite gegen die Sportfreunde Seligenstadt gewinnen.<\/h5>\n<figure id=\"attachment_20627\" aria-describedby=\"caption-attachment-20627\" style=\"width: 150px\" class=\"wp-caption alignleft\"><img loading=\"lazy\" decoding=\"async\" class=\"wp-image-20627 size-thumbnail\" src=\"http:\/\/insideamateurfussball-ffm.de\/wp-content\/uploads\/2024\/09\/dord3-3-150x150.jpg\" alt=\"\" width=\"150\" height=\"150\" \/><figcaption id=\"caption-attachment-20627\" class=\"wp-caption-text\">Der SC Dortelweil sorgt f\u00fcr Furore. Foto: Archiv Mithat G\u00fcrser.\u00a0<\/figcaption><\/figure>\n<h5><span style=\"font-size: 16px;\">SC Dortelweil &#8211; SKV Rot-Wei\u00df Darmstadt 2:1 (1:0)<\/span><\/h5>\n<p><img loading=\"lazy\" decoding=\"async\" class=\"alignnone size-full wp-image-598\" src=\"http:\/\/insideamateurfussball-ffm.de\/wp-content\/uploads\/2022\/06\/Dortelweil.jpg\" alt=\"\" width=\"80\" height=\"80\" \/><img loading=\"lazy\" decoding=\"async\" class=\"alignnone size-full wp-image-328\" src=\"http:\/\/insideamateurfussball-ffm.de\/wp-content\/uploads\/2022\/05\/RWDA.png\" alt=\"\" width=\"76\" height=\"80\" \/><\/p>\n<p><span style=\"font-size: 16px;\">&#8222;Wir wollen uns von einer zur n\u00e4chsten Partie steigern, es geht um den Prozess und die Entwicklung&#8220;, sagt Dortelweils Trainer G\u00fcltekin Cagritekin zum aktuellen Lauf. Nach zwei Remis zum Auftakt gab es n\u00e4mlich vier Siege in Folge. <\/span><\/p>\n<p><span style=\"font-size: 16px;\">Gegen die G\u00e4ste aus Darmstadt waren die Gastgeber durch ein Eigentor von Patrick Bohn nach einer Hereingabe von Masahito Morishima in F\u00fchrung gegangen (33.). <\/span><\/p>\n<p><span style=\"font-size: 16px;\">Der gleiche G\u00e4steakteur glich nach dem Seitenwechsel per Foulelfmeter aus (53.). Den Siegtreffer der Dortelweiler markierte der vom FC Kalbach gewechselte Bennet Batton in der 68. Minute. &#8222;Ich finde, dass unsere 14 Punkte gerechtferigt sind. Es gilt, in dieser durch die Ab- und Aufsteiger noch engeren Liga weiter konstant zu punkten&#8220;, so Cagritekins Marschroute vor dem n\u00e4chsten Spiel bei Germania Ober-Roden (Sonntag, 15 Uhr).\u00a0<\/span><\/p>\n<ul>\n<li><strong><span style=\"font-size: 16px;\">Schiedsrichter: Lennard Goronzy (Sportfreunde\/Blau-Gelb Marburg).<\/span><\/strong><\/li>\n<li><strong><span style=\"font-size: 16px;\">Zuschauer: 150.<\/span><\/strong><\/li>\n<li><strong><span style=\"font-size: 16px;\">Tore: 1:0 Patrick Bohn (33.\/Eigentor), 1:1 Patrick Bohn (53.\/Foulelfmeter), 2:1 Benett Batton (68.).<\/span><\/strong><\/li>\n<\/ul>\n","protected":false},"excerpt":{"rendered":"<p>Der SC Dortelweil steht nach dem 2:1-Sieg \u00fcber den SKV Rot-Wei\u00df Darmstadt an der Tabellenspitze der Verbandsliga S\u00fcd. Mit 14 Punkten aus sechs Spielen f\u00fchrt der SCD das Klassement an, kann jedoch morgen vom SV Pars Neu-Isenburg \u00fcberfl\u00fcgelt werden, sollte der Tabellenzweite gegen die Sportfreunde Seligenstadt gewinnen. SC Dortelweil &#8211; SKV Rot-Wei\u00df Darmstadt 2:1 (1:0) [&hellip;]<\/p>\n","protected":false},"author":1,"featured_media":20627,"comment_status":"closed","ping_status":"closed","sticky":true,"template":"","format":"standard","meta":{"footnotes":""},"categories":[10],"tags":[],"class_list":["post-20625","post","type-post","status-publish","format-standard","has-post-thumbnail","hentry","category-verbandsliga-sued"],"_links":{"self":[{"href":"https:\/\/insideamateurfussball-ffm.de\/index.php?rest_route=\/wp\/v2\/posts\/20625","targetHints":{"allow":["GET"]}}],"collection":[{"href":"https:\/\/insideamateurfussball-ffm.de\/index.php?rest_route=\/wp\/v2\/posts"}],"about":[{"href":"https:\/\/insideamateurfussball-ffm.de\/index.php?rest_route=\/wp\/v2\/types\/post"}],"author":[{"embeddable":true,"href":"https:\/\/insideamateurfussball-ffm.de\/index.php?rest_route=\/wp\/v2\/users\/1"}],"replies":[{"embeddable":true,"href":"https:\/\/insideamateurfussball-ffm.de\/index.php?rest_route=%2Fwp%2Fv2%2Fcomments&post=20625"}],"version-history":[{"count":1,"href":"https:\/\/insideamateurfussball-ffm.de\/index.php?rest_route=\/wp\/v2\/posts\/20625\/revisions"}],"predecessor-version":[{"id":20628,"href":"https:\/\/insideamateurfussball-ffm.de\/index.php?rest_route=\/wp\/v2\/posts\/20625\/revisions\/20628"}],"wp:featuredmedia":[{"embeddable":true,"href":"https:\/\/insideamateurfussball-ffm.de\/index.php?rest_route=\/wp\/v2\/media\/20627"}],"wp:attachment":[{"href":"https:\/\/insideamateurfussball-ffm.de\/index.php?rest_route=%2Fwp%2Fv2%2Fmedia&parent=20625"}],"wp:term":[{"taxonomy":"category","embeddable":true,"href":"https:\/\/insideamateurfussball-ffm.de\/index.php?rest_route=%2Fwp%2Fv2%2Fcategories&post=20625"},{"taxonomy":"post_tag","embeddable":true,"href":"https:\/\/insideamateurfussball-ffm.de\/index.php?rest_route=%2Fwp%2Fv2%2Ftags&post=20625"}],"curies":[{"name":"wp","href":"https:\/\/api.w.org\/{rel}","templated":true}]}}