{"id":20615,"date":"2024-09-02T19:27:51","date_gmt":"2024-09-02T17:27:51","guid":{"rendered":"https:\/\/insideamateurfussball-ffm.de\/?p=20615"},"modified":"2024-09-02T19:27:51","modified_gmt":"2024-09-02T17:27:51","slug":"tuerkguecue-unterliegt-bad-vilbel-mit-02","status":"publish","type":"post","link":"https:\/\/insideamateurfussball-ffm.de\/?p=20615","title":{"rendered":"T\u00fcrkg\u00fcc\u00fc unterliegt Bad Vilbel mit 0:2"},"content":{"rendered":"<h4>Nach dem Sieg gegen Stierstadt erhoffte sich der Aufsteiger T\u00fcrkg\u00fcc\u00fc gegen den FV Bad Vilbel weitere Punkte, am Ende musste man sich dem Gegner aber mit 0:2 geschlagen geben.<\/h4>\n<figure id=\"attachment_20622\" aria-describedby=\"caption-attachment-20622\" style=\"width: 2016px\" class=\"wp-caption alignnone\"><img loading=\"lazy\" decoding=\"async\" class=\"wp-image-20622 size-full\" src=\"http:\/\/insideamateurfussball-ffm.de\/wp-content\/uploads\/2024\/09\/tuerkguecuevilbel23.jpg\" alt=\"\" width=\"2016\" height=\"1512\" srcset=\"https:\/\/insideamateurfussball-ffm.de\/wp-content\/uploads\/2024\/09\/tuerkguecuevilbel23.jpg 2016w, https:\/\/insideamateurfussball-ffm.de\/wp-content\/uploads\/2024\/09\/tuerkguecuevilbel23-300x225.jpg 300w, https:\/\/insideamateurfussball-ffm.de\/wp-content\/uploads\/2024\/09\/tuerkguecuevilbel23-1024x768.jpg 1024w, https:\/\/insideamateurfussball-ffm.de\/wp-content\/uploads\/2024\/09\/tuerkguecuevilbel23-768x576.jpg 768w, https:\/\/insideamateurfussball-ffm.de\/wp-content\/uploads\/2024\/09\/tuerkguecuevilbel23-1536x1152.jpg 1536w\" sizes=\"auto, (max-width: 2016px) 100vw, 2016px\" \/><figcaption id=\"caption-attachment-20622\" class=\"wp-caption-text\">Der FV Bad Vilbel durfte am Ende jubeln. Foto: MZ<\/figcaption><\/figure>\n<h4>T\u00fcrkg\u00fcc\u00fc Frankfurt &#8211; FV Bad Vilbel 0:2 (0:1)<\/h4>\n<p><img loading=\"lazy\" decoding=\"async\" class=\"alignnone size-full wp-image-17\" src=\"http:\/\/insideamateurfussball-ffm.de\/wp-content\/uploads\/2021\/11\/Tuerkguecue.jpg\" alt=\"\" width=\"72\" height=\"80\" \/><img loading=\"lazy\" decoding=\"async\" class=\"alignnone size-full wp-image-146\" src=\"http:\/\/insideamateurfussball-ffm.de\/wp-content\/uploads\/2022\/05\/FV-Bad-Vilbel.jpg\" alt=\"\" width=\"80\" height=\"80\" \/><\/p>\n<p>\u00dcber 30 Grad und ein holpriger und schwer zu bespielender Rasenplatz erwarteten die Zuschauer beim Spiel von T\u00fcrkg\u00fcc\u00fc Frankfurt gegen den FV Bad Vilbel. Und der Aufsteiger wollte das Momentum von seinem ersten Sieg in der Gruppenliga der letzten Woche mitnehmen. Aber bereits fr\u00fch wurden die Gastgeber vom FV Bad Vilbel geschockt, nach einem Abwehrfehler schoss Leonardo Dilema die G\u00e4ste bereits in der 5.Minute in F\u00fchrung. Die Kurst\u00e4dter bestimmten weiterhin das Spiel, T\u00fcrkg\u00fcc\u00fc konnte sich bei seinem Torwart Vasile Crivoveazii bedanken, der in der 16.Minute dreimal kurz hintereinander gegen die gegnerischen St\u00fcrmer retten musste. Nach 25 Minuten kam der Gastgeber besser ins Spiel, gro\u00dfe Torchancen konnten sich kaum erspielt werden oder wurden wie in der 30.Minute vert\u00e4ndelt, als der St\u00fcrmer statt den Abschluss zu suchen noch einmal querlegte und der Angriff verpuffte.<\/p>\n<p>In der Halbzeit suchten beide Mannschaften den Schatten, um sich auf die zweite H\u00e4lfte vorzubereiten. In der zweiten Halbzeit kam der Gastgeber besser ins Spiel und hatte in der 56.Minute durch Ozan Keskin eine gute Chance aus 16 Metern, die Bad Vilbels Torwart Max Schwochow aber zunichtemachen konnte. In der 56.Minute unterbrach der Schiedsrichter dann die Partie und schickte beide Mannschaften in ihren Strafraum, nach einem Gerangel zweier Spieler erhitzen sich die Gem\u00fcter bei den Zuschauern, als ein Bad Vilbeler Zuschauer auf das Spielfeld lief. Nach 5 Minuten Unterbrechung ging das Spiel dann weiter, und zwar mit drei guten Chancen f\u00fcr T\u00fcrkg\u00fcc\u00fc, Ozan Keskin scheiterte erneut an Schwochow und Aleksandar Sasa Matovic verfehlte eine Hereingabe nur um eine Schuhspitze.<\/p>\n<p>Bad Vilbel kam nur noch punktuell in die Offensive, aber bei einem Gegensto\u00df wurde Malik Makey freigespielt, mit einem scharfen Schuss in die kurze Ecke erzielte er in der 82.Minute das 0:2, bei dieser Hitze auch die Entscheidung.<\/p>\n<p>Vorstandsmitglied Duran G\u00fcng\u00f6r nach dem Spiel: \u201ewir haben heute ganz schlecht angefangen, die ersten 15, 20 Minuten total verschlafen, Bad Vilbel h\u00e4tte eigentlich 2:0 oder 3:0 f\u00fchren m\u00fcssen bis dahin. Danach haben wir es eigentlich gut gemacht, wir haben uns Torchancen erarbeitet, aber heute sollte es einfach nicht sein. Wir schauen einfach nach vorne, das Spiel ist abgehakt f\u00fcr uns, wir w\u00fcnschen Bad Vilbel alles Gute, und dann schauen wir, dass wir gegen Kalbach, auch wenn es schwer wird, das Ganze vielleicht besser machen\u201c.<\/p>\n<p>Bereits am Dienstag folgt also das Heimspiel gegen den FC Kalbach, wegen des fehlenden Flutlichts wird am Rebstock gespielt, und am Sonntag geht es dann zum FC Tempo.<\/p>\n<h4>Schiedsrichter: Patrick Werner (SKG Bauschheim). Zuschauer: 120.<\/h4>\n<h4>Tore: 0:1 Leonardo Dilema (5.), 0:2 Malik Makey (82.)<\/h4>\n\n\n<figure class=\"wp-block-image size-large\"><img loading=\"lazy\" decoding=\"async\" width=\"1024\" height=\"768\" src=\"http:\/\/insideamateurfussball-ffm.de\/wp-content\/uploads\/2024\/09\/tuerkguecuevilbel06-1024x768.jpg\" alt=\"\" class=\"wp-image-20616\" srcset=\"https:\/\/insideamateurfussball-ffm.de\/wp-content\/uploads\/2024\/09\/tuerkguecuevilbel06-1024x768.jpg 1024w, https:\/\/insideamateurfussball-ffm.de\/wp-content\/uploads\/2024\/09\/tuerkguecuevilbel06-300x225.jpg 300w, https:\/\/insideamateurfussball-ffm.de\/wp-content\/uploads\/2024\/09\/tuerkguecuevilbel06-768x576.jpg 768w, https:\/\/insideamateurfussball-ffm.de\/wp-content\/uploads\/2024\/09\/tuerkguecuevilbel06-1536x1152.jpg 1536w, https:\/\/insideamateurfussball-ffm.de\/wp-content\/uploads\/2024\/09\/tuerkguecuevilbel06.jpg 2016w\" sizes=\"auto, (max-width: 1024px) 100vw, 1024px\" \/><\/figure>\n\n\n\n<figure class=\"wp-block-image size-large\"><img loading=\"lazy\" decoding=\"async\" width=\"1024\" height=\"768\" src=\"http:\/\/insideamateurfussball-ffm.de\/wp-content\/uploads\/2024\/09\/tuerkguecuevilbel09-1024x768.jpg\" alt=\"\" class=\"wp-image-20617\" srcset=\"https:\/\/insideamateurfussball-ffm.de\/wp-content\/uploads\/2024\/09\/tuerkguecuevilbel09-1024x768.jpg 1024w, https:\/\/insideamateurfussball-ffm.de\/wp-content\/uploads\/2024\/09\/tuerkguecuevilbel09-300x225.jpg 300w, https:\/\/insideamateurfussball-ffm.de\/wp-content\/uploads\/2024\/09\/tuerkguecuevilbel09-768x576.jpg 768w, https:\/\/insideamateurfussball-ffm.de\/wp-content\/uploads\/2024\/09\/tuerkguecuevilbel09-1536x1152.jpg 1536w, https:\/\/insideamateurfussball-ffm.de\/wp-content\/uploads\/2024\/09\/tuerkguecuevilbel09.jpg 2016w\" sizes=\"auto, (max-width: 1024px) 100vw, 1024px\" \/><\/figure>\n\n\n\n<figure class=\"wp-block-image size-large\"><img loading=\"lazy\" decoding=\"async\" width=\"1024\" height=\"768\" src=\"http:\/\/insideamateurfussball-ffm.de\/wp-content\/uploads\/2024\/09\/tuerkguecuevilbel14-1024x768.jpg\" alt=\"\" class=\"wp-image-20618\" srcset=\"https:\/\/insideamateurfussball-ffm.de\/wp-content\/uploads\/2024\/09\/tuerkguecuevilbel14-1024x768.jpg 1024w, https:\/\/insideamateurfussball-ffm.de\/wp-content\/uploads\/2024\/09\/tuerkguecuevilbel14-300x225.jpg 300w, https:\/\/insideamateurfussball-ffm.de\/wp-content\/uploads\/2024\/09\/tuerkguecuevilbel14-768x576.jpg 768w, https:\/\/insideamateurfussball-ffm.de\/wp-content\/uploads\/2024\/09\/tuerkguecuevilbel14-1536x1152.jpg 1536w, https:\/\/insideamateurfussball-ffm.de\/wp-content\/uploads\/2024\/09\/tuerkguecuevilbel14.jpg 2016w\" sizes=\"auto, (max-width: 1024px) 100vw, 1024px\" \/><\/figure>\n\n\n\n<figure class=\"wp-block-image size-large\"><img loading=\"lazy\" decoding=\"async\" width=\"1024\" height=\"768\" src=\"http:\/\/insideamateurfussball-ffm.de\/wp-content\/uploads\/2024\/09\/tuerkguecuevilbel17-1024x768.jpg\" alt=\"\" class=\"wp-image-20619\" srcset=\"https:\/\/insideamateurfussball-ffm.de\/wp-content\/uploads\/2024\/09\/tuerkguecuevilbel17-1024x768.jpg 1024w, https:\/\/insideamateurfussball-ffm.de\/wp-content\/uploads\/2024\/09\/tuerkguecuevilbel17-300x225.jpg 300w, https:\/\/insideamateurfussball-ffm.de\/wp-content\/uploads\/2024\/09\/tuerkguecuevilbel17-768x576.jpg 768w, https:\/\/insideamateurfussball-ffm.de\/wp-content\/uploads\/2024\/09\/tuerkguecuevilbel17-1536x1152.jpg 1536w, https:\/\/insideamateurfussball-ffm.de\/wp-content\/uploads\/2024\/09\/tuerkguecuevilbel17.jpg 2016w\" sizes=\"auto, (max-width: 1024px) 100vw, 1024px\" \/><\/figure>\n\n\n\n<figure class=\"wp-block-image size-large\"><img loading=\"lazy\" decoding=\"async\" width=\"1024\" height=\"768\" src=\"http:\/\/insideamateurfussball-ffm.de\/wp-content\/uploads\/2024\/09\/tuerkguecuevilbel18-1024x768.jpg\" alt=\"\" class=\"wp-image-20620\" srcset=\"https:\/\/insideamateurfussball-ffm.de\/wp-content\/uploads\/2024\/09\/tuerkguecuevilbel18-1024x768.jpg 1024w, https:\/\/insideamateurfussball-ffm.de\/wp-content\/uploads\/2024\/09\/tuerkguecuevilbel18-300x225.jpg 300w, https:\/\/insideamateurfussball-ffm.de\/wp-content\/uploads\/2024\/09\/tuerkguecuevilbel18-768x576.jpg 768w, https:\/\/insideamateurfussball-ffm.de\/wp-content\/uploads\/2024\/09\/tuerkguecuevilbel18-1536x1152.jpg 1536w, https:\/\/insideamateurfussball-ffm.de\/wp-content\/uploads\/2024\/09\/tuerkguecuevilbel18.jpg 2016w\" sizes=\"auto, (max-width: 1024px) 100vw, 1024px\" \/><\/figure>\n\n\n\n<figure class=\"wp-block-image size-large\"><img loading=\"lazy\" decoding=\"async\" width=\"1024\" height=\"768\" src=\"http:\/\/insideamateurfussball-ffm.de\/wp-content\/uploads\/2024\/09\/tuerkguecuevilbel22-1024x768.jpg\" alt=\"\" class=\"wp-image-20621\" srcset=\"https:\/\/insideamateurfussball-ffm.de\/wp-content\/uploads\/2024\/09\/tuerkguecuevilbel22-1024x768.jpg 1024w, https:\/\/insideamateurfussball-ffm.de\/wp-content\/uploads\/2024\/09\/tuerkguecuevilbel22-300x225.jpg 300w, https:\/\/insideamateurfussball-ffm.de\/wp-content\/uploads\/2024\/09\/tuerkguecuevilbel22-768x576.jpg 768w, https:\/\/insideamateurfussball-ffm.de\/wp-content\/uploads\/2024\/09\/tuerkguecuevilbel22-1536x1152.jpg 1536w, https:\/\/insideamateurfussball-ffm.de\/wp-content\/uploads\/2024\/09\/tuerkguecuevilbel22.jpg 2016w\" sizes=\"auto, (max-width: 1024px) 100vw, 1024px\" \/><\/figure>\n","protected":false},"excerpt":{"rendered":"<p>Nach dem Sieg gegen Stierstadt erhoffte sich der Aufsteiger T\u00fcrkg\u00fcc\u00fc gegen den FV Bad Vilbel weitere Punkte, am Ende musste man sich dem Gegner aber mit 0:2 geschlagen geben. T\u00fcrkg\u00fcc\u00fc Frankfurt &#8211; FV Bad Vilbel 0:2 (0:1) \u00dcber 30 Grad und ein holpriger und schwer zu bespielender Rasenplatz erwarteten die Zuschauer beim Spiel von T\u00fcrkg\u00fcc\u00fc [&hellip;]<\/p>\n","protected":false},"author":3,"featured_media":20622,"comment_status":"closed","ping_status":"open","sticky":true,"template":"","format":"standard","meta":{"footnotes":""},"categories":[13],"tags":[],"class_list":["post-20615","post","type-post","status-publish","format-standard","has-post-thumbnail","hentry","category-gruppenliga-frankfurt-west"],"_links":{"self":[{"href":"https:\/\/insideamateurfussball-ffm.de\/index.php?rest_route=\/wp\/v2\/posts\/20615","targetHints":{"allow":["GET"]}}],"collection":[{"href":"https:\/\/insideamateurfussball-ffm.de\/index.php?rest_route=\/wp\/v2\/posts"}],"about":[{"href":"https:\/\/insideamateurfussball-ffm.de\/index.php?rest_route=\/wp\/v2\/types\/post"}],"author":[{"embeddable":true,"href":"https:\/\/insideamateurfussball-ffm.de\/index.php?rest_route=\/wp\/v2\/users\/3"}],"replies":[{"embeddable":true,"href":"https:\/\/insideamateurfussball-ffm.de\/index.php?rest_route=%2Fwp%2Fv2%2Fcomments&post=20615"}],"version-history":[{"count":2,"href":"https:\/\/insideamateurfussball-ffm.de\/index.php?rest_route=\/wp\/v2\/posts\/20615\/revisions"}],"predecessor-version":[{"id":20624,"href":"https:\/\/insideamateurfussball-ffm.de\/index.php?rest_route=\/wp\/v2\/posts\/20615\/revisions\/20624"}],"wp:featuredmedia":[{"embeddable":true,"href":"https:\/\/insideamateurfussball-ffm.de\/index.php?rest_route=\/wp\/v2\/media\/20622"}],"wp:attachment":[{"href":"https:\/\/insideamateurfussball-ffm.de\/index.php?rest_route=%2Fwp%2Fv2%2Fmedia&parent=20615"}],"wp:term":[{"taxonomy":"category","embeddable":true,"href":"https:\/\/insideamateurfussball-ffm.de\/index.php?rest_route=%2Fwp%2Fv2%2Fcategories&post=20615"},{"taxonomy":"post_tag","embeddable":true,"href":"https:\/\/insideamateurfussball-ffm.de\/index.php?rest_route=%2Fwp%2Fv2%2Ftags&post=20615"}],"curies":[{"name":"wp","href":"https:\/\/api.w.org\/{rel}","templated":true}]}}