{"id":20609,"date":"2024-09-02T18:55:43","date_gmt":"2024-09-02T16:55:43","guid":{"rendered":"https:\/\/insideamateurfussball-ffm.de\/?p=20609"},"modified":"2024-09-02T18:55:43","modified_gmt":"2024-09-02T16:55:43","slug":"fechenheim-besiegt-speuzer-mit-41","status":"publish","type":"post","link":"https:\/\/insideamateurfussball-ffm.de\/?p=20609","title":{"rendered":"Fechenheim besiegt Speuzer mit 4:1"},"content":{"rendered":"<h4>Die Spvgg. 03 Fechenheim besiegte am Sonntag den FFV Sportfreunde 04 klar mit 4:1, womit sie sich mit ihrem zweiten Sieg ins Mittelfeld der Tabelle absetzen konnten, w\u00e4hrend die Speuzer mit einem Punkt im Tabellenkeller stehen bleiben.<\/h4>\n<figure id=\"attachment_19911\" aria-describedby=\"caption-attachment-19911\" style=\"width: 2000px\" class=\"wp-caption alignnone\"><img loading=\"lazy\" decoding=\"async\" class=\"wp-image-19911 size-full\" src=\"http:\/\/insideamateurfussball-ffm.de\/wp-content\/uploads\/2024\/07\/Casalino.jpg\" alt=\"\" width=\"2000\" height=\"1333\" srcset=\"https:\/\/insideamateurfussball-ffm.de\/wp-content\/uploads\/2024\/07\/Casalino.jpg 2000w, https:\/\/insideamateurfussball-ffm.de\/wp-content\/uploads\/2024\/07\/Casalino-300x200.jpg 300w, https:\/\/insideamateurfussball-ffm.de\/wp-content\/uploads\/2024\/07\/Casalino-1024x682.jpg 1024w, https:\/\/insideamateurfussball-ffm.de\/wp-content\/uploads\/2024\/07\/Casalino-768x512.jpg 768w, https:\/\/insideamateurfussball-ffm.de\/wp-content\/uploads\/2024\/07\/Casalino-1536x1024.jpg 1536w\" sizes=\"auto, (max-width: 2000px) 100vw, 2000px\" \/><figcaption id=\"caption-attachment-19911\" class=\"wp-caption-text\">Felix Casalino konnte zwei Treffer zum 4:1-Sieg beisteuern. Foto: Fechenheim<\/figcaption><\/figure>\n<h4>Spvgg. 03 Fechenheim &#8211; FFV Sportfreunde 04 4:1 (0:0)<\/h4>\n<p><img loading=\"lazy\" decoding=\"async\" class=\"alignnone size-full wp-image-603\" src=\"http:\/\/insideamateurfussball-ffm.de\/wp-content\/uploads\/2022\/06\/Fech03.jpg\" alt=\"\" width=\"52\" height=\"80\" \/><img loading=\"lazy\" decoding=\"async\" class=\"alignnone size-full wp-image-141\" src=\"http:\/\/insideamateurfussball-ffm.de\/wp-content\/uploads\/2022\/05\/Speuzer.jpg\" alt=\"\" width=\"80\" height=\"80\" \/><\/p>\n<p>Eine \u00dcberraschung gab es in der Woche bei der Spvgg. 03 Fechenheim, Trainer Maximilian Schmidt wollte aus gesundheitlichen Gr\u00fcnden bis auf Weiteres eine Auszeit nehmen, interimsm\u00e4\u00dfig \u00fcbernimmt der Sportliche Leiter Asghar Ali-Jaali die Verantwortung an der Au\u00dfenlinie. Bei seiner Premiere waren die FFV Sportfreunde 04 zu Gast, deren Trainer Ramzi Kallel auch fr\u00fcher in Fechenheim t\u00e4tig war.<\/p>\n<p>\u00dcber die erste Halbzeit, die mit einem 0:0 endete, gibt es von den Beteiligten etwas unterschiedliche Bewertungen. Kallel: \u201ewir haben sehr gut angefangen, die erste Halbzeit geht an uns. Wir hatten viele Chancen und den Gegner dominiert. Wir hatten einen guten Plan gegen meinen Ex-Verein und hatten 6 gute Torchancen in der ersten H\u00e4lfte.\u201c Trainer Ali-Jaali sagte indes: \u201ewir haben uns anfangs schwergetan, hatten aber gute Chancen, z.B. durch Felix Casalino, der zweimal alleine aufs Tor zul\u00e4uft. Wir haben ein- oder zweimal auch Gl\u00fcck gehabt, z.B. als Buchholz einen Kopfball klasse pariert. Aber auch mit unserem Elfmeter hatten wir in der ersten Halbzeit die glasklareren Chancen\u201c. Kurz vor der Pause scheiterte Yassin Benjilali mit einem Elfmeter an FFV-Torwart Rachid D\u00f6hring.<\/p>\n<h3>Schnelle Vorentscheidung in der 2.Halbzeit<\/h3>\n<p>In der zweiten H\u00e4lfte starteten die Speuzer nach den Worten von Kallel \u201eschl\u00e4frig\u201c, w\u00e4hrend Ali-Jaali best\u00e4tigte, dass es eine \u201eaufr\u00fcttelnde Kabinenansprache\u201c gegeben habe. \u00a0Und die Fechenheimer erzielten bereits in der 47.Minute durch Yassin Chaouki das 1:0. Nur zwei Minuten sp\u00e4ter erhielt der Speuzer Abdelhadi Assim nach einer Notbremse die rote Karte, bei dem hei\u00dfen Wetter schon so etwas wie die Vorentscheidung, auch wenn Kallel meinte, dass die G\u00e4ste auch in Unterzahl \u201enoch gen\u00fcgend Chancen hatten\u201c.<\/p>\n<p>Es dauerte bis zur 57.Minute, ehe Roberto Martins Pereira mit dem 2:0 die Weichen endg\u00fcltig auf Sieg stellte, Felix Casalino baute die F\u00fchrung in der 63.Minute auf 3:0 aus. Die Sportfreunde gaben nie auf und verdienten sich den Anschlusstreffer durch Seni Facinet Sylla in der 72.Minute, doch den Schlusspunkt zum 4:1 setzte erneut Casalino in der 90.Minute. Ali-Jaali: \u201enach den Ereignissen in der letzten Woche war der Sieg wichtig, die Sportfreunde haben sich nie aufgegeben, aber aufgrund der zweiten Halbzeit war der Sieg verdient.\u201c<\/p>\n<p>Kallel hatte gemischte Gef\u00fchle: \u201eich bin entt\u00e4uscht, wie fahrl\u00e4ssig wir mit unseren Torchancen umgegangen sind, aber ich war in der ersten H\u00e4lfte trotzdem stolz auf die Jungs, auch wenn wir zur Pause mit 3:1 h\u00e4tten f\u00fchren m\u00fcssen.\u201c<\/p>\n<p>F\u00fcr Fechenheim geht es jetzt in der englischen Woche am Mittwoch zum FV Bad Vilbel, ehe am Sonntag der Tabellenletzte 1.FC-TSG K\u00f6nigstein an die Birsteiner Stra\u00dfe kommt. Die Sportfreunde 04 dagegen empfangen am Donnerstag den Tabellenletzten 1.FC-TSG K\u00f6nigstein und am Sonntag den FC Kalbach.<\/p>\n<h4>Schiedsrichter: Lucas Renner (Olympia Lorsch). Zuschauer: 100.<\/h4>\n<h4>Tore: 1:0 Yassin Chaouki (47.), 2:0 Roberto Martins Pereira (57.), 3:0 Felix Casalino (63.), 3:1 Seni Facinet Sylla (72.), 4:1 Felix Casalino (90.)<\/h4>\n","protected":false},"excerpt":{"rendered":"<p>Die Spvgg. 03 Fechenheim besiegte am Sonntag den FFV Sportfreunde 04 klar mit 4:1, womit sie sich mit ihrem zweiten Sieg ins Mittelfeld der Tabelle absetzen konnten, w\u00e4hrend die Speuzer mit einem Punkt im Tabellenkeller stehen bleiben. Spvgg. 03 Fechenheim &#8211; FFV Sportfreunde 04 4:1 (0:0) Eine \u00dcberraschung gab es in der Woche bei der [&hellip;]<\/p>\n","protected":false},"author":3,"featured_media":19911,"comment_status":"closed","ping_status":"open","sticky":true,"template":"","format":"standard","meta":{"footnotes":""},"categories":[13],"tags":[],"class_list":["post-20609","post","type-post","status-publish","format-standard","has-post-thumbnail","hentry","category-gruppenliga-frankfurt-west"],"_links":{"self":[{"href":"https:\/\/insideamateurfussball-ffm.de\/index.php?rest_route=\/wp\/v2\/posts\/20609","targetHints":{"allow":["GET"]}}],"collection":[{"href":"https:\/\/insideamateurfussball-ffm.de\/index.php?rest_route=\/wp\/v2\/posts"}],"about":[{"href":"https:\/\/insideamateurfussball-ffm.de\/index.php?rest_route=\/wp\/v2\/types\/post"}],"author":[{"embeddable":true,"href":"https:\/\/insideamateurfussball-ffm.de\/index.php?rest_route=\/wp\/v2\/users\/3"}],"replies":[{"embeddable":true,"href":"https:\/\/insideamateurfussball-ffm.de\/index.php?rest_route=%2Fwp%2Fv2%2Fcomments&post=20609"}],"version-history":[{"count":2,"href":"https:\/\/insideamateurfussball-ffm.de\/index.php?rest_route=\/wp\/v2\/posts\/20609\/revisions"}],"predecessor-version":[{"id":20611,"href":"https:\/\/insideamateurfussball-ffm.de\/index.php?rest_route=\/wp\/v2\/posts\/20609\/revisions\/20611"}],"wp:featuredmedia":[{"embeddable":true,"href":"https:\/\/insideamateurfussball-ffm.de\/index.php?rest_route=\/wp\/v2\/media\/19911"}],"wp:attachment":[{"href":"https:\/\/insideamateurfussball-ffm.de\/index.php?rest_route=%2Fwp%2Fv2%2Fmedia&parent=20609"}],"wp:term":[{"taxonomy":"category","embeddable":true,"href":"https:\/\/insideamateurfussball-ffm.de\/index.php?rest_route=%2Fwp%2Fv2%2Fcategories&post=20609"},{"taxonomy":"post_tag","embeddable":true,"href":"https:\/\/insideamateurfussball-ffm.de\/index.php?rest_route=%2Fwp%2Fv2%2Ftags&post=20609"}],"curies":[{"name":"wp","href":"https:\/\/api.w.org\/{rel}","templated":true}]}}