{"id":20606,"date":"2024-09-02T18:44:44","date_gmt":"2024-09-02T16:44:44","guid":{"rendered":"https:\/\/insideamateurfussball-ffm.de\/?p=20606"},"modified":"2024-09-02T18:44:44","modified_gmt":"2024-09-02T16:44:44","slug":"kalbach-rettet-in-der-schlussphase-ein-22","status":"publish","type":"post","link":"https:\/\/insideamateurfussball-ffm.de\/?p=20606","title":{"rendered":"Kalbach rettet in der Schlussphase ein 2:2"},"content":{"rendered":"<h4>Der FC Kalbach musste die ersten Punkte in dieser Saison abgeben, nach einem 0:2 konnten die Frankfurter in den letzten 10 Minuten den R\u00fcckstand noch wettmachen und kamen noch zum 2:2 gegen den T\u00fcrkischen SV Bad Nauheim.<\/h4>\n<figure id=\"attachment_20238\" aria-describedby=\"caption-attachment-20238\" style=\"width: 945px\" class=\"wp-caption alignnone\"><img loading=\"lazy\" decoding=\"async\" class=\"wp-image-20238 size-full\" src=\"http:\/\/insideamateurfussball-ffm.de\/wp-content\/uploads\/2024\/08\/bos4.jpg\" alt=\"\" width=\"945\" height=\"719\" srcset=\"https:\/\/insideamateurfussball-ffm.de\/wp-content\/uploads\/2024\/08\/bos4.jpg 945w, https:\/\/insideamateurfussball-ffm.de\/wp-content\/uploads\/2024\/08\/bos4-300x228.jpg 300w, https:\/\/insideamateurfussball-ffm.de\/wp-content\/uploads\/2024\/08\/bos4-768x584.jpg 768w\" sizes=\"auto, (max-width: 945px) 100vw, 945px\" \/><figcaption id=\"caption-attachment-20238\" class=\"wp-caption-text\">Der T\u00fcrkische SV Bad Nauheim konnte in Kalbach ein Unentschieden erreichen. Foto: Archiv Mithat G\u00fcrser<\/figcaption><\/figure>\n<h4>FC Kalbach &#8211; T\u00fcrkischer SV Bad Nauheim 2:2 (0:2)<\/h4>\n<p><img loading=\"lazy\" decoding=\"async\" class=\"alignnone size-full wp-image-16\" src=\"http:\/\/insideamateurfussball-ffm.de\/wp-content\/uploads\/2021\/11\/kalbach-wappen.jpg\" alt=\"\" width=\"80\" height=\"80\" \/><img loading=\"lazy\" decoding=\"async\" class=\"alignnone  wp-image-15227\" src=\"http:\/\/insideamateurfussball-ffm.de\/wp-content\/uploads\/2023\/11\/logo-tuerkischersv.jpeg\" alt=\"\" width=\"65\" height=\"73\" \/><\/p>\n<p>Der bisher verlustpunktfreie Tabellenzweite FC Kalbach empfing den T\u00fcrkischen SV Bad Nauheim und machte sich das Leben im Spiel selbst schwer. \u00a0Er wurde seiner Favoritenrolle nicht gerecht und machte, wie Co-Trainer Lukas H\u00f6ll zugab, \u201ekein gutes Spiel\u201c. Beim T\u00fcrkischen SV Bad Nauheim sa\u00df zum ersten Mal Mehmet Somun auf der Bank, der von T\u00fcrkg\u00fcc\u00fc Frankfurt nach Bad Nauheim wechselte.<\/p>\n<p>Trotz einiger Torchancen f\u00fcr die Gastgeber ging der T\u00fcrkische SV Bad Nauheim \u00fcberraschend mit 1:0 F\u00fchrung, nach einem individuellen Fehler der Gastgeber war es Cherano Willef\u00fchr, im Sommer von Viktoria Preu\u00dfen gekommen, der in der 26.Minute einnetzen konnte. Kurios dann das 0:2 aus Kalbacher Sicht, einen langen Einwurf von Arif Karakoc verl\u00e4ngerte Kalbachs Torh\u00fcter Fabian Lanthaler zum Entsetzen seiner Mitspieler ins eigene Tor.<\/p>\n<p>Die Kalbacher hofften wieder auf eine gute zweite Halbzeit, aber in der 60.Minute dann die kalte Dusche, als die G\u00e4ste einen Foulelfmeter erhielten. Noah P\u00f6litz schnappte sich den Ball und zielte zu genau, vom Pfosten ging der Ball ins Toraus. Lukas H\u00f6ll gab zu: \u201edas w\u00e4re wohl die Entscheidung gewesen. Aber wir haben eine gute Moral gezeigt\u201c. Die Kalbacher zeichnet auch in dieser Saison eine gute Mentalit\u00e4t aus, in der 83.Minute verk\u00fcrzte Oliver Pauls nach einem Freisto\u00df per Kopf auf 1:2, und nur zwei Minuten sp\u00e4ter war es Achraf Gara Ali, der einen Pass von Pauls zum 2:2-Ausgleich einschieben konnte. Trotz einer weiteren Drangperiode der Kalbacher blieb es beim Unentschieden, was den ersten Punktverlust in der noch jungen Saison f\u00fcr Kalbach bedeutet.<\/p>\n<p>Bereits am Dienstag geht es weiter, der FC Kalbach tritt beim Aufsteiger T\u00fcrkg\u00fcc\u00fc Frankfurt an, ehe es am Sonntag zum Verbandsliga-Absteiger FFV Sportfreunde 04 geht.<\/p>\n<h4>Schiedsrichter: Fabian Mink (TSV 05 Reichenbach). Zuschauer: 60.<\/h4>\n<h4>Tore: 0:1 Cherano Willef\u00fchr (26.), 0;2 Fabian Lanthaler (37., Eigentor), 1:2 Oliver Pauls (83.), 2:2 Achraf Gara Ali (85.)<\/h4>\n","protected":false},"excerpt":{"rendered":"<p>Der FC Kalbach musste die ersten Punkte in dieser Saison abgeben, nach einem 0:2 konnten die Frankfurter in den letzten 10 Minuten den R\u00fcckstand noch wettmachen und kamen noch zum 2:2 gegen den T\u00fcrkischen SV Bad Nauheim. FC Kalbach &#8211; T\u00fcrkischer SV Bad Nauheim 2:2 (0:2) Der bisher verlustpunktfreie Tabellenzweite FC Kalbach empfing den T\u00fcrkischen [&hellip;]<\/p>\n","protected":false},"author":3,"featured_media":20238,"comment_status":"closed","ping_status":"open","sticky":true,"template":"","format":"standard","meta":{"footnotes":""},"categories":[13],"tags":[],"class_list":["post-20606","post","type-post","status-publish","format-standard","has-post-thumbnail","hentry","category-gruppenliga-frankfurt-west"],"_links":{"self":[{"href":"https:\/\/insideamateurfussball-ffm.de\/index.php?rest_route=\/wp\/v2\/posts\/20606","targetHints":{"allow":["GET"]}}],"collection":[{"href":"https:\/\/insideamateurfussball-ffm.de\/index.php?rest_route=\/wp\/v2\/posts"}],"about":[{"href":"https:\/\/insideamateurfussball-ffm.de\/index.php?rest_route=\/wp\/v2\/types\/post"}],"author":[{"embeddable":true,"href":"https:\/\/insideamateurfussball-ffm.de\/index.php?rest_route=\/wp\/v2\/users\/3"}],"replies":[{"embeddable":true,"href":"https:\/\/insideamateurfussball-ffm.de\/index.php?rest_route=%2Fwp%2Fv2%2Fcomments&post=20606"}],"version-history":[{"count":2,"href":"https:\/\/insideamateurfussball-ffm.de\/index.php?rest_route=\/wp\/v2\/posts\/20606\/revisions"}],"predecessor-version":[{"id":20608,"href":"https:\/\/insideamateurfussball-ffm.de\/index.php?rest_route=\/wp\/v2\/posts\/20606\/revisions\/20608"}],"wp:featuredmedia":[{"embeddable":true,"href":"https:\/\/insideamateurfussball-ffm.de\/index.php?rest_route=\/wp\/v2\/media\/20238"}],"wp:attachment":[{"href":"https:\/\/insideamateurfussball-ffm.de\/index.php?rest_route=%2Fwp%2Fv2%2Fmedia&parent=20606"}],"wp:term":[{"taxonomy":"category","embeddable":true,"href":"https:\/\/insideamateurfussball-ffm.de\/index.php?rest_route=%2Fwp%2Fv2%2Fcategories&post=20606"},{"taxonomy":"post_tag","embeddable":true,"href":"https:\/\/insideamateurfussball-ffm.de\/index.php?rest_route=%2Fwp%2Fv2%2Ftags&post=20606"}],"curies":[{"name":"wp","href":"https:\/\/api.w.org\/{rel}","templated":true}]}}