{"id":20576,"date":"2024-09-02T17:59:15","date_gmt":"2024-09-02T15:59:15","guid":{"rendered":"https:\/\/insideamateurfussball-ffm.de\/?p=20576"},"modified":"2024-10-04T17:33:18","modified_gmt":"2024-10-04T15:33:18","slug":"wieder-rote-karte-und-verschossener-elfmeter-bei-der-sg","status":"publish","type":"post","link":"https:\/\/insideamateurfussball-ffm.de\/?p=20576","title":{"rendered":"Wieder rote Karte und verschossener Elfmeter bei der SG"},"content":{"rendered":"<h4>Bei der SG Bornheim ist derzeit Sand im Getriebe, nach einer roten Karte und einem verschossenen Elfmeter unterlagen die Gastgeber der zweiten Mannschaft von Kickers Offenbach deutlich mit 1:5.<\/h4>\n<figure id=\"attachment_20666\" aria-describedby=\"caption-attachment-20666\" style=\"width: 2560px\" class=\"wp-caption alignnone\"><img loading=\"lazy\" decoding=\"async\" class=\"wp-image-20666 size-full\" src=\"http:\/\/insideamateurfussball-ffm.de\/wp-content\/uploads\/2024\/09\/SGB-KickersII_240901-367-scaled.jpg\" alt=\"\" width=\"2560\" height=\"1610\" srcset=\"https:\/\/insideamateurfussball-ffm.de\/wp-content\/uploads\/2024\/09\/SGB-KickersII_240901-367-scaled.jpg 2560w, https:\/\/insideamateurfussball-ffm.de\/wp-content\/uploads\/2024\/09\/SGB-KickersII_240901-367-300x189.jpg 300w, https:\/\/insideamateurfussball-ffm.de\/wp-content\/uploads\/2024\/09\/SGB-KickersII_240901-367-1024x644.jpg 1024w, https:\/\/insideamateurfussball-ffm.de\/wp-content\/uploads\/2024\/09\/SGB-KickersII_240901-367-768x483.jpg 768w, https:\/\/insideamateurfussball-ffm.de\/wp-content\/uploads\/2024\/09\/SGB-KickersII_240901-367-1536x966.jpg 1536w, https:\/\/insideamateurfussball-ffm.de\/wp-content\/uploads\/2024\/09\/SGB-KickersII_240901-367-2048x1288.jpg 2048w\" sizes=\"auto, (max-width: 2560px) 100vw, 2560px\" \/><figcaption id=\"caption-attachment-20666\" class=\"wp-caption-text\">Mit dem parierten Elfmeter von Lukas Knell h\u00e4lt der OFC-Torh\u00fcter die Pausenf\u00fchrung der Kickers fest. Foto: Andre Sturmeit<\/figcaption><\/figure>\n<h4>SG Bornheim &#8211; Kickers Offenbach II 1:5 (0:1)<\/h4>\n<p><img loading=\"lazy\" decoding=\"async\" class=\"alignnone size-full wp-image-119\" src=\"http:\/\/insideamateurfussball-ffm.de\/wp-content\/uploads\/2022\/05\/Bornheim.jpg\" alt=\"\" width=\"80\" height=\"80\" \/><img loading=\"lazy\" decoding=\"async\" class=\"alignnone size-full wp-image-7574\" src=\"http:\/\/insideamateurfussball-ffm.de\/wp-content\/uploads\/2023\/04\/ofc.jpg\" alt=\"\" width=\"80\" height=\"80\" \/><\/p>\n<p>Nach der unn\u00f6tigen Niederlage am Donnerstag bei Germania Ober-Roden nach zwei roten Karten wollten die Bornheimer gegen die zweite Mannschaft von Kickers Offenbach wieder in die Spur finden, doch es wurde erneut eine deftige Niederlage. Die Bornheimer waren am Anfang gut im Spiel, aber nur bis zur 40.Minute, in der sich die Bornheimer wieder einmal selbst schw\u00e4chten. Die Offenbacher gingen durch einen ihrer wenigen Angriffe durch ein Tor von Philipp Rimmler in der 24.Minute in F\u00fchrung. Dann kam die 40.Minute, in der Bornheims Bilal Zerouali wegen Beleidigung die rote Karte sah. Zerouali, der wohl fr\u00fch im Spiel einen Ball an den Kopf bekam, blieb nach seiner roten Karte benommen liegen. Das Spiel war rund 25 Minuten unterbrochen, bis Zerouali mit Verdacht auf Gehirnersch\u00fctterung von einem Rettungswagen abtransportiert werden konnte, von der Redaktion allerbeste Genesungsw\u00fcnsche.<\/p>\n<p>Noch in der ersten Halbzeit nach Wiederaufnahme erhielt diie SG Bornheim einen Foulelfmeter, den wieder einmal Lukas Knell trat. Offenbachs Torwart Matija Damlanovic konnte den Strafsto\u00df aber entsch\u00e4rfen, das war bereits der vierte von vier Elfmetern, den die Bornheimer vergaben.<\/p>\n<p>Auch in Unterzahl hielten die Bornheimer bei 35 Grad gut mit, aber einige Spieler waren wegen der erneuten Unterzahl wie am Donnerstag platt und der Trainer musste wechseln. Es h\u00e4uften sich auch die kleinen Unkonzentriertheiten, und das wussten die Offenbacher gut auszunutzen. Oliver Kovacic war es vorbehalten, in der 61.Minuten das 2:0 f\u00fcr die G\u00e4ste zu erzielen, Philipp Rimmler in der 73. und erneut Oliver Kobacic in der 77.Minute lie\u00dfen zwei weitere Tore zum 0:4 folgen. Zwar gelang Natsuki Wada in der 78.Minute der Ehrentreffer, doch die Offenbacher schlugen noch einmal zu, Adrijan Aslimoski erzielte in der 87.Minute den 1:5-Endstand.<\/p>\n<p>Bornheims Trainer Lamine Kaiser war nach dem Spiel erregt: wir stehen uns selber im Wege, es w\u00e4re viel drin gewesen, aber wir sanktionieren uns selber\u201c. Dabei sprach Kaiser die drei roten Karten in den letzten Spielen an wegen Nachschlagens, Meckerns und Beleidigung. Au\u00dferdem ist es frustrierend, wenn alle vier erhaltenen Elfmeter verschossen werden, zweimal Lukas Knell, zweimal Ben Becker.<\/p>\n<p>Mit 7 Punkten aus 6 Spielen steht man mittlerweile nach dem guten Start nur noch im unteren Mittelfeld, und am n\u00e4chsten Samstag m\u00fcssen die Bornheimer zu einem Aufstiegsaspiranten, der Spvgg. Seligenstadt.<\/p>\n<h4>Schiedsrichter: Julien Scherthan (SV 07 Bischofsheim). Zuschauer: 150.<\/h4>\n<h4>Tore: 0:1 Philipp Rimmler (24.), 0:2 Oliver Kovacic (61.), 0:3 Philipp Rimmler (73.), 0:4 Oliver Kovacic (77.), 1:4 Natsuki Wada (78.), 1:5 Adrijan Aslimoski (87.)<\/h4>\n<blockquote>\n<h4>Die Bildergalerie verdanken wir Andre Sturmeit.<\/h4>\n<\/blockquote>\n\n\n<figure class=\"wp-block-image size-large\"><img loading=\"lazy\" decoding=\"async\" width=\"1024\" height=\"683\" src=\"http:\/\/insideamateurfussball-ffm.de\/wp-content\/uploads\/2024\/09\/SGB-KickersII_240901-50-1024x683.jpg\" alt=\"\" class=\"wp-image-20656\" srcset=\"https:\/\/insideamateurfussball-ffm.de\/wp-content\/uploads\/2024\/09\/SGB-KickersII_240901-50-1024x683.jpg 1024w, https:\/\/insideamateurfussball-ffm.de\/wp-content\/uploads\/2024\/09\/SGB-KickersII_240901-50-300x200.jpg 300w, https:\/\/insideamateurfussball-ffm.de\/wp-content\/uploads\/2024\/09\/SGB-KickersII_240901-50-768x512.jpg 768w, https:\/\/insideamateurfussball-ffm.de\/wp-content\/uploads\/2024\/09\/SGB-KickersII_240901-50-1536x1024.jpg 1536w, https:\/\/insideamateurfussball-ffm.de\/wp-content\/uploads\/2024\/09\/SGB-KickersII_240901-50-2048x1365.jpg 2048w\" sizes=\"auto, (max-width: 1024px) 100vw, 1024px\" \/><\/figure>\n\n\n\n<figure class=\"wp-block-image size-large\"><img loading=\"lazy\" decoding=\"async\" width=\"1024\" height=\"683\" src=\"http:\/\/insideamateurfussball-ffm.de\/wp-content\/uploads\/2024\/09\/SGB-KickersII_240901-82-1024x683.jpg\" alt=\"\" class=\"wp-image-20657\" srcset=\"https:\/\/insideamateurfussball-ffm.de\/wp-content\/uploads\/2024\/09\/SGB-KickersII_240901-82-1024x683.jpg 1024w, https:\/\/insideamateurfussball-ffm.de\/wp-content\/uploads\/2024\/09\/SGB-KickersII_240901-82-300x200.jpg 300w, https:\/\/insideamateurfussball-ffm.de\/wp-content\/uploads\/2024\/09\/SGB-KickersII_240901-82-768x512.jpg 768w, https:\/\/insideamateurfussball-ffm.de\/wp-content\/uploads\/2024\/09\/SGB-KickersII_240901-82-1536x1024.jpg 1536w, https:\/\/insideamateurfussball-ffm.de\/wp-content\/uploads\/2024\/09\/SGB-KickersII_240901-82-2048x1365.jpg 2048w\" sizes=\"auto, (max-width: 1024px) 100vw, 1024px\" \/><\/figure>\n\n\n\n<figure class=\"wp-block-image size-large\"><img loading=\"lazy\" decoding=\"async\" width=\"1024\" height=\"683\" src=\"http:\/\/insideamateurfussball-ffm.de\/wp-content\/uploads\/2024\/09\/SGB-KickersII_240901-141-1024x683.jpg\" alt=\"\" class=\"wp-image-20658\" srcset=\"https:\/\/insideamateurfussball-ffm.de\/wp-content\/uploads\/2024\/09\/SGB-KickersII_240901-141-1024x683.jpg 1024w, https:\/\/insideamateurfussball-ffm.de\/wp-content\/uploads\/2024\/09\/SGB-KickersII_240901-141-300x200.jpg 300w, https:\/\/insideamateurfussball-ffm.de\/wp-content\/uploads\/2024\/09\/SGB-KickersII_240901-141-768x512.jpg 768w, https:\/\/insideamateurfussball-ffm.de\/wp-content\/uploads\/2024\/09\/SGB-KickersII_240901-141-1536x1024.jpg 1536w, https:\/\/insideamateurfussball-ffm.de\/wp-content\/uploads\/2024\/09\/SGB-KickersII_240901-141-2048x1365.jpg 2048w\" sizes=\"auto, (max-width: 1024px) 100vw, 1024px\" \/><\/figure>\n\n\n\n<figure class=\"wp-block-image size-large\"><img loading=\"lazy\" decoding=\"async\" width=\"1024\" height=\"683\" src=\"http:\/\/insideamateurfussball-ffm.de\/wp-content\/uploads\/2024\/09\/SGB-KickersII_240901-158-1024x683.jpg\" alt=\"\" class=\"wp-image-20660\" srcset=\"https:\/\/insideamateurfussball-ffm.de\/wp-content\/uploads\/2024\/09\/SGB-KickersII_240901-158-1024x683.jpg 1024w, https:\/\/insideamateurfussball-ffm.de\/wp-content\/uploads\/2024\/09\/SGB-KickersII_240901-158-300x200.jpg 300w, https:\/\/insideamateurfussball-ffm.de\/wp-content\/uploads\/2024\/09\/SGB-KickersII_240901-158-768x512.jpg 768w, https:\/\/insideamateurfussball-ffm.de\/wp-content\/uploads\/2024\/09\/SGB-KickersII_240901-158-1536x1024.jpg 1536w, https:\/\/insideamateurfussball-ffm.de\/wp-content\/uploads\/2024\/09\/SGB-KickersII_240901-158-2048x1365.jpg 2048w\" sizes=\"auto, (max-width: 1024px) 100vw, 1024px\" \/><\/figure>\n\n\n\n<figure class=\"wp-block-image size-large\"><img loading=\"lazy\" decoding=\"async\" width=\"1024\" height=\"684\" src=\"http:\/\/insideamateurfussball-ffm.de\/wp-content\/uploads\/2024\/09\/SGB-KickersII_240901-245-1024x684.jpg\" alt=\"\" class=\"wp-image-20661\" srcset=\"https:\/\/insideamateurfussball-ffm.de\/wp-content\/uploads\/2024\/09\/SGB-KickersII_240901-245-1024x684.jpg 1024w, https:\/\/insideamateurfussball-ffm.de\/wp-content\/uploads\/2024\/09\/SGB-KickersII_240901-245-300x201.jpg 300w, https:\/\/insideamateurfussball-ffm.de\/wp-content\/uploads\/2024\/09\/SGB-KickersII_240901-245-768x513.jpg 768w, https:\/\/insideamateurfussball-ffm.de\/wp-content\/uploads\/2024\/09\/SGB-KickersII_240901-245-1536x1027.jpg 1536w, https:\/\/insideamateurfussball-ffm.de\/wp-content\/uploads\/2024\/09\/SGB-KickersII_240901-245-2048x1369.jpg 2048w\" sizes=\"auto, (max-width: 1024px) 100vw, 1024px\" \/><\/figure>\n\n\n\n<figure class=\"wp-block-image size-large\"><img loading=\"lazy\" decoding=\"async\" width=\"1024\" height=\"683\" src=\"http:\/\/insideamateurfussball-ffm.de\/wp-content\/uploads\/2024\/09\/SGB-KickersII_240901-261-1024x683.jpg\" alt=\"\" class=\"wp-image-20662\" srcset=\"https:\/\/insideamateurfussball-ffm.de\/wp-content\/uploads\/2024\/09\/SGB-KickersII_240901-261-1024x683.jpg 1024w, https:\/\/insideamateurfussball-ffm.de\/wp-content\/uploads\/2024\/09\/SGB-KickersII_240901-261-300x200.jpg 300w, https:\/\/insideamateurfussball-ffm.de\/wp-content\/uploads\/2024\/09\/SGB-KickersII_240901-261-768x512.jpg 768w, https:\/\/insideamateurfussball-ffm.de\/wp-content\/uploads\/2024\/09\/SGB-KickersII_240901-261-1536x1024.jpg 1536w, https:\/\/insideamateurfussball-ffm.de\/wp-content\/uploads\/2024\/09\/SGB-KickersII_240901-261-2048x1365.jpg 2048w\" sizes=\"auto, (max-width: 1024px) 100vw, 1024px\" \/><\/figure>\n\n\n\n<figure class=\"wp-block-image size-large\"><img loading=\"lazy\" decoding=\"async\" width=\"1024\" height=\"683\" src=\"http:\/\/insideamateurfussball-ffm.de\/wp-content\/uploads\/2024\/09\/SGB-KickersII_240901-343-1024x683.jpg\" alt=\"\" class=\"wp-image-20663\" srcset=\"https:\/\/insideamateurfussball-ffm.de\/wp-content\/uploads\/2024\/09\/SGB-KickersII_240901-343-1024x683.jpg 1024w, https:\/\/insideamateurfussball-ffm.de\/wp-content\/uploads\/2024\/09\/SGB-KickersII_240901-343-300x200.jpg 300w, https:\/\/insideamateurfussball-ffm.de\/wp-content\/uploads\/2024\/09\/SGB-KickersII_240901-343-768x512.jpg 768w, https:\/\/insideamateurfussball-ffm.de\/wp-content\/uploads\/2024\/09\/SGB-KickersII_240901-343-1536x1024.jpg 1536w, https:\/\/insideamateurfussball-ffm.de\/wp-content\/uploads\/2024\/09\/SGB-KickersII_240901-343-2048x1365.jpg 2048w\" sizes=\"auto, (max-width: 1024px) 100vw, 1024px\" \/><\/figure>\n\n\n\n<figure class=\"wp-block-image size-large\"><img loading=\"lazy\" decoding=\"async\" width=\"1024\" height=\"683\" src=\"http:\/\/insideamateurfussball-ffm.de\/wp-content\/uploads\/2024\/09\/SGB-KickersII_240901-347-1024x683.jpg\" alt=\"\" class=\"wp-image-20664\" srcset=\"https:\/\/insideamateurfussball-ffm.de\/wp-content\/uploads\/2024\/09\/SGB-KickersII_240901-347-1024x683.jpg 1024w, https:\/\/insideamateurfussball-ffm.de\/wp-content\/uploads\/2024\/09\/SGB-KickersII_240901-347-300x200.jpg 300w, https:\/\/insideamateurfussball-ffm.de\/wp-content\/uploads\/2024\/09\/SGB-KickersII_240901-347-768x512.jpg 768w, https:\/\/insideamateurfussball-ffm.de\/wp-content\/uploads\/2024\/09\/SGB-KickersII_240901-347-1536x1024.jpg 1536w, https:\/\/insideamateurfussball-ffm.de\/wp-content\/uploads\/2024\/09\/SGB-KickersII_240901-347-2048x1365.jpg 2048w\" sizes=\"auto, (max-width: 1024px) 100vw, 1024px\" \/><\/figure>\n\n\n\n<figure class=\"wp-block-image size-large\"><img loading=\"lazy\" decoding=\"async\" width=\"1024\" height=\"683\" src=\"http:\/\/insideamateurfussball-ffm.de\/wp-content\/uploads\/2024\/09\/SGB-KickersII_240901-353-1024x683.jpg\" alt=\"\" class=\"wp-image-20665\" srcset=\"https:\/\/insideamateurfussball-ffm.de\/wp-content\/uploads\/2024\/09\/SGB-KickersII_240901-353-1024x683.jpg 1024w, https:\/\/insideamateurfussball-ffm.de\/wp-content\/uploads\/2024\/09\/SGB-KickersII_240901-353-300x200.jpg 300w, https:\/\/insideamateurfussball-ffm.de\/wp-content\/uploads\/2024\/09\/SGB-KickersII_240901-353-768x512.jpg 768w, https:\/\/insideamateurfussball-ffm.de\/wp-content\/uploads\/2024\/09\/SGB-KickersII_240901-353-1536x1024.jpg 1536w, https:\/\/insideamateurfussball-ffm.de\/wp-content\/uploads\/2024\/09\/SGB-KickersII_240901-353-2048x1365.jpg 2048w\" sizes=\"auto, (max-width: 1024px) 100vw, 1024px\" \/><\/figure>\n\n\n\n<figure class=\"wp-block-image size-large\"><img loading=\"lazy\" decoding=\"async\" width=\"1024\" height=\"686\" src=\"http:\/\/insideamateurfussball-ffm.de\/wp-content\/uploads\/2024\/09\/SGB-KickersII_240901-415-1024x686.jpg\" alt=\"\" class=\"wp-image-20667\" srcset=\"https:\/\/insideamateurfussball-ffm.de\/wp-content\/uploads\/2024\/09\/SGB-KickersII_240901-415-1024x686.jpg 1024w, https:\/\/insideamateurfussball-ffm.de\/wp-content\/uploads\/2024\/09\/SGB-KickersII_240901-415-300x201.jpg 300w, https:\/\/insideamateurfussball-ffm.de\/wp-content\/uploads\/2024\/09\/SGB-KickersII_240901-415-768x514.jpg 768w, https:\/\/insideamateurfussball-ffm.de\/wp-content\/uploads\/2024\/09\/SGB-KickersII_240901-415-1536x1029.jpg 1536w, https:\/\/insideamateurfussball-ffm.de\/wp-content\/uploads\/2024\/09\/SGB-KickersII_240901-415-2048x1372.jpg 2048w\" sizes=\"auto, (max-width: 1024px) 100vw, 1024px\" \/><\/figure>\n\n\n\n<figure class=\"wp-block-image size-large\"><img loading=\"lazy\" decoding=\"async\" width=\"1024\" height=\"651\" src=\"http:\/\/insideamateurfussball-ffm.de\/wp-content\/uploads\/2024\/09\/SGB-KickersII_240901-523-1024x651.jpg\" alt=\"\" class=\"wp-image-20668\" srcset=\"https:\/\/insideamateurfussball-ffm.de\/wp-content\/uploads\/2024\/09\/SGB-KickersII_240901-523-1024x651.jpg 1024w, https:\/\/insideamateurfussball-ffm.de\/wp-content\/uploads\/2024\/09\/SGB-KickersII_240901-523-300x191.jpg 300w, https:\/\/insideamateurfussball-ffm.de\/wp-content\/uploads\/2024\/09\/SGB-KickersII_240901-523-768x488.jpg 768w, https:\/\/insideamateurfussball-ffm.de\/wp-content\/uploads\/2024\/09\/SGB-KickersII_240901-523-1536x977.jpg 1536w, https:\/\/insideamateurfussball-ffm.de\/wp-content\/uploads\/2024\/09\/SGB-KickersII_240901-523-2048x1302.jpg 2048w\" sizes=\"auto, (max-width: 1024px) 100vw, 1024px\" \/><\/figure>\n\n\n\n<figure class=\"wp-block-image size-large\"><img loading=\"lazy\" decoding=\"async\" width=\"1024\" height=\"683\" src=\"http:\/\/insideamateurfussball-ffm.de\/wp-content\/uploads\/2024\/09\/SGB-KickersII_240901-565-1024x683.jpg\" alt=\"\" class=\"wp-image-20669\" srcset=\"https:\/\/insideamateurfussball-ffm.de\/wp-content\/uploads\/2024\/09\/SGB-KickersII_240901-565-1024x683.jpg 1024w, https:\/\/insideamateurfussball-ffm.de\/wp-content\/uploads\/2024\/09\/SGB-KickersII_240901-565-300x200.jpg 300w, https:\/\/insideamateurfussball-ffm.de\/wp-content\/uploads\/2024\/09\/SGB-KickersII_240901-565-768x512.jpg 768w, https:\/\/insideamateurfussball-ffm.de\/wp-content\/uploads\/2024\/09\/SGB-KickersII_240901-565-1536x1024.jpg 1536w, https:\/\/insideamateurfussball-ffm.de\/wp-content\/uploads\/2024\/09\/SGB-KickersII_240901-565-2048x1365.jpg 2048w\" sizes=\"auto, (max-width: 1024px) 100vw, 1024px\" \/><\/figure>\n\n\n\n<figure class=\"wp-block-image size-large\"><img loading=\"lazy\" decoding=\"async\" width=\"1024\" height=\"683\" src=\"http:\/\/insideamateurfussball-ffm.de\/wp-content\/uploads\/2024\/09\/SGB-KickersII_240901-609-1024x683.jpg\" alt=\"\" class=\"wp-image-20670\" srcset=\"https:\/\/insideamateurfussball-ffm.de\/wp-content\/uploads\/2024\/09\/SGB-KickersII_240901-609-1024x683.jpg 1024w, https:\/\/insideamateurfussball-ffm.de\/wp-content\/uploads\/2024\/09\/SGB-KickersII_240901-609-300x200.jpg 300w, https:\/\/insideamateurfussball-ffm.de\/wp-content\/uploads\/2024\/09\/SGB-KickersII_240901-609-768x512.jpg 768w, https:\/\/insideamateurfussball-ffm.de\/wp-content\/uploads\/2024\/09\/SGB-KickersII_240901-609-1536x1024.jpg 1536w, https:\/\/insideamateurfussball-ffm.de\/wp-content\/uploads\/2024\/09\/SGB-KickersII_240901-609-2048x1365.jpg 2048w\" sizes=\"auto, (max-width: 1024px) 100vw, 1024px\" \/><\/figure>\n","protected":false},"excerpt":{"rendered":"<p>Bei der SG Bornheim ist derzeit Sand im Getriebe, nach einer roten Karte und einem verschossenen Elfmeter unterlagen die Gastgeber der zweiten Mannschaft von Kickers Offenbach deutlich mit 1:5. SG Bornheim &#8211; Kickers Offenbach II 1:5 (0:1) Nach der unn\u00f6tigen Niederlage am Donnerstag bei Germania Ober-Roden nach zwei roten Karten wollten die Bornheimer gegen die [&hellip;]<\/p>\n","protected":false},"author":3,"featured_media":20666,"comment_status":"closed","ping_status":"open","sticky":true,"template":"","format":"standard","meta":{"footnotes":""},"categories":[10],"tags":[],"class_list":["post-20576","post","type-post","status-publish","format-standard","has-post-thumbnail","hentry","category-verbandsliga-sued"],"_links":{"self":[{"href":"https:\/\/insideamateurfussball-ffm.de\/index.php?rest_route=\/wp\/v2\/posts\/20576","targetHints":{"allow":["GET"]}}],"collection":[{"href":"https:\/\/insideamateurfussball-ffm.de\/index.php?rest_route=\/wp\/v2\/posts"}],"about":[{"href":"https:\/\/insideamateurfussball-ffm.de\/index.php?rest_route=\/wp\/v2\/types\/post"}],"author":[{"embeddable":true,"href":"https:\/\/insideamateurfussball-ffm.de\/index.php?rest_route=\/wp\/v2\/users\/3"}],"replies":[{"embeddable":true,"href":"https:\/\/insideamateurfussball-ffm.de\/index.php?rest_route=%2Fwp%2Fv2%2Fcomments&post=20576"}],"version-history":[{"count":4,"href":"https:\/\/insideamateurfussball-ffm.de\/index.php?rest_route=\/wp\/v2\/posts\/20576\/revisions"}],"predecessor-version":[{"id":21505,"href":"https:\/\/insideamateurfussball-ffm.de\/index.php?rest_route=\/wp\/v2\/posts\/20576\/revisions\/21505"}],"wp:featuredmedia":[{"embeddable":true,"href":"https:\/\/insideamateurfussball-ffm.de\/index.php?rest_route=\/wp\/v2\/media\/20666"}],"wp:attachment":[{"href":"https:\/\/insideamateurfussball-ffm.de\/index.php?rest_route=%2Fwp%2Fv2%2Fmedia&parent=20576"}],"wp:term":[{"taxonomy":"category","embeddable":true,"href":"https:\/\/insideamateurfussball-ffm.de\/index.php?rest_route=%2Fwp%2Fv2%2Fcategories&post=20576"},{"taxonomy":"post_tag","embeddable":true,"href":"https:\/\/insideamateurfussball-ffm.de\/index.php?rest_route=%2Fwp%2Fv2%2Ftags&post=20576"}],"curies":[{"name":"wp","href":"https:\/\/api.w.org\/{rel}","templated":true}]}}