{"id":20541,"date":"2024-08-27T15:28:51","date_gmt":"2024-08-27T13:28:51","guid":{"rendered":"https:\/\/insideamateurfussball-ffm.de\/?p=20541"},"modified":"2024-08-27T15:28:51","modified_gmt":"2024-08-27T13:28:51","slug":"griesheim-02-fertigt-unerfahrene-preussen-ab","status":"publish","type":"post","link":"https:\/\/insideamateurfussball-ffm.de\/?p=20541","title":{"rendered":"Griesheim 02 fertigt unerfahrene Preu\u00dfen ab"},"content":{"rendered":"<h5><span style=\"font-size: 16px;\">Unter der Regie des neuen Trainers Dominic Machado setzt sich die Spvgg. 02 Griesheim auf dem zweiten Tabellenplatz fest. Gegen den letztj\u00e4hrigen Vizemeister SV Viktoria Preu\u00dfen gab es einen klaren 6:2-Sieg. Die G\u00e4ste m\u00fcssen sich nach dem personellen Umbruch erstmal nach unten orientieren.\u00a0<\/span><\/h5>\n<figure id=\"attachment_20433\" aria-describedby=\"caption-attachment-20433\" style=\"width: 655px\" class=\"wp-caption alignleft\"><img loading=\"lazy\" decoding=\"async\" class=\"wp-image-20433\" src=\"http:\/\/insideamateurfussball-ffm.de\/wp-content\/uploads\/2024\/08\/Spvgg02Griesheim-1024x577.jpg\" alt=\"\" width=\"655\" height=\"369\" srcset=\"https:\/\/insideamateurfussball-ffm.de\/wp-content\/uploads\/2024\/08\/Spvgg02Griesheim-1024x577.jpg 1024w, https:\/\/insideamateurfussball-ffm.de\/wp-content\/uploads\/2024\/08\/Spvgg02Griesheim-300x169.jpg 300w, https:\/\/insideamateurfussball-ffm.de\/wp-content\/uploads\/2024\/08\/Spvgg02Griesheim-768x433.jpg 768w, https:\/\/insideamateurfussball-ffm.de\/wp-content\/uploads\/2024\/08\/Spvgg02Griesheim-1536x866.jpg 1536w, https:\/\/insideamateurfussball-ffm.de\/wp-content\/uploads\/2024\/08\/Spvgg02Griesheim.jpg 1600w\" sizes=\"auto, (max-width: 655px) 100vw, 655px\" \/><figcaption id=\"caption-attachment-20433\" class=\"wp-caption-text\">Die Griesheimer &#8222;Schleifer&#8220; orientieren sich nach oben. Foto: J\u00f6rg Schulz.\u00a0\u00a0<\/figcaption><\/figure>\n<h5><strong><span style=\"font-size: 16px;\">Spvgg. 02 Griesheim &#8211; SV Viktoria Preu\u00dfen 6:2 (4:0)<\/span><\/strong><\/h5>\n<p><img loading=\"lazy\" decoding=\"async\" class=\"alignnone size-full wp-image-287\" src=\"http:\/\/insideamateurfussball-ffm.de\/wp-content\/uploads\/2022\/05\/SpVgg._02_Griesheim_02.jpg\" alt=\"\" width=\"100\" height=\"100\" \/><img loading=\"lazy\" decoding=\"async\" class=\"alignnone size-full wp-image-12\" src=\"http:\/\/insideamateurfussball-ffm.de\/wp-content\/uploads\/2021\/11\/preussen.jpg\" alt=\"\" width=\"72\" height=\"80\" \/><\/p>\n<p><span style=\"font-size: 16px;\">Ohne den verletzten Fiorenzo Santoro und den gesperrten Benjamin Zeisel boten die Griesheimer eine starke Offensivleistung. &#8222;Die Anfangsphase war aber etwas schwierig, da wir das Zentrum der Preu\u00dfen nicht in den Griff bekommen haben&#8220;, berichtete Machado. <\/span><\/p>\n<p><span style=\"font-size: 16px;\">Ab dem 1:0 durch Michael Ofosu (25.) habe es sein Team richtig gut gemacht. So fielen weitere sch\u00f6n herausgespielte Tore. Haben Tesfamicael erh\u00f6hte (30.), dann waren Denis Memedi (37.) und erneut Tesfamicael zum 4:0 erfolgreich (43.). Nach dem Seitenwechsel kamen die G\u00e4ste besser in die Partie und verk\u00fcrzten mit dem erfahrenen Tim Gie\u00dfler, einem der wenigen verbliebenen Spieler (48.). Emilio Ionut Gheorghe &#8211; einer der zahlreichen Neuzug\u00e4nge &#8211; stellte kurz darauf auf 4:2 (52.), zu mehr reichte es aber f\u00fcr die Eckenheimer nicht.<\/span><\/p>\n<ul>\n<li><strong><span style=\"font-size: 16px;\">Machado \u00e4rgern die beiden Gegentore<\/span><\/strong><\/li>\n<\/ul>\n<p><span style=\"font-size: 16px;\">&#8222;Da waren wir nicht wach genug und m\u00fcssen uns anders verhalten&#8220;, kritisierte Machado. Sein Team besann sich dann auf ihre St\u00e4rken, kontrollierte den Vorsprung und erh\u00f6hte in der Schlussphase mit Amar Koljenovic (75.) und Jeffry Nimako (89.). &#8222;Das Ding haben wir souver\u00e4n runter gespielt, nach dem 5:2 war klar, das nichts mehr anbrennen w\u00fcrde, da wir den Ball gut haben laufen lassen und den Preu\u00dfen die Kraft und der Wille gefehlt hat, nochmal ranzukommen. Sie h\u00e4tten aber noch ein oder zwei Tore mehr schie\u00dfen k\u00f6nnen&#8220;, berichtete Machado. Ihn \u00e4rgerten die beiden Gegentore, &#8222;daran m\u00fcssen wir definitiv arbeiten, aber von der Mannschaftsleistung sind wir absolut zufrieden. Auch die Einwechselspieler haben das abgerufen, was wir verlangt haben. Von daher war das im gro\u00dfen und ganzen eine ordentliche Leistung mit einem verdienten Sieg&#8220;, so Machado. <\/span><\/p>\n<p><span style=\"font-size: 16px;\">Preu\u00dfen-Trainer Cem Caput machte die klare Niederlage an &#8222;der Unerfahrenheit der Mannschaft&#8220; fest. &#8222;Wir haben ja eine sehr junge Mannschaft. Das Spiel geht klar an Griesheim, ohne wenn und aber. Die Niederlage geht v\u00f6llig in Ordnung, aber von den sechs Gegentoren sind mit drei zu viel. Ansonsten muss man das Spiel schnell abhaken und weiterhin nach vorne schauen&#8220;, betonte Caput. Weiter geht es f\u00fcr die Griesheimer erst am Donnerstag, 5. September gegen den FC Gudesding, da man am Sonntag spielfrei ist. Die Preu\u00dfen erwarten am Sonntag (15 Uhr) den starken Aufsteiger Germania Enkheim.\u00a0\u00a0<\/span><\/p>\n<ul>\n<li><strong><span style=\"font-size: 16px;\">Schiedsrichter: Falko Peckelsen (1. FC-TSG K\u00f6nigstein).<\/span><\/strong><\/li>\n<li>\n<h5><strong><span style=\"font-size: 16px;\">Zuschauer: 70.\u00a0<\/span><\/strong><\/h5>\n<\/li>\n<li>\n<h5><strong><span style=\"font-size: 16px;\">Tore: 1:0 Michael Ofosu (25.), 2:0 Haben Tesfamicael (30.), 3:0 Denis Memedi (37.), 4:0 Haben Tesfamicael (43.), 4:1 Tim Gie\u00dfler (48.), 4:2 Emilio Ionut Gheorghe (52.), 5:2 Amar Koljenovic (75.), 6:2 Jeffry Nimako (89.).<\/span><\/strong><\/h5>\n<\/li>\n<\/ul>\n","protected":false},"excerpt":{"rendered":"<p>Unter der Regie des neuen Trainers Dominic Machado setzt sich die Spvgg. 02 Griesheim auf dem zweiten Tabellenplatz fest. Gegen den letztj\u00e4hrigen Vizemeister SV Viktoria Preu\u00dfen gab es einen klaren 6:2-Sieg. Die G\u00e4ste m\u00fcssen sich nach dem personellen Umbruch erstmal nach unten orientieren.\u00a0 Spvgg. 02 Griesheim &#8211; SV Viktoria Preu\u00dfen 6:2 (4:0) Ohne den verletzten [&hellip;]<\/p>\n","protected":false},"author":1,"featured_media":20433,"comment_status":"closed","ping_status":"closed","sticky":true,"template":"","format":"standard","meta":{"footnotes":""},"categories":[2],"tags":[],"class_list":["post-20541","post","type-post","status-publish","format-standard","has-post-thumbnail","hentry","category-kreisoberliga-frankfurt"],"_links":{"self":[{"href":"https:\/\/insideamateurfussball-ffm.de\/index.php?rest_route=\/wp\/v2\/posts\/20541","targetHints":{"allow":["GET"]}}],"collection":[{"href":"https:\/\/insideamateurfussball-ffm.de\/index.php?rest_route=\/wp\/v2\/posts"}],"about":[{"href":"https:\/\/insideamateurfussball-ffm.de\/index.php?rest_route=\/wp\/v2\/types\/post"}],"author":[{"embeddable":true,"href":"https:\/\/insideamateurfussball-ffm.de\/index.php?rest_route=\/wp\/v2\/users\/1"}],"replies":[{"embeddable":true,"href":"https:\/\/insideamateurfussball-ffm.de\/index.php?rest_route=%2Fwp%2Fv2%2Fcomments&post=20541"}],"version-history":[{"count":1,"href":"https:\/\/insideamateurfussball-ffm.de\/index.php?rest_route=\/wp\/v2\/posts\/20541\/revisions"}],"predecessor-version":[{"id":20542,"href":"https:\/\/insideamateurfussball-ffm.de\/index.php?rest_route=\/wp\/v2\/posts\/20541\/revisions\/20542"}],"wp:featuredmedia":[{"embeddable":true,"href":"https:\/\/insideamateurfussball-ffm.de\/index.php?rest_route=\/wp\/v2\/media\/20433"}],"wp:attachment":[{"href":"https:\/\/insideamateurfussball-ffm.de\/index.php?rest_route=%2Fwp%2Fv2%2Fmedia&parent=20541"}],"wp:term":[{"taxonomy":"category","embeddable":true,"href":"https:\/\/insideamateurfussball-ffm.de\/index.php?rest_route=%2Fwp%2Fv2%2Fcategories&post=20541"},{"taxonomy":"post_tag","embeddable":true,"href":"https:\/\/insideamateurfussball-ffm.de\/index.php?rest_route=%2Fwp%2Fv2%2Ftags&post=20541"}],"curies":[{"name":"wp","href":"https:\/\/api.w.org\/{rel}","templated":true}]}}