{"id":20538,"date":"2024-08-26T23:03:06","date_gmt":"2024-08-26T21:03:06","guid":{"rendered":"https:\/\/insideamateurfussball-ffm.de\/?p=20538"},"modified":"2024-08-26T23:03:06","modified_gmt":"2024-08-26T21:03:06","slug":"griesheim-tarik-holt-zaehler-in-enkheim","status":"publish","type":"post","link":"https:\/\/insideamateurfussball-ffm.de\/?p=20538","title":{"rendered":"Griesheim Tarik holt Z\u00e4hler in Enkheim"},"content":{"rendered":"<h5><span style=\"font-size: 16px;\">Mit 2:2 trennte sich Aufsteiger FC Germania Enkheim vom SV Griesheim Tarik. Die Gastgeber schafften es nicht, die F\u00fchrung in \u00dcberzahl \u00fcber die Zeit zu bringen. Mit acht Punkten ist der Saisonstart der Enkheimer jedoch gelungen, w\u00e4hrend Tarik mit f\u00fcnf Z\u00e4hlern noch Luft nach oben hat.\u00a0<\/span><\/h5>\n<figure id=\"attachment_20539\" aria-describedby=\"caption-attachment-20539\" style=\"width: 150px\" class=\"wp-caption alignleft\"><img loading=\"lazy\" decoding=\"async\" class=\"wp-image-20539 size-thumbnail\" src=\"http:\/\/insideamateurfussball-ffm.de\/wp-content\/uploads\/2024\/08\/m7-150x150.jpg\" alt=\"\" width=\"150\" height=\"150\" \/><figcaption id=\"caption-attachment-20539\" class=\"wp-caption-text\">Die umformierte Truppe vom SV Griesheim Tarik. Foto: Mithat G\u00fcrser.\u00a0\u00a0<\/figcaption><\/figure>\n<h5><strong><span style=\"font-size: 16px;\">FC Germania Enkheim &#8211; SV Griesheim Tarik 2:2 (1:1)<\/span><\/strong><\/h5>\n<p><img loading=\"lazy\" decoding=\"async\" class=\"alignnone size-full wp-image-1748\" src=\"http:\/\/insideamateurfussball-ffm.de\/wp-content\/uploads\/2022\/07\/Enkheim-1.jpg\" alt=\"\" width=\"63\" height=\"80\" \/><img loading=\"lazy\" decoding=\"async\" class=\"alignnone size-full wp-image-34\" src=\"http:\/\/insideamateurfussball-ffm.de\/wp-content\/uploads\/2021\/11\/Tarik.jpg\" alt=\"\" width=\"80\" height=\"80\" \/><\/p>\n<p><span style=\"font-size: 16px;\">Einmal quer von West nach Ost durch die Stadt durften die Fu\u00dfballer von der L\u00e4rchenstra\u00dfe bis zum Riedstadion zur\u00fccklegen. Die Tarik-F\u00fchrung durch Mourad Aboulmakarim (11.) spielte den G\u00e4sten in die Karten, danach kam aber die Germania auf und glich durch Noah Graf aus (19.). <\/span><\/p>\n<p><span style=\"font-size: 16px;\">In der ersten Halbzeit gab es laut dem Enkheimer Sportdirektor Ali \u00d6zer &#8222;viele hochkar\u00e4tige Chancen f\u00fcr uns, die leider ungenutzt blieben.&#8220; Nach der Pause konnte Enkheim durch druckvolles Offensivspiel durch Bilal Haoues in F\u00fchrung gehen (60.).<\/span><\/p>\n<ul>\n<li><strong><span style=\"font-size: 16px;\">Tarik holt Punkt mit neun Mann <\/span><\/strong><\/li>\n<\/ul>\n<p><span style=\"font-size: 16px;\">Die G\u00e4ste handelten sich danach eine Rote Karte ein (64.), &#8222;leider fehlte unseren noch jungen Spielern die n\u00f6tige Erfahrung, um in \u00dcberzahl die F\u00fchrung zu verteidigen oder weiter auszubauen und das Spiel dann zu entscheiden&#8220;, sagte \u00d6zer. <\/span><\/p>\n<p><span style=\"font-size: 16px;\">Die G\u00e4ste kamen mit einem Mann weniger zum Ausgleich (76.) und spielten ab Minute 83 wegen einer Zeitstrafe f\u00fcr zehn Minuten mit neun Akteuren. &#8222;Es fand nach der Zeitstrafe kein Spielfluss mehr statt, da das Spiel immer wieder durch Unterbrechungen gest\u00f6rt wurde&#8220;, monierte \u00d6zer. Die Enkheimer treten am Sonntag bei Viktoria Preu\u00dfen an (15 Uhr), zeitgleich erwartet Griesheim Tarik den SV 07 Heddernheim.\u00a0<\/span><\/p>\n<ul>\n<li><strong><span style=\"font-size: 16px;\">Schiedsrichter: Andreas Heim (Eddersheim).\u00a0<\/span><\/strong><\/li>\n<li>\n<h5><strong><span style=\"font-size: 16px;\">Zuschauer: 50.\u00a0<\/span><\/strong><\/h5>\n<\/li>\n<li><strong><span style=\"font-size: 16px;\">Tore: 0:1 Mourad Aboulmakarim (11.), 1:1 Noah Graf (19.), 2:1 Bilal Haoues (60.), 2:2 (76.).<\/span><\/strong><\/li>\n<\/ul>\n","protected":false},"excerpt":{"rendered":"<p>Mit 2:2 trennte sich Aufsteiger FC Germania Enkheim vom SV Griesheim Tarik. Die Gastgeber schafften es nicht, die F\u00fchrung in \u00dcberzahl \u00fcber die Zeit zu bringen. Mit acht Punkten ist der Saisonstart der Enkheimer jedoch gelungen, w\u00e4hrend Tarik mit f\u00fcnf Z\u00e4hlern noch Luft nach oben hat.\u00a0 FC Germania Enkheim &#8211; SV Griesheim Tarik 2:2 (1:1) [&hellip;]<\/p>\n","protected":false},"author":1,"featured_media":20539,"comment_status":"closed","ping_status":"closed","sticky":true,"template":"","format":"standard","meta":{"footnotes":""},"categories":[2],"tags":[],"class_list":["post-20538","post","type-post","status-publish","format-standard","has-post-thumbnail","hentry","category-kreisoberliga-frankfurt"],"_links":{"self":[{"href":"https:\/\/insideamateurfussball-ffm.de\/index.php?rest_route=\/wp\/v2\/posts\/20538","targetHints":{"allow":["GET"]}}],"collection":[{"href":"https:\/\/insideamateurfussball-ffm.de\/index.php?rest_route=\/wp\/v2\/posts"}],"about":[{"href":"https:\/\/insideamateurfussball-ffm.de\/index.php?rest_route=\/wp\/v2\/types\/post"}],"author":[{"embeddable":true,"href":"https:\/\/insideamateurfussball-ffm.de\/index.php?rest_route=\/wp\/v2\/users\/1"}],"replies":[{"embeddable":true,"href":"https:\/\/insideamateurfussball-ffm.de\/index.php?rest_route=%2Fwp%2Fv2%2Fcomments&post=20538"}],"version-history":[{"count":1,"href":"https:\/\/insideamateurfussball-ffm.de\/index.php?rest_route=\/wp\/v2\/posts\/20538\/revisions"}],"predecessor-version":[{"id":20540,"href":"https:\/\/insideamateurfussball-ffm.de\/index.php?rest_route=\/wp\/v2\/posts\/20538\/revisions\/20540"}],"wp:featuredmedia":[{"embeddable":true,"href":"https:\/\/insideamateurfussball-ffm.de\/index.php?rest_route=\/wp\/v2\/media\/20539"}],"wp:attachment":[{"href":"https:\/\/insideamateurfussball-ffm.de\/index.php?rest_route=%2Fwp%2Fv2%2Fmedia&parent=20538"}],"wp:term":[{"taxonomy":"category","embeddable":true,"href":"https:\/\/insideamateurfussball-ffm.de\/index.php?rest_route=%2Fwp%2Fv2%2Fcategories&post=20538"},{"taxonomy":"post_tag","embeddable":true,"href":"https:\/\/insideamateurfussball-ffm.de\/index.php?rest_route=%2Fwp%2Fv2%2Ftags&post=20538"}],"curies":[{"name":"wp","href":"https:\/\/api.w.org\/{rel}","templated":true}]}}