{"id":20534,"date":"2024-08-26T22:36:25","date_gmt":"2024-08-26T20:36:25","guid":{"rendered":"https:\/\/insideamateurfussball-ffm.de\/?p=20534"},"modified":"2024-08-26T22:36:25","modified_gmt":"2024-08-26T20:36:25","slug":"croatia-gewinnt-erneut-heddernheimer-platzderby","status":"publish","type":"post","link":"https:\/\/insideamateurfussball-ffm.de\/?p=20534","title":{"rendered":"Croatia gewinnt erneut Heddernheimer Platzderby"},"content":{"rendered":"<h5><span style=\"font-size: 16px;\">Wie schon in der Vorsaison ging das Heddernheimer Platzderby an den FC Croatia, der beim SV 07 mit 4:1 gewann und nach Punkten mit den Gr\u00fcn-Wei\u00dfen gleichzog.\u00a0<\/span><\/h5>\n<figure id=\"attachment_20535\" aria-describedby=\"caption-attachment-20535\" style=\"width: 652px\" class=\"wp-caption alignleft\"><img loading=\"lazy\" decoding=\"async\" class=\"wp-image-20535\" src=\"http:\/\/insideamateurfussball-ffm.de\/wp-content\/uploads\/2024\/08\/Hed-Cro-1024x768.jpg\" alt=\"\" width=\"652\" height=\"489\" srcset=\"https:\/\/insideamateurfussball-ffm.de\/wp-content\/uploads\/2024\/08\/Hed-Cro-1024x768.jpg 1024w, https:\/\/insideamateurfussball-ffm.de\/wp-content\/uploads\/2024\/08\/Hed-Cro-300x225.jpg 300w, https:\/\/insideamateurfussball-ffm.de\/wp-content\/uploads\/2024\/08\/Hed-Cro-768x576.jpg 768w, https:\/\/insideamateurfussball-ffm.de\/wp-content\/uploads\/2024\/08\/Hed-Cro-1536x1152.jpg 1536w, https:\/\/insideamateurfussball-ffm.de\/wp-content\/uploads\/2024\/08\/Hed-Cro.jpg 2048w\" sizes=\"auto, (max-width: 652px) 100vw, 652px\" \/><figcaption id=\"caption-attachment-20535\" class=\"wp-caption-text\">Heddernheims Deniz Yatci am Ball gegen Croatia-Spieler Ivan Kralj. Foto: PA.\u00a0\u00a0<\/figcaption><\/figure>\n<h5><strong><span style=\"font-size: 16px;\">SV 07 Heddernheim &#8211; FC Croatia 1:4 (0:1)<\/span><\/strong><\/h5>\n<p><img loading=\"lazy\" decoding=\"async\" class=\"alignnone size-full wp-image-302\" src=\"http:\/\/insideamateurfussball-ffm.de\/wp-content\/uploads\/2022\/05\/1sv07_news2_4511-1.jpg\" alt=\"\" width=\"80\" height=\"80\" \/><img loading=\"lazy\" decoding=\"async\" class=\"alignnone size-full wp-image-29\" src=\"http:\/\/insideamateurfussball-ffm.de\/wp-content\/uploads\/2021\/11\/croatia.jpg\" alt=\"\" width=\"63\" height=\"80\" \/><\/p>\n<p><span style=\"font-size: 16px;\">Ohne Torj\u00e4ger Marcus Kreckel (Urlaub) fehlte Heddernheim die Durchschlagskraft im Sturm, die in der 2. Minute Oliver Solarz nicht an den Tag legen konnte, denn die Riesenchance zur F\u00fchrung rauschte am Tor der G\u00e4ste vorbei. <\/span><\/p>\n<p><span style=\"font-size: 16px;\">Selbst per Elfmeter konnten beide Teams zun\u00e4chst nicht treffen. Beim SV 07 ist ein Elfmeterpfiff seit Siegels Abgang nicht mehr fast garantiert ein Tor. So scheiterte Yassir Achati an Croatia-Keeper Mateo Grbavac (23.). Aber auch Croatia traf vom Punkt nicht, Josip Romic konnte SVH-Keeper Marc Tomczyk nicht \u00fcberwinden (27.). Kurz darauf traf Spielmacher Ante Strljic, der im zweiten Abschnitt verletzt ausschied und ins Krankenhaus kam, die Latte. Die F\u00fchrung erzielte das Team von Trainer Karlo Luketic nach einer Ecke von Stipe Duvnjak, die Strljic eink\u00f6pfte (39.). Nach dem Seitenwechsel konnte Heddernheim Zeitstrafen gegen die G\u00e4steakteure Faris Ben Youssef (61.) und Marcel Ladan (67.) nicht nutzen, f\u00fcr vier Minuten agierte der SVH gar mit zwei Spielern mehr.<\/span><\/p>\n<ul>\n<li><strong><span style=\"font-size: 16px;\">&#8222;Wir haben zu keiner Zeit die richtige Einstellung zum Spiel gefunden.&#8220; (SVH-Trainer Andreas Berggold)<\/span><\/strong><\/li>\n<\/ul>\n<p><span style=\"font-size: 16px;\">Mit einem Mann mehr kassierte man das 0:2, als sich Mateo Gamulin auf der rechten Seite durchsetzte und Duvnjak zum 0:2 einschob (64.). Heddernheim versuchte es, brachte aber kaum was brauchbares zustande, Chancen wurden kl\u00e4glich nicht genutzt. So war die Partie nach Romics 3:0 (78.) eigentlich gelaufen, ging aber in eine achtmin\u00fctige Nachspielzeit, in der Josh Haas zum 1:3 traf (90.+3). Statt sofort den Anschluss zu suchen, verzettelte man sich aber in wenig bringende Situationen und kassierte mit dem letzten Angriff noch das 1:4 durch Gamulin (90.+8). &#8222;Wir haben zu keiner Zeit die richtige Einstellung zum Spiel gefunden. Das war eine Katastrophe mit welcher K\u00f6rpersprache wir das Spiel angegangen sind&#8220;, klagte SVH-Trainer Andreas Berggold: &#8222;Das war viel zu wenig, wir waren von zwei schlechten Mannschaften die noch schlechtere. Ich bin entt\u00e4uscht, das war ein R\u00fcckschritt. Wir treffen das leere Tor nicht bei sehr guten M\u00f6glichkeiten.&#8220; <\/span><\/p>\n<p><span style=\"font-size: 16px;\">Darko Krolo, der Sportliche Leiter von Croatia, sah hingegen &#8222;die Einstellung und den Willen, die 0:4-Niederlage gegen Germania Enkheim im Derby wieder wettmachen zu wollen. Das haben wir eindrucksvoll unter Beweis gestellt, obwohl wir immer noch nicht komplett sind.&#8220; Man sei mit dieser Mannschaft auf einem guten Weg, &#8222;das sind keine Einzelspieler, wir sind ein Team. Unser Ziel bleibt Platz f\u00fcnf bis neun. Es wird aber H\u00f6hen und Tiefen geben. Bei Heddernheim kenne ich die jungen Spieler, die vom FSV Bergen gekommen sind. Heute hat man gesehen, dass der St\u00fcrmer Kreckel gefehlt hat, somit wurden zu oft die falschen Entscheidungen getroffen. Es war eine tolle Kulisse, so macht das Spa\u00df zu spielen&#8220;, sagte Krolo. Weiter geht es f\u00fcr Croatia am Sonntag gegen den FC R\u00f6delheim, zeitgleich reist Heddernheim an die L\u00e4rchenstra\u00dfe zum SV Griesheim Tarik.\u00a0<\/span><\/p>\n<ul>\n<li><span style=\"font-size: 16px;\"><strong>Schiedsrichter: Karsten Sch\u00f6n (Sportfreunde Ostheim).<\/strong><\/span><\/li>\n<li><span style=\"font-size: 16px;\"><strong>Zuschauer: 133. <\/strong><\/span><\/li>\n<li><span style=\"font-size: 16px;\"><strong>0:1 Ante Strljic (39.), 0:2 Stipe Duvnjak (64.), 0:3 Josip Romic (78.), 1:3 Josh Haas (90.\/+3), 1:4 Mateo Gamulin (90.\/+8). <\/strong><\/span><span style=\"font-size: 16px;\">\u00a0 \u00a0<\/span><\/li>\n<\/ul>\n\n\n<figure class=\"wp-block-image size-large\"><img loading=\"lazy\" decoding=\"async\" width=\"1024\" height=\"768\" src=\"https:\/\/insideamateurfussball-ffm.de\/wp-content\/uploads\/2024\/08\/Krolo-Raemer-1024x768.jpg\" alt=\"\" class=\"wp-image-20536\" srcset=\"https:\/\/insideamateurfussball-ffm.de\/wp-content\/uploads\/2024\/08\/Krolo-Raemer-1024x768.jpg 1024w, https:\/\/insideamateurfussball-ffm.de\/wp-content\/uploads\/2024\/08\/Krolo-Raemer-300x225.jpg 300w, https:\/\/insideamateurfussball-ffm.de\/wp-content\/uploads\/2024\/08\/Krolo-Raemer-768x576.jpg 768w, https:\/\/insideamateurfussball-ffm.de\/wp-content\/uploads\/2024\/08\/Krolo-Raemer-1536x1152.jpg 1536w, https:\/\/insideamateurfussball-ffm.de\/wp-content\/uploads\/2024\/08\/Krolo-Raemer.jpg 2048w\" sizes=\"auto, (max-width: 1024px) 100vw, 1024px\" \/><\/figure>\n","protected":false},"excerpt":{"rendered":"<p>Wie schon in der Vorsaison ging das Heddernheimer Platzderby an den FC Croatia, der beim SV 07 mit 4:1 gewann und nach Punkten mit den Gr\u00fcn-Wei\u00dfen gleichzog.\u00a0 SV 07 Heddernheim &#8211; FC Croatia 1:4 (0:1) Ohne Torj\u00e4ger Marcus Kreckel (Urlaub) fehlte Heddernheim die Durchschlagskraft im Sturm, die in der 2. Minute Oliver Solarz nicht an [&hellip;]<\/p>\n","protected":false},"author":1,"featured_media":20535,"comment_status":"closed","ping_status":"closed","sticky":true,"template":"","format":"standard","meta":{"footnotes":""},"categories":[2],"tags":[],"class_list":["post-20534","post","type-post","status-publish","format-standard","has-post-thumbnail","hentry","category-kreisoberliga-frankfurt"],"_links":{"self":[{"href":"https:\/\/insideamateurfussball-ffm.de\/index.php?rest_route=\/wp\/v2\/posts\/20534","targetHints":{"allow":["GET"]}}],"collection":[{"href":"https:\/\/insideamateurfussball-ffm.de\/index.php?rest_route=\/wp\/v2\/posts"}],"about":[{"href":"https:\/\/insideamateurfussball-ffm.de\/index.php?rest_route=\/wp\/v2\/types\/post"}],"author":[{"embeddable":true,"href":"https:\/\/insideamateurfussball-ffm.de\/index.php?rest_route=\/wp\/v2\/users\/1"}],"replies":[{"embeddable":true,"href":"https:\/\/insideamateurfussball-ffm.de\/index.php?rest_route=%2Fwp%2Fv2%2Fcomments&post=20534"}],"version-history":[{"count":1,"href":"https:\/\/insideamateurfussball-ffm.de\/index.php?rest_route=\/wp\/v2\/posts\/20534\/revisions"}],"predecessor-version":[{"id":20537,"href":"https:\/\/insideamateurfussball-ffm.de\/index.php?rest_route=\/wp\/v2\/posts\/20534\/revisions\/20537"}],"wp:featuredmedia":[{"embeddable":true,"href":"https:\/\/insideamateurfussball-ffm.de\/index.php?rest_route=\/wp\/v2\/media\/20535"}],"wp:attachment":[{"href":"https:\/\/insideamateurfussball-ffm.de\/index.php?rest_route=%2Fwp%2Fv2%2Fmedia&parent=20534"}],"wp:term":[{"taxonomy":"category","embeddable":true,"href":"https:\/\/insideamateurfussball-ffm.de\/index.php?rest_route=%2Fwp%2Fv2%2Fcategories&post=20534"},{"taxonomy":"post_tag","embeddable":true,"href":"https:\/\/insideamateurfussball-ffm.de\/index.php?rest_route=%2Fwp%2Fv2%2Ftags&post=20534"}],"curies":[{"name":"wp","href":"https:\/\/api.w.org\/{rel}","templated":true}]}}