{"id":20523,"date":"2024-08-26T12:35:00","date_gmt":"2024-08-26T10:35:00","guid":{"rendered":"https:\/\/insideamateurfussball-ffm.de\/?p=20523"},"modified":"2024-08-26T20:55:59","modified_gmt":"2024-08-26T18:55:59","slug":"zeilsheim-gewinnt-auswaerts-deutlich","status":"publish","type":"post","link":"https:\/\/insideamateurfussball-ffm.de\/?p=20523","title":{"rendered":"Zeilsheim gewinnt ausw\u00e4rts deutlich"},"content":{"rendered":"<h5><span style=\"font-size: 16px;\">Mit 4:1 gewann der SV Zeilsheim das Ausw\u00e4rtsspiel in der Verbandsliga Mitte beim SC Waldgirmes II deutlich und setzte sich auf Platz drei fest.\u00a0<\/span><\/h5>\n<figure id=\"attachment_20524\" aria-describedby=\"caption-attachment-20524\" style=\"width: 150px\" class=\"wp-caption alignleft\"><img loading=\"lazy\" decoding=\"async\" class=\"wp-image-20524 size-thumbnail\" src=\"http:\/\/insideamateurfussball-ffm.de\/wp-content\/uploads\/2024\/08\/IMGS7925-150x150.jpg\" alt=\"\" width=\"150\" height=\"150\" \/><figcaption id=\"caption-attachment-20524\" class=\"wp-caption-text\">Duell der Kapit\u00e4ne: Zeilsheims Adussamed G\u00fcrsoy (rechts) gegen Robert Cloos (Waldgirmes II). Foto: Peter Strauch.<\/figcaption><\/figure>\n<h5><span style=\"font-size: 16px;\">SC Waldgirmes II &#8211; SV Zeilsheim 1:4 (1:2)<\/span><\/h5>\n<p><img loading=\"lazy\" decoding=\"async\" class=\"alignnone size-full wp-image-2461\" src=\"http:\/\/insideamateurfussball-ffm.de\/wp-content\/uploads\/2022\/09\/Waldgi.jpg\" alt=\"\" width=\"78\" height=\"80\" \/><img loading=\"lazy\" decoding=\"async\" class=\"alignnone size-full wp-image-1153\" src=\"http:\/\/insideamateurfussball-ffm.de\/wp-content\/uploads\/2022\/07\/SVZe.jpg\" alt=\"\" width=\"68\" height=\"80\" \/><\/p>\n<p>Nach der Derby-Niederlage in Okriftel ist der SV Zeilsheim wieder in der Spur. Ausw\u00e4rts beim SC Waldgirmes lie\u00dfen sich die Zeilsheimer nur kurz vom zwischenzeitlichen Ausgleich der Gastgeber aus dem Konzept bringen. &#8222;Der Ausgleich hat uns etwas aus dem Rhythmus gebracht. Aber in der zweiten Halbzeit hatten wir die Spielkontrolle wieder und haben mit einem Doppelschlag das Spiel entschieden&#8220;, sagte Zeilsheims Vorsitzender Peter Strauch.<\/p>\n<p>Nach f\u00fcnf Minuten hatte Dominik Ortega Tapia die G\u00e4ste in F\u00fchrung gebracht, Joel K\u00fcc\u00fckkaplan glich aus (31.).<\/p>\n<ul>\n<li><strong><span style=\"font-size: 16px;\">Sonntag Topspiel gegen FC Ederbergland<\/span><\/strong><\/li>\n<\/ul>\n<p>Wichtig aus Zeilsheimer Sicht, dass Samed G\u00fcrsoy kurz vor der Pause (41.) einen selbst herausgeholten Foulelfmeter verwandelte. Nach einer Stunde erh\u00f6hte Leonardo Bianco im Anschluss an eine Ecke, nachdem zuvor die Versuche von Luftrim Kodraliu und G\u00fcrsoy nicht ihren Weg ins Ziel gefunden hatten. Den Schlusspunkt setzte erneut G\u00fcrsoy (66.).<\/p>\n<p>Mit zw\u00f6lf Punkten aus f\u00fcnf Spielen liegen die Zeilsheimer wieder im Soll und sind auf gutem Weg, sich in der Spitzengruppe zu etablieren. Am kommenden Sonntag, 01.09.2024 um 15:30 Uhr kommt mit dem FC Ederbergland eine weitere Topmannschaft an die Lenzenbergstra\u00dfe und somit ein richtiger Gradmesser f\u00fcr die \u201eGr\u00fcnen\u201c.<\/p>\n<ul>\n<li><strong><span style=\"font-size: 16px;\">Schiedsrichter: Niklas R\u00fcddenklau (TSV Ersen).\u00a0<\/span><\/strong><\/li>\n<li>\n<h5><strong><span style=\"font-size: 16px;\">Tore: 0:1 Dominik Ortega Tapia (6.), 1:1 Joel K\u00fcc\u00fckkaplan (30.), 1:2 Abdussamed G\u00fcrsoy (40.), 1:3 Leonardo Bianco (64.), 1:3 Abdussamed G\u00fcrsoy (66.).<\/span><\/strong><\/h5>\n<\/li>\n<\/ul>\n","protected":false},"excerpt":{"rendered":"<p>Mit 4:1 gewann der SV Zeilsheim das Ausw\u00e4rtsspiel in der Verbandsliga Mitte beim SC Waldgirmes II deutlich und setzte sich auf Platz drei fest.\u00a0 SC Waldgirmes II &#8211; SV Zeilsheim 1:4 (1:2) Nach der Derby-Niederlage in Okriftel ist der SV Zeilsheim wieder in der Spur. Ausw\u00e4rts beim SC Waldgirmes lie\u00dfen sich die Zeilsheimer nur kurz [&hellip;]<\/p>\n","protected":false},"author":1,"featured_media":20524,"comment_status":"closed","ping_status":"closed","sticky":true,"template":"","format":"standard","meta":{"footnotes":""},"categories":[32],"tags":[],"class_list":["post-20523","post","type-post","status-publish","format-standard","has-post-thumbnail","hentry","category-verbandsliga-mitte"],"_links":{"self":[{"href":"https:\/\/insideamateurfussball-ffm.de\/index.php?rest_route=\/wp\/v2\/posts\/20523","targetHints":{"allow":["GET"]}}],"collection":[{"href":"https:\/\/insideamateurfussball-ffm.de\/index.php?rest_route=\/wp\/v2\/posts"}],"about":[{"href":"https:\/\/insideamateurfussball-ffm.de\/index.php?rest_route=\/wp\/v2\/types\/post"}],"author":[{"embeddable":true,"href":"https:\/\/insideamateurfussball-ffm.de\/index.php?rest_route=\/wp\/v2\/users\/1"}],"replies":[{"embeddable":true,"href":"https:\/\/insideamateurfussball-ffm.de\/index.php?rest_route=%2Fwp%2Fv2%2Fcomments&post=20523"}],"version-history":[{"count":2,"href":"https:\/\/insideamateurfussball-ffm.de\/index.php?rest_route=\/wp\/v2\/posts\/20523\/revisions"}],"predecessor-version":[{"id":20526,"href":"https:\/\/insideamateurfussball-ffm.de\/index.php?rest_route=\/wp\/v2\/posts\/20523\/revisions\/20526"}],"wp:featuredmedia":[{"embeddable":true,"href":"https:\/\/insideamateurfussball-ffm.de\/index.php?rest_route=\/wp\/v2\/media\/20524"}],"wp:attachment":[{"href":"https:\/\/insideamateurfussball-ffm.de\/index.php?rest_route=%2Fwp%2Fv2%2Fmedia&parent=20523"}],"wp:term":[{"taxonomy":"category","embeddable":true,"href":"https:\/\/insideamateurfussball-ffm.de\/index.php?rest_route=%2Fwp%2Fv2%2Fcategories&post=20523"},{"taxonomy":"post_tag","embeddable":true,"href":"https:\/\/insideamateurfussball-ffm.de\/index.php?rest_route=%2Fwp%2Fv2%2Ftags&post=20523"}],"curies":[{"name":"wp","href":"https:\/\/api.w.org\/{rel}","templated":true}]}}