{"id":20520,"date":"2024-08-26T18:18:07","date_gmt":"2024-08-26T16:18:07","guid":{"rendered":"https:\/\/insideamateurfussball-ffm.de\/?p=20520"},"modified":"2024-08-26T18:18:07","modified_gmt":"2024-08-26T16:18:07","slug":"bosnien-verspielt-21-fuehrung-und-verliert-punkte-und-spieler","status":"publish","type":"post","link":"https:\/\/insideamateurfussball-ffm.de\/?p=20520","title":{"rendered":"Bosnien verspielt 2:1-F\u00fchrung und verliert Punkte und Spieler"},"content":{"rendered":"<h4>Trotz einer zwischenzeitlichen 2:1-F\u00fchrung musste sich der SV Bosnien\/Herzegowina beim Aufsteiger FC Kaichen geschlagen geben, am Ende war es ein Lucky Punch in der Nachspielzeit, der den 3:2-Sieg der Gastgeber herstellte.<\/h4>\n<figure id=\"attachment_20242\" aria-describedby=\"caption-attachment-20242\" style=\"width: 945px\" class=\"wp-caption alignnone\"><img loading=\"lazy\" decoding=\"async\" class=\"wp-image-20242 size-full\" src=\"http:\/\/insideamateurfussball-ffm.de\/wp-content\/uploads\/2024\/08\/bos8.jpg\" alt=\"\" width=\"945\" height=\"705\" srcset=\"https:\/\/insideamateurfussball-ffm.de\/wp-content\/uploads\/2024\/08\/bos8.jpg 945w, https:\/\/insideamateurfussball-ffm.de\/wp-content\/uploads\/2024\/08\/bos8-300x224.jpg 300w, https:\/\/insideamateurfussball-ffm.de\/wp-content\/uploads\/2024\/08\/bos8-768x573.jpg 768w\" sizes=\"auto, (max-width: 945px) 100vw, 945px\" \/><figcaption id=\"caption-attachment-20242\" class=\"wp-caption-text\">Bosniens Trainer Amir Mustafic musste mit seiner Mannschaft bereits die zweite Niederlage einstecken. Foto: Archiv Mithat G\u00fcrser<\/figcaption><\/figure>\n<h4>FC Kaichen &#8211; SV Bosnien\/Herzegowina 3:2 (1:0)<\/h4>\n<p><img loading=\"lazy\" decoding=\"async\" class=\"alignnone size-full wp-image-20254\" src=\"http:\/\/insideamateurfussball-ffm.de\/wp-content\/uploads\/2024\/08\/o-kaichen.jpeg\" alt=\"\" width=\"88\" height=\"99\" \/><img loading=\"lazy\" decoding=\"async\" class=\"alignnone size-full wp-image-139\" src=\"http:\/\/insideamateurfussball-ffm.de\/wp-content\/uploads\/2022\/05\/Bosnien.jpg\" alt=\"\" width=\"79\" height=\"80\" \/><\/p>\n<p>Bosniens Pressesprecher Admir Malohodzic war nach der Niederlage beim FC Kaichen, der am vierten Spieltag bereits sein viertes Heimspiel bestritt, fast sprachlos: \u201ewir sind total ungl\u00fccklich, gef\u00fchlt waren wir bis zur roten Karte die spielbestimmende Mannschaft, und der Ausgleich war irregul\u00e4r.\u201c<\/p>\n<p>Die Gastgeber, die bisher aus ihren drei Heimspielen 7 Punkte holten, begannen sehr defensiv, waren aber sehr bissig und versuchten immer wieder, mit langen B\u00e4llen zum Erfolg zu kommen. So entstand in der 22.Minute auch das 1:0 f\u00fcr Kaichen, Niklas Asovic \u00fcberlupfte Bosniens Torh\u00fcter zum 1:0. In der zweiten Halbzeit machten es die Bosnier dann besser und traten dominanter auf, Ergebnis in der 55.Minute das 1:1 durch Amir Grabovica, ehe es dann in der 74.Minute Elfmeter f\u00fcr die Bosnier gab. Adis Hasecic, erst zwei Minuten vorher eingewechselt, schnappte sich den Ball und verwandelte den Strafsto\u00df zur 2:1-F\u00fchrung f\u00fcr die G\u00e4ste.<\/p>\n<p>Nur eine Minute sp\u00e4ter musste Safet Mujkic nach einem Foulspiel mit der roten Karte das Feld verlassen, was die Gastgeber in der 86.Minute zum Ausgleich nutzten, Sascha Hermann war in der 86.Minute der Torsch\u00fctze. F\u00fcr die Bosnier war dieses Tor aber irregul\u00e4r, Malohodzic: \u201eder Ball war bereits zwei Meter im Toraus, und bei der Hereingabe sind unsere Spieler alle stehengeblieben, weil der Ball im Aus war.\u201c Der Schiedsrichter gab das Tor und die Bosnier versuchten in Unterzahl noch einmal alles, liefen allerdings in der Nachspielzeit in einen Konter der Gastgeber, Philipp K\u00fchn erzielte den Siegtreffer f\u00fcr den Aufsteiger. Direkt nach dem Tor erhielt Bosniens Semir Mulalic noch die gelb-rote Karte.<\/p>\n<p>Malohodzic: \u201ef\u00fcr uns war das ein rabenschwarzer Sonntag, wir haben so viel investiert, die Niederlage ist nicht verdient\u201c. Am n\u00e4chsten Wochenende m\u00fcssen die Bosnier dann erneut ausw\u00e4rts ran, es geht zum FV Stierstadt.<\/p>\n<h4>Schiedsrichter: Marcel Reinke (TSV Hain-Gr\u00fcndau). Zuschauer: 200.<\/h4>\n<h4>Tore: 1:0 Niklas Asasovic (22.), 1:1 Amir Grabovica (55.), 1:2 Adis Hasecic (74., Elfmeter), 2:2 Sascha Hermann (86.), 3:2 Philipp K\u00fchn (90.+3)<\/h4>\n","protected":false},"excerpt":{"rendered":"<p>Trotz einer zwischenzeitlichen 2:1-F\u00fchrung musste sich der SV Bosnien\/Herzegowina beim Aufsteiger FC Kaichen geschlagen geben, am Ende war es ein Lucky Punch in der Nachspielzeit, der den 3:2-Sieg der Gastgeber herstellte. FC Kaichen &#8211; SV Bosnien\/Herzegowina 3:2 (1:0) Bosniens Pressesprecher Admir Malohodzic war nach der Niederlage beim FC Kaichen, der am vierten Spieltag bereits sein [&hellip;]<\/p>\n","protected":false},"author":3,"featured_media":20242,"comment_status":"closed","ping_status":"open","sticky":true,"template":"","format":"standard","meta":{"footnotes":""},"categories":[13],"tags":[],"class_list":["post-20520","post","type-post","status-publish","format-standard","has-post-thumbnail","hentry","category-gruppenliga-frankfurt-west"],"_links":{"self":[{"href":"https:\/\/insideamateurfussball-ffm.de\/index.php?rest_route=\/wp\/v2\/posts\/20520","targetHints":{"allow":["GET"]}}],"collection":[{"href":"https:\/\/insideamateurfussball-ffm.de\/index.php?rest_route=\/wp\/v2\/posts"}],"about":[{"href":"https:\/\/insideamateurfussball-ffm.de\/index.php?rest_route=\/wp\/v2\/types\/post"}],"author":[{"embeddable":true,"href":"https:\/\/insideamateurfussball-ffm.de\/index.php?rest_route=\/wp\/v2\/users\/3"}],"replies":[{"embeddable":true,"href":"https:\/\/insideamateurfussball-ffm.de\/index.php?rest_route=%2Fwp%2Fv2%2Fcomments&post=20520"}],"version-history":[{"count":2,"href":"https:\/\/insideamateurfussball-ffm.de\/index.php?rest_route=\/wp\/v2\/posts\/20520\/revisions"}],"predecessor-version":[{"id":20522,"href":"https:\/\/insideamateurfussball-ffm.de\/index.php?rest_route=\/wp\/v2\/posts\/20520\/revisions\/20522"}],"wp:featuredmedia":[{"embeddable":true,"href":"https:\/\/insideamateurfussball-ffm.de\/index.php?rest_route=\/wp\/v2\/media\/20242"}],"wp:attachment":[{"href":"https:\/\/insideamateurfussball-ffm.de\/index.php?rest_route=%2Fwp%2Fv2%2Fmedia&parent=20520"}],"wp:term":[{"taxonomy":"category","embeddable":true,"href":"https:\/\/insideamateurfussball-ffm.de\/index.php?rest_route=%2Fwp%2Fv2%2Fcategories&post=20520"},{"taxonomy":"post_tag","embeddable":true,"href":"https:\/\/insideamateurfussball-ffm.de\/index.php?rest_route=%2Fwp%2Fv2%2Ftags&post=20520"}],"curies":[{"name":"wp","href":"https:\/\/api.w.org\/{rel}","templated":true}]}}