{"id":20509,"date":"2024-08-26T17:48:04","date_gmt":"2024-08-26T15:48:04","guid":{"rendered":"https:\/\/insideamateurfussball-ffm.de\/?p=20509"},"modified":"2024-08-26T17:48:04","modified_gmt":"2024-08-26T15:48:04","slug":"erster-sieg-fuer-tuerkguecue-in-der-gruppenliga","status":"publish","type":"post","link":"https:\/\/insideamateurfussball-ffm.de\/?p=20509","title":{"rendered":"Erster Sieg f\u00fcr T\u00fcrkg\u00fcc\u00fc in der Gruppenliga"},"content":{"rendered":"<h4>Aufsteiger T\u00fcrkg\u00fcc\u00fc Frankfurt konnte im dritten Spiel seine ersten Punkte einfahren, nach einem R\u00fcckstand kamen die Frankfurter durch zwei sp\u00e4te Tore zu einem 2:1-Sieg gegen den bis dahin ungeschlagenen FV Stierstadt.<\/h4>\n<figure id=\"attachment_20513\" aria-describedby=\"caption-attachment-20513\" style=\"width: 2000px\" class=\"wp-caption alignnone\"><img loading=\"lazy\" decoding=\"async\" class=\"wp-image-20513 size-full\" src=\"http:\/\/insideamateurfussball-ffm.de\/wp-content\/uploads\/2024\/08\/TuerkguecueStierstadt09.jpg\" alt=\"\" width=\"2000\" height=\"1500\" srcset=\"https:\/\/insideamateurfussball-ffm.de\/wp-content\/uploads\/2024\/08\/TuerkguecueStierstadt09.jpg 2000w, https:\/\/insideamateurfussball-ffm.de\/wp-content\/uploads\/2024\/08\/TuerkguecueStierstadt09-300x225.jpg 300w, https:\/\/insideamateurfussball-ffm.de\/wp-content\/uploads\/2024\/08\/TuerkguecueStierstadt09-1024x768.jpg 1024w, https:\/\/insideamateurfussball-ffm.de\/wp-content\/uploads\/2024\/08\/TuerkguecueStierstadt09-768x576.jpg 768w, https:\/\/insideamateurfussball-ffm.de\/wp-content\/uploads\/2024\/08\/TuerkguecueStierstadt09-1536x1152.jpg 1536w\" sizes=\"auto, (max-width: 2000px) 100vw, 2000px\" \/><figcaption id=\"caption-attachment-20513\" class=\"wp-caption-text\">Nach dem Spiel war die Freude \u00fcber T\u00fcrkg\u00fcc\u00fcs ersten Sieg gro\u00df. Foto: T\u00fcrkg\u00fcc\u00fc<\/figcaption><\/figure>\n<h4>T\u00fcrkg\u00fcc\u00fc Frankfurt &#8211; FV Stierstadt 2:1 (0:0)<\/h4>\n<p><img loading=\"lazy\" decoding=\"async\" class=\"alignnone size-full wp-image-17\" src=\"http:\/\/insideamateurfussball-ffm.de\/wp-content\/uploads\/2021\/11\/Tuerkguecue.jpg\" alt=\"\" width=\"72\" height=\"80\" \/><img loading=\"lazy\" decoding=\"async\" class=\"alignnone size-full wp-image-3054\" src=\"http:\/\/insideamateurfussball-ffm.de\/wp-content\/uploads\/2022\/10\/Stierstadt.png\" alt=\"\" width=\"80\" height=\"80\" \/><\/p>\n<p>Im Vergleich zur Vorwoche wechselte T\u00fcrkg\u00fcc\u00fcs Trainer Andreas Anicic viermal, nach seiner Verletzung kehrte Reahan Mahmood ins Tor zur\u00fcck, nach seiner Sperre aus der letzten Saison konnte auch Emre Kadimli wieder eingesetzt werden, und Erol G\u00fcler und Nuno Miguel Pires Lopes standen nach Urlaub wieder zur Verf\u00fcgung. T\u00fcrkg\u00fcc\u00fcs Vorstandsmitglied Duran G\u00fcng\u00f6r sprach nach dem Spiel von einer \u201edeutlichen Leistungssteigerung gegen\u00fcber der letzten Woche.\u201c<\/p>\n<p>G\u00fcng\u00f6r weiter: \u201edie Jungs haben um jeden Zentimeter gek\u00e4mpft und bis zum 0:1 nichts zugelassen\u201c. Aber dann war es ausgerechnet Stierstadts Topst\u00fcrmer Tim Pelka in der 58.Minute, der die G\u00e4ste mit 1:0 in F\u00fchrung brachte. Selbst konnten die Gastgeber drei glasklare Torchancen nicht verwerten, und es dauerte bis kurz vor Schluss, ehe die Frankfurter zum umjubelten 1:1 kamen, Erol G\u00fcler war in der 85.Minute der Torsch\u00fctze. Doch damit nicht genug, nur eine Minute sp\u00e4ter war es dann Emre Kadimli, der das 2:1 erzielte und die Gem\u00fcter der Zuschauer und Spieler hochkochen lie\u00df. Die Gastgeber brachten dieses Ergebnis dann auch \u00fcber die 7-min\u00fctige Nachspielzeit und konnten so ihre ersten drei Punkte in der Gruppenliga nach dem Aufstieg feiern.<\/p>\n<p>G\u00fcng\u00f6r nach dem Spiel: \u201eam Ende sind wir froh, dass wir durch zwei Last-Minute-Tore doch noch gewinnen konnten\u201c. In der n\u00e4chsten Woche folgt ein weiteres Heimspiel, am Sonntag kommt der FV Bad Vilbel zu Besuch.<\/p>\n<h4>Schiedsrichter: David Heizmann (FC Viktoria 09 Urberach). Zuschauer: 120.<\/h4>\n<h4>Tore: 0:1 Tim Pelka (58.), 1:1 Erol G\u00fcler (85.), 2:1 Emre Kadimli (86.)<\/h4>\n\n\n<figure class=\"wp-block-image size-large\"><img loading=\"lazy\" decoding=\"async\" width=\"576\" height=\"1024\" src=\"http:\/\/insideamateurfussball-ffm.de\/wp-content\/uploads\/2024\/08\/TuerkguecueStierstadt01-576x1024.jpg\" alt=\"\" class=\"wp-image-20510\" srcset=\"https:\/\/insideamateurfussball-ffm.de\/wp-content\/uploads\/2024\/08\/TuerkguecueStierstadt01-576x1024.jpg 576w, https:\/\/insideamateurfussball-ffm.de\/wp-content\/uploads\/2024\/08\/TuerkguecueStierstadt01-169x300.jpg 169w, https:\/\/insideamateurfussball-ffm.de\/wp-content\/uploads\/2024\/08\/TuerkguecueStierstadt01-768x1365.jpg 768w, https:\/\/insideamateurfussball-ffm.de\/wp-content\/uploads\/2024\/08\/TuerkguecueStierstadt01-864x1536.jpg 864w, https:\/\/insideamateurfussball-ffm.de\/wp-content\/uploads\/2024\/08\/TuerkguecueStierstadt01-1152x2048.jpg 1152w, https:\/\/insideamateurfussball-ffm.de\/wp-content\/uploads\/2024\/08\/TuerkguecueStierstadt01-scaled.jpg 1440w\" sizes=\"auto, (max-width: 576px) 100vw, 576px\" \/><\/figure>\n\n\n\n<figure class=\"wp-block-image size-large\"><img loading=\"lazy\" decoding=\"async\" width=\"576\" height=\"1024\" src=\"http:\/\/insideamateurfussball-ffm.de\/wp-content\/uploads\/2024\/08\/TuerkguecueStierstadt02-576x1024.jpg\" alt=\"\" class=\"wp-image-20511\" srcset=\"https:\/\/insideamateurfussball-ffm.de\/wp-content\/uploads\/2024\/08\/TuerkguecueStierstadt02-576x1024.jpg 576w, https:\/\/insideamateurfussball-ffm.de\/wp-content\/uploads\/2024\/08\/TuerkguecueStierstadt02-169x300.jpg 169w, https:\/\/insideamateurfussball-ffm.de\/wp-content\/uploads\/2024\/08\/TuerkguecueStierstadt02-768x1365.jpg 768w, https:\/\/insideamateurfussball-ffm.de\/wp-content\/uploads\/2024\/08\/TuerkguecueStierstadt02-864x1536.jpg 864w, https:\/\/insideamateurfussball-ffm.de\/wp-content\/uploads\/2024\/08\/TuerkguecueStierstadt02-1152x2048.jpg 1152w, https:\/\/insideamateurfussball-ffm.de\/wp-content\/uploads\/2024\/08\/TuerkguecueStierstadt02-scaled.jpg 1440w\" sizes=\"auto, (max-width: 576px) 100vw, 576px\" \/><\/figure>\n\n\n\n<figure class=\"wp-block-image size-large\"><img loading=\"lazy\" decoding=\"async\" width=\"576\" height=\"1024\" src=\"http:\/\/insideamateurfussball-ffm.de\/wp-content\/uploads\/2024\/08\/TuerkguecueStierstadt04-576x1024.jpg\" alt=\"\" class=\"wp-image-20512\" srcset=\"https:\/\/insideamateurfussball-ffm.de\/wp-content\/uploads\/2024\/08\/TuerkguecueStierstadt04-576x1024.jpg 576w, https:\/\/insideamateurfussball-ffm.de\/wp-content\/uploads\/2024\/08\/TuerkguecueStierstadt04-169x300.jpg 169w, https:\/\/insideamateurfussball-ffm.de\/wp-content\/uploads\/2024\/08\/TuerkguecueStierstadt04-768x1365.jpg 768w, https:\/\/insideamateurfussball-ffm.de\/wp-content\/uploads\/2024\/08\/TuerkguecueStierstadt04-864x1536.jpg 864w, https:\/\/insideamateurfussball-ffm.de\/wp-content\/uploads\/2024\/08\/TuerkguecueStierstadt04-1152x2048.jpg 1152w, https:\/\/insideamateurfussball-ffm.de\/wp-content\/uploads\/2024\/08\/TuerkguecueStierstadt04-scaled.jpg 1440w\" sizes=\"auto, (max-width: 576px) 100vw, 576px\" \/><\/figure>\n\n\n\n<figure class=\"wp-block-image size-large\"><img loading=\"lazy\" decoding=\"async\" width=\"768\" height=\"1024\" src=\"http:\/\/insideamateurfussball-ffm.de\/wp-content\/uploads\/2024\/08\/TuerkguecueStierstadt11-768x1024.jpg\" alt=\"\" class=\"wp-image-20514\" srcset=\"https:\/\/insideamateurfussball-ffm.de\/wp-content\/uploads\/2024\/08\/TuerkguecueStierstadt11-768x1024.jpg 768w, https:\/\/insideamateurfussball-ffm.de\/wp-content\/uploads\/2024\/08\/TuerkguecueStierstadt11-225x300.jpg 225w, https:\/\/insideamateurfussball-ffm.de\/wp-content\/uploads\/2024\/08\/TuerkguecueStierstadt11-1152x1536.jpg 1152w, https:\/\/insideamateurfussball-ffm.de\/wp-content\/uploads\/2024\/08\/TuerkguecueStierstadt11.jpg 1500w\" sizes=\"auto, (max-width: 768px) 100vw, 768px\" \/><\/figure>\n\n\n\n<figure class=\"wp-block-image size-large\"><img loading=\"lazy\" decoding=\"async\" width=\"768\" height=\"1024\" src=\"http:\/\/insideamateurfussball-ffm.de\/wp-content\/uploads\/2024\/08\/TuerkguecueStierstadt13-768x1024.jpg\" alt=\"\" class=\"wp-image-20515\" srcset=\"https:\/\/insideamateurfussball-ffm.de\/wp-content\/uploads\/2024\/08\/TuerkguecueStierstadt13-768x1024.jpg 768w, https:\/\/insideamateurfussball-ffm.de\/wp-content\/uploads\/2024\/08\/TuerkguecueStierstadt13-225x300.jpg 225w, https:\/\/insideamateurfussball-ffm.de\/wp-content\/uploads\/2024\/08\/TuerkguecueStierstadt13-1152x1536.jpg 1152w, https:\/\/insideamateurfussball-ffm.de\/wp-content\/uploads\/2024\/08\/TuerkguecueStierstadt13.jpg 1500w\" sizes=\"auto, (max-width: 768px) 100vw, 768px\" \/><\/figure>\n\n\n\n<figure class=\"wp-block-image size-large\"><img loading=\"lazy\" decoding=\"async\" width=\"768\" height=\"1024\" src=\"http:\/\/insideamateurfussball-ffm.de\/wp-content\/uploads\/2024\/08\/TuerkguecueStierstadt14-768x1024.jpg\" alt=\"\" class=\"wp-image-20516\" srcset=\"https:\/\/insideamateurfussball-ffm.de\/wp-content\/uploads\/2024\/08\/TuerkguecueStierstadt14-768x1024.jpg 768w, https:\/\/insideamateurfussball-ffm.de\/wp-content\/uploads\/2024\/08\/TuerkguecueStierstadt14-225x300.jpg 225w, https:\/\/insideamateurfussball-ffm.de\/wp-content\/uploads\/2024\/08\/TuerkguecueStierstadt14-1152x1536.jpg 1152w, https:\/\/insideamateurfussball-ffm.de\/wp-content\/uploads\/2024\/08\/TuerkguecueStierstadt14.jpg 1500w\" sizes=\"auto, (max-width: 768px) 100vw, 768px\" \/><\/figure>\n\n\n\n<figure class=\"wp-block-image size-large\"><img loading=\"lazy\" decoding=\"async\" width=\"768\" height=\"1024\" src=\"http:\/\/insideamateurfussball-ffm.de\/wp-content\/uploads\/2024\/08\/TuerkguecueStierstadt15-768x1024.jpg\" alt=\"\" class=\"wp-image-20517\" srcset=\"https:\/\/insideamateurfussball-ffm.de\/wp-content\/uploads\/2024\/08\/TuerkguecueStierstadt15-768x1024.jpg 768w, https:\/\/insideamateurfussball-ffm.de\/wp-content\/uploads\/2024\/08\/TuerkguecueStierstadt15-225x300.jpg 225w, https:\/\/insideamateurfussball-ffm.de\/wp-content\/uploads\/2024\/08\/TuerkguecueStierstadt15-1152x1536.jpg 1152w, https:\/\/insideamateurfussball-ffm.de\/wp-content\/uploads\/2024\/08\/TuerkguecueStierstadt15.jpg 1500w\" sizes=\"auto, (max-width: 768px) 100vw, 768px\" \/><\/figure>\n","protected":false},"excerpt":{"rendered":"<p>Aufsteiger T\u00fcrkg\u00fcc\u00fc Frankfurt konnte im dritten Spiel seine ersten Punkte einfahren, nach einem R\u00fcckstand kamen die Frankfurter durch zwei sp\u00e4te Tore zu einem 2:1-Sieg gegen den bis dahin ungeschlagenen FV Stierstadt. T\u00fcrkg\u00fcc\u00fc Frankfurt &#8211; FV Stierstadt 2:1 (0:0) Im Vergleich zur Vorwoche wechselte T\u00fcrkg\u00fcc\u00fcs Trainer Andreas Anicic viermal, nach seiner Verletzung kehrte Reahan Mahmood ins [&hellip;]<\/p>\n","protected":false},"author":3,"featured_media":20513,"comment_status":"closed","ping_status":"open","sticky":true,"template":"","format":"standard","meta":{"footnotes":""},"categories":[13],"tags":[],"class_list":["post-20509","post","type-post","status-publish","format-standard","has-post-thumbnail","hentry","category-gruppenliga-frankfurt-west"],"_links":{"self":[{"href":"https:\/\/insideamateurfussball-ffm.de\/index.php?rest_route=\/wp\/v2\/posts\/20509","targetHints":{"allow":["GET"]}}],"collection":[{"href":"https:\/\/insideamateurfussball-ffm.de\/index.php?rest_route=\/wp\/v2\/posts"}],"about":[{"href":"https:\/\/insideamateurfussball-ffm.de\/index.php?rest_route=\/wp\/v2\/types\/post"}],"author":[{"embeddable":true,"href":"https:\/\/insideamateurfussball-ffm.de\/index.php?rest_route=\/wp\/v2\/users\/3"}],"replies":[{"embeddable":true,"href":"https:\/\/insideamateurfussball-ffm.de\/index.php?rest_route=%2Fwp%2Fv2%2Fcomments&post=20509"}],"version-history":[{"count":2,"href":"https:\/\/insideamateurfussball-ffm.de\/index.php?rest_route=\/wp\/v2\/posts\/20509\/revisions"}],"predecessor-version":[{"id":20519,"href":"https:\/\/insideamateurfussball-ffm.de\/index.php?rest_route=\/wp\/v2\/posts\/20509\/revisions\/20519"}],"wp:featuredmedia":[{"embeddable":true,"href":"https:\/\/insideamateurfussball-ffm.de\/index.php?rest_route=\/wp\/v2\/media\/20513"}],"wp:attachment":[{"href":"https:\/\/insideamateurfussball-ffm.de\/index.php?rest_route=%2Fwp%2Fv2%2Fmedia&parent=20509"}],"wp:term":[{"taxonomy":"category","embeddable":true,"href":"https:\/\/insideamateurfussball-ffm.de\/index.php?rest_route=%2Fwp%2Fv2%2Fcategories&post=20509"},{"taxonomy":"post_tag","embeddable":true,"href":"https:\/\/insideamateurfussball-ffm.de\/index.php?rest_route=%2Fwp%2Fv2%2Ftags&post=20509"}],"curies":[{"name":"wp","href":"https:\/\/api.w.org\/{rel}","templated":true}]}}