{"id":20507,"date":"2024-08-26T17:17:30","date_gmt":"2024-08-26T15:17:30","guid":{"rendered":"https:\/\/insideamateurfussball-ffm.de\/?p=20507"},"modified":"2024-08-26T17:17:30","modified_gmt":"2024-08-26T15:17:30","slug":"fuenf-rote-karten-bei-tempo-gegen-neu-anspach","status":"publish","type":"post","link":"https:\/\/insideamateurfussball-ffm.de\/?p=20507","title":{"rendered":"F\u00fcnf rote Karten bei Tempo gegen Neu-Anspach"},"content":{"rendered":"<h4>Der FC Tempo verlor nicht nur das Heimspiel gegen den FC Neu-Anspach mit 0:3, sondern auch noch zwei Spieler durch rote Karten und zwei Spieler durch gelb-rote Karten, was auch Auswirkungen auf die kommenden Spiele haben wird.<\/h4>\n<figure id=\"attachment_19961\" aria-describedby=\"caption-attachment-19961\" style=\"width: 2040px\" class=\"wp-caption alignnone\"><img loading=\"lazy\" decoding=\"async\" class=\"wp-image-19961 size-full\" src=\"http:\/\/insideamateurfussball-ffm.de\/wp-content\/uploads\/2024\/07\/Stadion-Woogwiese.jpg\" alt=\"\" width=\"2040\" height=\"1530\" srcset=\"https:\/\/insideamateurfussball-ffm.de\/wp-content\/uploads\/2024\/07\/Stadion-Woogwiese.jpg 2040w, https:\/\/insideamateurfussball-ffm.de\/wp-content\/uploads\/2024\/07\/Stadion-Woogwiese-300x225.jpg 300w, https:\/\/insideamateurfussball-ffm.de\/wp-content\/uploads\/2024\/07\/Stadion-Woogwiese-1024x768.jpg 1024w, https:\/\/insideamateurfussball-ffm.de\/wp-content\/uploads\/2024\/07\/Stadion-Woogwiese-768x576.jpg 768w, https:\/\/insideamateurfussball-ffm.de\/wp-content\/uploads\/2024\/07\/Stadion-Woogwiese-1536x1152.jpg 1536w\" sizes=\"auto, (max-width: 2040px) 100vw, 2040px\" \/><figcaption id=\"caption-attachment-19961\" class=\"wp-caption-text\">In der Woogarena sahen die Zuschauer ein denkw\u00fcrdiges Spiel mit 5 roten Karten. Foto: Archiv<\/figcaption><\/figure>\n<h4>FC Tempo &#8211; FC Neu-Anspach 0:3 (0:0)<\/h4>\n<p><img loading=\"lazy\" decoding=\"async\" class=\"alignnone size-full wp-image-31\" src=\"http:\/\/insideamateurfussball-ffm.de\/wp-content\/uploads\/2021\/11\/Tempo.jpg\" alt=\"\" width=\"80\" height=\"80\" \/><img loading=\"lazy\" decoding=\"async\" class=\"alignnone size-full wp-image-16512\" src=\"http:\/\/insideamateurfussball-ffm.de\/wp-content\/uploads\/2024\/01\/logo-neu-anspach.jpeg\" alt=\"\" width=\"80\" height=\"79\" \/><\/p>\n<p>Am Ende des Spiels gegen den FC Neu-Anspach standen f\u00fcr den FC Tempo: ein verlorenes Spiel und vier verlorene Spieler durch rote bzw. gelb-rote Karten. Der FC Tempo hielt lange gegen Neu-Anspach gut mit, aber schon in der 17.Minute kam Hektik auf, als Obiorah Emmanuel Odita vom FC Tempo nach einem Foul mit der roten Karte vom Platz geschickt wurde und zwei weitere Akteure der Gastgeber Gelb erhielten. In der 33.Minute folgte dann auch ein Platzverweis gegen die G\u00e4ste, Maziar Namavizadeh musste mit der roten Karte den Platz verlassen. Zur Pause stand es dann 0:0.<\/p>\n<p>In der 65.Minute verzeichnete der Schiedsrichter eine gelb-rote Karte gegen den FC Tempo, nach unseren Informationen erwischte es dabei wohl den auf der Bank sitzenden Ivan Grgic. In der 77.Minute gingen die G\u00e4ste dann durch einen verwandelten Abpraller von Federic Andruleit mit 1:0 in F\u00fchrung, der negative H\u00f6hepunkt f\u00fcr den FC Tempo dann in der 85.Minute, als der eingewechselte Aleksa Atanasovic wegen eines Foulspiels die rote Karte und Dejan Matijevic wegen Reklamierens die gelb-rote Karte bekamen. Tempos Sportlicher Leiter Zoran Marcetic: \u201edanach sind wir eingebrochen und konnten nicht mehr dagegenhalten, da wir 3 Mann weniger auf dem Platz hatten. Wir sind mit der Schiedsrichterleistung nicht zufrieden.\u201c<\/p>\n<p>Die mehrfache \u00dcberlegenheit nutzten die Neu-Anspacher dann noch f\u00fcr zwei Tore aus, Markus Hofmeier durch Elfmeter in der 89.Minute und Jabar Boaventura erh\u00f6hten f\u00fcr die G\u00e4ste noch auf 3:0.<\/p>\n<p>Am n\u00e4chsten Freitag spielt der FC Tempo in Friedrichsdorf beim gastgebenden FSV.<\/p>\n<h4>Schiedsrichter: Tim Binst\u00e4dt (TG Bessungen). \u00a0Zuschauer: 200.<\/h4>\n<h4>Tore: 0:1 Frederic Anduleit (77.), 0:2 Markus Hofmeier (89., Elfmeter), 0:3 Jabar Boaventura (90.)<\/h4>\n","protected":false},"excerpt":{"rendered":"<p>Der FC Tempo verlor nicht nur das Heimspiel gegen den FC Neu-Anspach mit 0:3, sondern auch noch zwei Spieler durch rote Karten und zwei Spieler durch gelb-rote Karten, was auch Auswirkungen auf die kommenden Spiele haben wird. FC Tempo &#8211; FC Neu-Anspach 0:3 (0:0) Am Ende des Spiels gegen den FC Neu-Anspach standen f\u00fcr den [&hellip;]<\/p>\n","protected":false},"author":3,"featured_media":19961,"comment_status":"closed","ping_status":"open","sticky":true,"template":"","format":"standard","meta":{"footnotes":""},"categories":[13],"tags":[],"class_list":["post-20507","post","type-post","status-publish","format-standard","has-post-thumbnail","hentry","category-gruppenliga-frankfurt-west"],"_links":{"self":[{"href":"https:\/\/insideamateurfussball-ffm.de\/index.php?rest_route=\/wp\/v2\/posts\/20507","targetHints":{"allow":["GET"]}}],"collection":[{"href":"https:\/\/insideamateurfussball-ffm.de\/index.php?rest_route=\/wp\/v2\/posts"}],"about":[{"href":"https:\/\/insideamateurfussball-ffm.de\/index.php?rest_route=\/wp\/v2\/types\/post"}],"author":[{"embeddable":true,"href":"https:\/\/insideamateurfussball-ffm.de\/index.php?rest_route=\/wp\/v2\/users\/3"}],"replies":[{"embeddable":true,"href":"https:\/\/insideamateurfussball-ffm.de\/index.php?rest_route=%2Fwp%2Fv2%2Fcomments&post=20507"}],"version-history":[{"count":1,"href":"https:\/\/insideamateurfussball-ffm.de\/index.php?rest_route=\/wp\/v2\/posts\/20507\/revisions"}],"predecessor-version":[{"id":20508,"href":"https:\/\/insideamateurfussball-ffm.de\/index.php?rest_route=\/wp\/v2\/posts\/20507\/revisions\/20508"}],"wp:featuredmedia":[{"embeddable":true,"href":"https:\/\/insideamateurfussball-ffm.de\/index.php?rest_route=\/wp\/v2\/media\/19961"}],"wp:attachment":[{"href":"https:\/\/insideamateurfussball-ffm.de\/index.php?rest_route=%2Fwp%2Fv2%2Fmedia&parent=20507"}],"wp:term":[{"taxonomy":"category","embeddable":true,"href":"https:\/\/insideamateurfussball-ffm.de\/index.php?rest_route=%2Fwp%2Fv2%2Fcategories&post=20507"},{"taxonomy":"post_tag","embeddable":true,"href":"https:\/\/insideamateurfussball-ffm.de\/index.php?rest_route=%2Fwp%2Fv2%2Ftags&post=20507"}],"curies":[{"name":"wp","href":"https:\/\/api.w.org\/{rel}","templated":true}]}}