{"id":20504,"date":"2024-08-26T16:47:39","date_gmt":"2024-08-26T14:47:39","guid":{"rendered":"https:\/\/insideamateurfussball-ffm.de\/?p=20504"},"modified":"2024-08-26T16:47:39","modified_gmt":"2024-08-26T14:47:39","slug":"fechenheim-mit-ungluecklicher-niederlage","status":"publish","type":"post","link":"https:\/\/insideamateurfussball-ffm.de\/?p=20504","title":{"rendered":"Fechenheim mit ungl\u00fccklicher Niederlage"},"content":{"rendered":"<h4>Die Spvgg. 03 Fechenheim schenkte m\u00f6gliche Punkte beim T\u00fcrkischen SV Bad Nauheim her, bei der 2:3-Niederlage in Bad Nauheim gaben sie zu allen Gegentreffern ihre Mithilfe und verpassten so einen weiteren Sprung nach vorne in der Tabelle.<\/h4>\n<figure id=\"attachment_20238\" aria-describedby=\"caption-attachment-20238\" style=\"width: 945px\" class=\"wp-caption alignnone\"><img loading=\"lazy\" decoding=\"async\" class=\"wp-image-20238 size-full\" src=\"http:\/\/insideamateurfussball-ffm.de\/wp-content\/uploads\/2024\/08\/bos4.jpg\" alt=\"\" width=\"945\" height=\"719\" srcset=\"https:\/\/insideamateurfussball-ffm.de\/wp-content\/uploads\/2024\/08\/bos4.jpg 945w, https:\/\/insideamateurfussball-ffm.de\/wp-content\/uploads\/2024\/08\/bos4-300x228.jpg 300w, https:\/\/insideamateurfussball-ffm.de\/wp-content\/uploads\/2024\/08\/bos4-768x584.jpg 768w\" sizes=\"auto, (max-width: 945px) 100vw, 945px\" \/><figcaption id=\"caption-attachment-20238\" class=\"wp-caption-text\">Der T\u00fcrkische SV Bad Nauheim konnte seinen zweiten Sieg feiern. Foto: Archiv Mithat G\u00fcrser<\/figcaption><\/figure>\n<h4>T\u00fcrkischer SV Bad Nauheim &#8211; Spvgg. 03 Fechenheim 3:2 (1:0)<\/h4>\n<p><img loading=\"lazy\" decoding=\"async\" class=\"alignnone  wp-image-15227\" src=\"http:\/\/insideamateurfussball-ffm.de\/wp-content\/uploads\/2023\/11\/logo-tuerkischersv.jpeg\" alt=\"\" width=\"69\" height=\"78\" \/><img loading=\"lazy\" decoding=\"async\" class=\"alignnone size-full wp-image-603\" src=\"http:\/\/insideamateurfussball-ffm.de\/wp-content\/uploads\/2022\/06\/Fech03.jpg\" alt=\"\" width=\"52\" height=\"80\" \/><\/p>\n<p>\u201eErst hatten wir kein Gl\u00fcck, dann kam auch noch Pech dazu\u201c, so die Analyse von Fechenheims Sportlichem Leiter Asghar Ali-Jaali, die Fechenheimer vers\u00e4umten es dank eigener Fehler, etwas Z\u00e4hlbares aus Bad Nauheim mitzubringen. Schon beim 0:1 in der 20.Minute durch Paul Wischtak konnten die G\u00e4ste aus Frankfurt nach einem Einwurf nicht deutlich genug kl\u00e4ren und Wischtak verwandelte den Abpraller zur F\u00fchrung. Ahmet \u00d6zt\u00fcrk verzeichnete f\u00fcr die Gastgeber noch einen Pfostenschuss, w\u00e4hrend zwei Gelegenheiten f\u00fcr Fechenheim von Kaleab Eyassu und Felix Casalino vom gegnerischen Torwart vereitelt wurden.<\/p>\n<p>Kurz nach der Halbzeit hatte Casalino eine weitere Chance, die durch TSV-Keeper Jannik Kraft zunichte gemacht wurde, und in der 50.Minute dann ein zu kurzer R\u00fcckpass von Yassin Benijali, den Wischtak aufnahm und aus 20 Metern zum 2:0 f\u00fcr die Gastgeber verwandelte. Danach kamen die 03er besser ins Spiel und trauten sich mehr zu, in der 56.Minute konnte der zur Halbzeit eingewechselte Yassin Chaouki zum 1;2 verk\u00fcrzen, aber das Spiel der Fechenheimer blieb zu fehlerhaft. Das 3:1 fiel dann aus dem Nichts, als 03-Torwart Armin Buchholz einen Gegner ausspielen wollte, Baris Samadi sich aber den Ball eroberte und die F\u00fchrung ausbaute. Nachdem Giovanbattista Pedace per Freisto\u00df nur den Pfosten des Bad Nauheimer Tores getroffen hatte, kam der Anschlusstreffer zum 2:3 durch erneut Yassin Chaouki zu sp\u00e4t, um noch die Wende einleiten zu k\u00f6nnen.<\/p>\n<p>Ali-Jaali: \u201edie Niederlage war unverdient, nicht die st\u00e4rkere, sondern die gl\u00fccklichere Mannschaft hat gewonnen, die von unseren Fehlern gelebt hat. Es war ein kampfbetontes, aber faires Spiel, wir haben zu viele pers\u00f6nliche Fehler gemacht. Wir haben noch zwei Abseitstore geschossen und zwei Elfmeter nicht bekommen, es war eine unn\u00f6tige Niederlage.\u201c<\/p>\n<p>Am n\u00e4chsten Wochenende k\u00f6nnen es die Fechenheimer besser machen, zu Gast im Stadtderby ist dann der FFV Sportfreunde 04.<\/p>\n<h4>Schiedsrichter: Markus Bengelsdorff (TSV Eintracht Stadtallendorf). Zuschauer: 150.<\/h4>\n<h4>Tore: 1:0 Paul Wischtak (20.), 2:0 Paul Wischtak (49.), 2:1 Yassin Chaouki (56.), 3.1 Baris Samadi (60.), 3:2 Yassin Chaouki (90.+3)<\/h4>\n","protected":false},"excerpt":{"rendered":"<p>Die Spvgg. 03 Fechenheim schenkte m\u00f6gliche Punkte beim T\u00fcrkischen SV Bad Nauheim her, bei der 2:3-Niederlage in Bad Nauheim gaben sie zu allen Gegentreffern ihre Mithilfe und verpassten so einen weiteren Sprung nach vorne in der Tabelle. T\u00fcrkischer SV Bad Nauheim &#8211; Spvgg. 03 Fechenheim 3:2 (1:0) \u201eErst hatten wir kein Gl\u00fcck, dann kam auch [&hellip;]<\/p>\n","protected":false},"author":3,"featured_media":20238,"comment_status":"closed","ping_status":"open","sticky":true,"template":"","format":"standard","meta":{"footnotes":""},"categories":[13],"tags":[],"class_list":["post-20504","post","type-post","status-publish","format-standard","has-post-thumbnail","hentry","category-gruppenliga-frankfurt-west"],"_links":{"self":[{"href":"https:\/\/insideamateurfussball-ffm.de\/index.php?rest_route=\/wp\/v2\/posts\/20504","targetHints":{"allow":["GET"]}}],"collection":[{"href":"https:\/\/insideamateurfussball-ffm.de\/index.php?rest_route=\/wp\/v2\/posts"}],"about":[{"href":"https:\/\/insideamateurfussball-ffm.de\/index.php?rest_route=\/wp\/v2\/types\/post"}],"author":[{"embeddable":true,"href":"https:\/\/insideamateurfussball-ffm.de\/index.php?rest_route=\/wp\/v2\/users\/3"}],"replies":[{"embeddable":true,"href":"https:\/\/insideamateurfussball-ffm.de\/index.php?rest_route=%2Fwp%2Fv2%2Fcomments&post=20504"}],"version-history":[{"count":2,"href":"https:\/\/insideamateurfussball-ffm.de\/index.php?rest_route=\/wp\/v2\/posts\/20504\/revisions"}],"predecessor-version":[{"id":20506,"href":"https:\/\/insideamateurfussball-ffm.de\/index.php?rest_route=\/wp\/v2\/posts\/20504\/revisions\/20506"}],"wp:featuredmedia":[{"embeddable":true,"href":"https:\/\/insideamateurfussball-ffm.de\/index.php?rest_route=\/wp\/v2\/media\/20238"}],"wp:attachment":[{"href":"https:\/\/insideamateurfussball-ffm.de\/index.php?rest_route=%2Fwp%2Fv2%2Fmedia&parent=20504"}],"wp:term":[{"taxonomy":"category","embeddable":true,"href":"https:\/\/insideamateurfussball-ffm.de\/index.php?rest_route=%2Fwp%2Fv2%2Fcategories&post=20504"},{"taxonomy":"post_tag","embeddable":true,"href":"https:\/\/insideamateurfussball-ffm.de\/index.php?rest_route=%2Fwp%2Fv2%2Ftags&post=20504"}],"curies":[{"name":"wp","href":"https:\/\/api.w.org\/{rel}","templated":true}]}}