{"id":20501,"date":"2024-08-26T15:19:59","date_gmt":"2024-08-26T13:19:59","guid":{"rendered":"https:\/\/insideamateurfussball-ffm.de\/?p=20501"},"modified":"2024-08-26T15:19:59","modified_gmt":"2024-08-26T13:19:59","slug":"kalbach-siegt-souveraen-nach-starker-zweiter-haelfte","status":"publish","type":"post","link":"https:\/\/insideamateurfussball-ffm.de\/?p=20501","title":{"rendered":"Kalbach siegt souver\u00e4n nach starker zweiter H\u00e4lfte"},"content":{"rendered":"<h4>Der FC Kalbach bleibt weiterhin verlustpunktfrei und gewann auch beim Aufsteiger Spvgg. 05\/99 Bomber Bad Homburg souver\u00e4n mit 4:0, in der zweiten Halbzeit machte sich die \u00dcberlegenheit dann auch zahlenm\u00e4\u00dfig bemerkbar.<\/h4>\n<figure id=\"attachment_20372\" aria-describedby=\"caption-attachment-20372\" style=\"width: 2016px\" class=\"wp-caption alignnone\"><img loading=\"lazy\" decoding=\"async\" class=\"wp-image-20372 size-full\" src=\"http:\/\/insideamateurfussball-ffm.de\/wp-content\/uploads\/2024\/08\/kalbachseckbach09.jpg\" alt=\"\" width=\"2016\" height=\"1512\" srcset=\"https:\/\/insideamateurfussball-ffm.de\/wp-content\/uploads\/2024\/08\/kalbachseckbach09.jpg 2016w, https:\/\/insideamateurfussball-ffm.de\/wp-content\/uploads\/2024\/08\/kalbachseckbach09-300x225.jpg 300w, https:\/\/insideamateurfussball-ffm.de\/wp-content\/uploads\/2024\/08\/kalbachseckbach09-1024x768.jpg 1024w, https:\/\/insideamateurfussball-ffm.de\/wp-content\/uploads\/2024\/08\/kalbachseckbach09-768x576.jpg 768w, https:\/\/insideamateurfussball-ffm.de\/wp-content\/uploads\/2024\/08\/kalbachseckbach09-1536x1152.jpg 1536w\" sizes=\"auto, (max-width: 2016px) 100vw, 2016px\" \/><figcaption id=\"caption-attachment-20372\" class=\"wp-caption-text\">Zum vierten Mal im vierten Spiel konnten die Kalbacher nach dem Schlusspfiff feiern. Foto: Archiv<\/figcaption><\/figure>\n<h4>Spvgg. 05\/99 Bomber Bad Homburg &#8211; FC Kalbach 0:4 (0:0)<\/h4>\n<p><img loading=\"lazy\" decoding=\"async\" class=\"alignnone size-full wp-image-1287\" src=\"http:\/\/insideamateurfussball-ffm.de\/wp-content\/uploads\/2022\/07\/HeaderLogoSpvgg1-80x80-1.png\" alt=\"\" width=\"80\" height=\"80\" \/><img loading=\"lazy\" decoding=\"async\" class=\"alignnone size-full wp-image-16\" src=\"http:\/\/insideamateurfussball-ffm.de\/wp-content\/uploads\/2021\/11\/kalbach-wappen.jpg\" alt=\"\" width=\"80\" height=\"80\" \/><\/p>\n<p>Der FC Kalbach setzt seinen Siegeszug weiter und konnte den vierten Sieg im vierten Spiel einfahren. Zu Anfang tat sich der Favorit aus Kalbach schwer, sich an den kleinen Platz des Aufsteigers Spvgg. 05\/99 Bomber Bad Homburg zu gew\u00f6hnen und Torchancen herauszuspielen. C-Trainer Lukas H\u00f6ll sagte nach dem Spiel: \u201ewir konnten uns nach und unsere Chancen herausspielen, nach der Halbzeit war der Gegner auch ein bisschen platt und es war noch das ein oder andere Tor m\u00f6glich. Es war ein verdienter Sieg, unsere Mannschaft ist jetzt mit den Urlaubsr\u00fcckkehrern einigerma\u00dfen komplett.\u201c<\/p>\n<p>Die Kalbacher starteten mit den Urlaubsr\u00fcckkehrern Oliver Pauls und Gurkaraman Singh sowie dem zuletzt angeschlagenen Achraf Gara Ali auf der Bank, trotzdem sollte es ein guter Fu\u00dfballsonntag f\u00fcr den letztj\u00e4hrigen Tabellenzweiten werden. Auf dem kleinen Kunstrasenplatz in Bad Homburg, der Rasenplatz war wohl von der Stadt gesperrt worden, dauerte es ein wenig, bis die G\u00e4ste aus Kalbach spielerisch zu zwingenden Chancen kamen.<\/p>\n<p>In der zweiten Halbzeit fielen dann aber gegen die kr\u00e4ftem\u00e4\u00dfig nachlassenden Gastgeber die Tore. Humang Park war es vorbehalten, in der 46.Minute den Torreigen mit dem 1:0 zu er\u00f6ffnen. Nur zwei Minuten sp\u00e4ter erh\u00f6hte Ihab Suleiman mit seinem sechsten Saisontor auf 2:0, eine schnelle Vorentscheidung nach der Pause. Fabio Pinto Da Silva erh\u00f6hte dann f\u00fcr die G\u00e4ste in der 59.Minute auf 3:0, ehe der eingewechselte Achraf Gara Ali in der 90.Minute mit dem 4:0 den Schlusspunkt setzte.<\/p>\n<p>Die Kalbacher liegen jetzt punktgleich mit 12 Punkten aus 4 Spielen mit den Mannschaften FC Karben und FC Neu-Anspach auf Platz 2 der Tabelle, am kommenden Wochenende ist dann die Mannschaft des T\u00fcrkischen SV Bad Nauheim zu Gast.<\/p>\n<h4>Schiedsrichter: Florian Schnorr (Spvgg. Lemp). Zuschauer: 100.<\/h4>\n<h4>Tore: 0:1 Humang Park (46.), 0:2 Ihab Suleiman (48.), 0:3 Fabio Pinto Da Silva (59.), 0:4 Achraf Gara Ali (90.)<\/h4>\n","protected":false},"excerpt":{"rendered":"<p>Der FC Kalbach bleibt weiterhin verlustpunktfrei und gewann auch beim Aufsteiger Spvgg. 05\/99 Bomber Bad Homburg souver\u00e4n mit 4:0, in der zweiten Halbzeit machte sich die \u00dcberlegenheit dann auch zahlenm\u00e4\u00dfig bemerkbar. Spvgg. 05\/99 Bomber Bad Homburg &#8211; FC Kalbach 0:4 (0:0) Der FC Kalbach setzt seinen Siegeszug weiter und konnte den vierten Sieg im vierten [&hellip;]<\/p>\n","protected":false},"author":3,"featured_media":20372,"comment_status":"closed","ping_status":"open","sticky":true,"template":"","format":"standard","meta":{"footnotes":""},"categories":[13],"tags":[],"class_list":["post-20501","post","type-post","status-publish","format-standard","has-post-thumbnail","hentry","category-gruppenliga-frankfurt-west"],"_links":{"self":[{"href":"https:\/\/insideamateurfussball-ffm.de\/index.php?rest_route=\/wp\/v2\/posts\/20501","targetHints":{"allow":["GET"]}}],"collection":[{"href":"https:\/\/insideamateurfussball-ffm.de\/index.php?rest_route=\/wp\/v2\/posts"}],"about":[{"href":"https:\/\/insideamateurfussball-ffm.de\/index.php?rest_route=\/wp\/v2\/types\/post"}],"author":[{"embeddable":true,"href":"https:\/\/insideamateurfussball-ffm.de\/index.php?rest_route=\/wp\/v2\/users\/3"}],"replies":[{"embeddable":true,"href":"https:\/\/insideamateurfussball-ffm.de\/index.php?rest_route=%2Fwp%2Fv2%2Fcomments&post=20501"}],"version-history":[{"count":2,"href":"https:\/\/insideamateurfussball-ffm.de\/index.php?rest_route=\/wp\/v2\/posts\/20501\/revisions"}],"predecessor-version":[{"id":20503,"href":"https:\/\/insideamateurfussball-ffm.de\/index.php?rest_route=\/wp\/v2\/posts\/20501\/revisions\/20503"}],"wp:featuredmedia":[{"embeddable":true,"href":"https:\/\/insideamateurfussball-ffm.de\/index.php?rest_route=\/wp\/v2\/media\/20372"}],"wp:attachment":[{"href":"https:\/\/insideamateurfussball-ffm.de\/index.php?rest_route=%2Fwp%2Fv2%2Fmedia&parent=20501"}],"wp:term":[{"taxonomy":"category","embeddable":true,"href":"https:\/\/insideamateurfussball-ffm.de\/index.php?rest_route=%2Fwp%2Fv2%2Fcategories&post=20501"},{"taxonomy":"post_tag","embeddable":true,"href":"https:\/\/insideamateurfussball-ffm.de\/index.php?rest_route=%2Fwp%2Fv2%2Ftags&post=20501"}],"curies":[{"name":"wp","href":"https:\/\/api.w.org\/{rel}","templated":true}]}}