{"id":20485,"date":"2024-08-26T14:49:13","date_gmt":"2024-08-26T12:49:13","guid":{"rendered":"https:\/\/insideamateurfussball-ffm.de\/?p=20485"},"modified":"2024-08-26T14:49:13","modified_gmt":"2024-08-26T12:49:13","slug":"erste-niederlage-fuer-bornheim-05-beim-aufsteiger","status":"publish","type":"post","link":"https:\/\/insideamateurfussball-ffm.de\/?p=20485","title":{"rendered":"Erste Niederlage f\u00fcr Bornheim, 0:5 beim Aufsteiger"},"content":{"rendered":"<h4>Die SG Bornheim musste seine erste Niederlage der Saison einstecken, beim Aufsteiger VfR Gro\u00df-Gerau unterlagen die Frankfurter deutlich mit 0:5 und kassierten damit in den letzten zwei Spielen 9 Gegentore.<\/h4>\n<figure id=\"attachment_20498\" aria-describedby=\"caption-attachment-20498\" style=\"width: 2560px\" class=\"wp-caption alignnone\"><img loading=\"lazy\" decoding=\"async\" class=\"wp-image-20498 size-full\" src=\"http:\/\/insideamateurfussball-ffm.de\/wp-content\/uploads\/2024\/08\/VfRGG-SGB_240825-446-scaled.jpg\" alt=\"\" width=\"2560\" height=\"1707\" srcset=\"https:\/\/insideamateurfussball-ffm.de\/wp-content\/uploads\/2024\/08\/VfRGG-SGB_240825-446-scaled.jpg 2560w, https:\/\/insideamateurfussball-ffm.de\/wp-content\/uploads\/2024\/08\/VfRGG-SGB_240825-446-300x200.jpg 300w, https:\/\/insideamateurfussball-ffm.de\/wp-content\/uploads\/2024\/08\/VfRGG-SGB_240825-446-1024x683.jpg 1024w, https:\/\/insideamateurfussball-ffm.de\/wp-content\/uploads\/2024\/08\/VfRGG-SGB_240825-446-768x512.jpg 768w, https:\/\/insideamateurfussball-ffm.de\/wp-content\/uploads\/2024\/08\/VfRGG-SGB_240825-446-1536x1024.jpg 1536w, https:\/\/insideamateurfussball-ffm.de\/wp-content\/uploads\/2024\/08\/VfRGG-SGB_240825-446-2048x1365.jpg 2048w\" sizes=\"auto, (max-width: 2560px) 100vw, 2560px\" \/><figcaption id=\"caption-attachment-20498\" class=\"wp-caption-text\">Hier erzielt Nick Volk f\u00fcr Gro\u00df-Gerau gerade das 3:0. Foto: Andre Sturmeit<\/figcaption><\/figure>\n<h4>VfR Gro\u00df-Gerau &#8211; SG Bornheim 5:0 (1:0)<\/h4>\n<p><img loading=\"lazy\" decoding=\"async\" class=\"alignnone size-full wp-image-16322\" src=\"http:\/\/insideamateurfussball-ffm.de\/wp-content\/uploads\/2024\/02\/vfr-gross-gerau.png\" alt=\"\" width=\"80\" height=\"80\" \/><img loading=\"lazy\" decoding=\"async\" class=\"alignnone size-full wp-image-119\" src=\"http:\/\/insideamateurfussball-ffm.de\/wp-content\/uploads\/2022\/05\/Bornheim.jpg\" alt=\"\" width=\"80\" height=\"80\" \/><\/p>\n<p>Nach 7 Punkten aus 3 Spielen waren die Bornheimer gut in die Saison gestartet, beim Aufsteiger VfR Gro\u00df-Gerau sollte es allerdings den ersten D\u00e4mpfer geben, und zwar einen kr\u00e4ftigen. Die Bornheimer fanden nie ins Spiel und die Gastgeber gingen in der 15.Minute mit 1:0 in F\u00fchrung, Ilias Benazza konnte eine Flanke von rechts mit dem Kopf ins Tor bugsieren. Der Aufsteiger aus Gro\u00df-Gerau, mit 4 Punkten aus 4 Spielen solide gestartet, dominierte das Spiel und lie\u00df in der ersten Halbzeit weitere gro\u00dfe Chancen liegen. Die Bornheimer erspielten nur wenige Chancen, hatten allerdings Pech, als Joel Tewelde mit einem Freisto\u00df nur die Latte traf.<\/p>\n<p>Wenn sich die Bornheimer in der Halbzeit noch etwas ausgerechnet hatten, so war die Hoffnung nach drei Minuten der zweiten H\u00e4lfte bereits verflogen, nach einem Eckball war erneut Ilias Benazza mit dem Kopf zur Stelle und erzielte das 2:0. In der 58.Minute gab es Foulelfmeter f\u00fcr Gro\u00df-Gerau, den Nick Volk zum 3:0 sicher verwandelte, und nur vier Minuten sp\u00e4ter war es Ilias Benazza mit seinem dritten Tor, der das Ergebnis auf 4:0 stellte (62.), nach einem Konter wurde Benazza in der Mitte freigespielt und brauchte den Ball nur noch ins Tor einschieben. \u00a0Den Schlusspunkt zum 5:0 setzte Fynn Schek in der 84.Minute, nach einem erneuten Eckball war er mit dem Kopf zur Stelle.<\/p>\n<p>Tim Flie\u00df, der den noch in Urlaub weilenden Trainer Lamine Kaiser erneut vertrat, meinte nach dem Spiel: \u201ewir haben schlecht gespielt und vieles vermissen lassen, vor allen Dingen Einsatzbereitschaft und Mentalit\u00e4t. Wir waren heute nicht auf der H\u00f6he und haben schlecht verteidigt. Wor\u00fcber wir reden m\u00fcssen: wir haben in zwei Spielen jetzt 9 Gegentore kassiert, zu viele einfache Tore aus Standards heraus, und das ist eine Frage der Mentalit\u00e4t.\u201c<\/p>\n<p>Besser machen k\u00f6nnen es die Bornheimer bereits am Donnerstag, wenn das Nachholspiel bei Germania Ober-Roden ausgetragen wird.<\/p>\n<h4>Schiedsrichter: Noah Bursky (VfR Niedertiefenbach). Zuschauer: 150.<\/h4>\n<h4>Tore: 1:0 Ilias Benazza (15.), 2:0 Ilias Benazza (48.), 3:0 Nick Volk (58., Elfmeter), 4:0 Ilias Benazza (62.), 5:0 Fynn Schek (84.)<\/h4>\n<blockquote>\n<h4>Die Fotos verdanken wir Andre Sturmeit, der immer bei der SG dabei ist.<\/h4>\n<\/blockquote>\n\n\n<figure class=\"wp-block-image size-large\"><img loading=\"lazy\" decoding=\"async\" width=\"1024\" height=\"683\" src=\"http:\/\/insideamateurfussball-ffm.de\/wp-content\/uploads\/2024\/08\/VfRGG-SGB_240825-30-1024x683.jpg\" alt=\"\" class=\"wp-image-20486\" srcset=\"https:\/\/insideamateurfussball-ffm.de\/wp-content\/uploads\/2024\/08\/VfRGG-SGB_240825-30-1024x683.jpg 1024w, https:\/\/insideamateurfussball-ffm.de\/wp-content\/uploads\/2024\/08\/VfRGG-SGB_240825-30-300x200.jpg 300w, https:\/\/insideamateurfussball-ffm.de\/wp-content\/uploads\/2024\/08\/VfRGG-SGB_240825-30-768x512.jpg 768w, https:\/\/insideamateurfussball-ffm.de\/wp-content\/uploads\/2024\/08\/VfRGG-SGB_240825-30-1536x1024.jpg 1536w, https:\/\/insideamateurfussball-ffm.de\/wp-content\/uploads\/2024\/08\/VfRGG-SGB_240825-30-2048x1365.jpg 2048w\" sizes=\"auto, (max-width: 1024px) 100vw, 1024px\" \/><\/figure>\n\n\n\n<figure class=\"wp-block-image size-large\"><img loading=\"lazy\" decoding=\"async\" width=\"1024\" height=\"683\" src=\"http:\/\/insideamateurfussball-ffm.de\/wp-content\/uploads\/2024\/08\/VfRGG-SGB_240825-79-1024x683.jpg\" alt=\"\" class=\"wp-image-20487\" srcset=\"https:\/\/insideamateurfussball-ffm.de\/wp-content\/uploads\/2024\/08\/VfRGG-SGB_240825-79-1024x683.jpg 1024w, https:\/\/insideamateurfussball-ffm.de\/wp-content\/uploads\/2024\/08\/VfRGG-SGB_240825-79-300x200.jpg 300w, https:\/\/insideamateurfussball-ffm.de\/wp-content\/uploads\/2024\/08\/VfRGG-SGB_240825-79-768x512.jpg 768w, https:\/\/insideamateurfussball-ffm.de\/wp-content\/uploads\/2024\/08\/VfRGG-SGB_240825-79-1536x1024.jpg 1536w, https:\/\/insideamateurfussball-ffm.de\/wp-content\/uploads\/2024\/08\/VfRGG-SGB_240825-79-2048x1365.jpg 2048w\" sizes=\"auto, (max-width: 1024px) 100vw, 1024px\" \/><\/figure>\n\n\n\n<figure class=\"wp-block-image size-large\"><img loading=\"lazy\" decoding=\"async\" width=\"1024\" height=\"682\" src=\"http:\/\/insideamateurfussball-ffm.de\/wp-content\/uploads\/2024\/08\/VfRGG-SGB_240825-96-1024x682.jpg\" alt=\"\" class=\"wp-image-20488\" srcset=\"https:\/\/insideamateurfussball-ffm.de\/wp-content\/uploads\/2024\/08\/VfRGG-SGB_240825-96-1024x682.jpg 1024w, https:\/\/insideamateurfussball-ffm.de\/wp-content\/uploads\/2024\/08\/VfRGG-SGB_240825-96-300x200.jpg 300w, https:\/\/insideamateurfussball-ffm.de\/wp-content\/uploads\/2024\/08\/VfRGG-SGB_240825-96-768x511.jpg 768w, https:\/\/insideamateurfussball-ffm.de\/wp-content\/uploads\/2024\/08\/VfRGG-SGB_240825-96-1536x1023.jpg 1536w, https:\/\/insideamateurfussball-ffm.de\/wp-content\/uploads\/2024\/08\/VfRGG-SGB_240825-96-2048x1364.jpg 2048w\" sizes=\"auto, (max-width: 1024px) 100vw, 1024px\" \/><\/figure>\n\n\n\n<figure class=\"wp-block-image size-large\"><img loading=\"lazy\" decoding=\"async\" width=\"1024\" height=\"683\" src=\"http:\/\/insideamateurfussball-ffm.de\/wp-content\/uploads\/2024\/08\/VfRGG-SGB_240825-110-1024x683.jpg\" alt=\"\" class=\"wp-image-20489\" srcset=\"https:\/\/insideamateurfussball-ffm.de\/wp-content\/uploads\/2024\/08\/VfRGG-SGB_240825-110-1024x683.jpg 1024w, https:\/\/insideamateurfussball-ffm.de\/wp-content\/uploads\/2024\/08\/VfRGG-SGB_240825-110-300x200.jpg 300w, https:\/\/insideamateurfussball-ffm.de\/wp-content\/uploads\/2024\/08\/VfRGG-SGB_240825-110-768x512.jpg 768w, https:\/\/insideamateurfussball-ffm.de\/wp-content\/uploads\/2024\/08\/VfRGG-SGB_240825-110-1536x1024.jpg 1536w, https:\/\/insideamateurfussball-ffm.de\/wp-content\/uploads\/2024\/08\/VfRGG-SGB_240825-110-2048x1365.jpg 2048w\" sizes=\"auto, (max-width: 1024px) 100vw, 1024px\" \/><\/figure>\n\n\n\n<figure class=\"wp-block-image size-large\"><img loading=\"lazy\" decoding=\"async\" width=\"1024\" height=\"683\" src=\"http:\/\/insideamateurfussball-ffm.de\/wp-content\/uploads\/2024\/08\/VfRGG-SGB_240825-120-1024x683.jpg\" alt=\"\" class=\"wp-image-20490\" srcset=\"https:\/\/insideamateurfussball-ffm.de\/wp-content\/uploads\/2024\/08\/VfRGG-SGB_240825-120-1024x683.jpg 1024w, https:\/\/insideamateurfussball-ffm.de\/wp-content\/uploads\/2024\/08\/VfRGG-SGB_240825-120-300x200.jpg 300w, https:\/\/insideamateurfussball-ffm.de\/wp-content\/uploads\/2024\/08\/VfRGG-SGB_240825-120-768x512.jpg 768w, https:\/\/insideamateurfussball-ffm.de\/wp-content\/uploads\/2024\/08\/VfRGG-SGB_240825-120-1536x1024.jpg 1536w, https:\/\/insideamateurfussball-ffm.de\/wp-content\/uploads\/2024\/08\/VfRGG-SGB_240825-120-2048x1365.jpg 2048w\" sizes=\"auto, (max-width: 1024px) 100vw, 1024px\" \/><\/figure>\n\n\n\n<figure class=\"wp-block-image size-large\"><img loading=\"lazy\" decoding=\"async\" width=\"1024\" height=\"683\" src=\"http:\/\/insideamateurfussball-ffm.de\/wp-content\/uploads\/2024\/08\/VfRGG-SGB_240825-130-1024x683.jpg\" alt=\"\" class=\"wp-image-20491\" srcset=\"https:\/\/insideamateurfussball-ffm.de\/wp-content\/uploads\/2024\/08\/VfRGG-SGB_240825-130-1024x683.jpg 1024w, https:\/\/insideamateurfussball-ffm.de\/wp-content\/uploads\/2024\/08\/VfRGG-SGB_240825-130-300x200.jpg 300w, https:\/\/insideamateurfussball-ffm.de\/wp-content\/uploads\/2024\/08\/VfRGG-SGB_240825-130-768x512.jpg 768w, https:\/\/insideamateurfussball-ffm.de\/wp-content\/uploads\/2024\/08\/VfRGG-SGB_240825-130-1536x1024.jpg 1536w, https:\/\/insideamateurfussball-ffm.de\/wp-content\/uploads\/2024\/08\/VfRGG-SGB_240825-130-2048x1365.jpg 2048w\" sizes=\"auto, (max-width: 1024px) 100vw, 1024px\" \/><\/figure>\n\n\n\n<figure class=\"wp-block-image size-large\"><img loading=\"lazy\" decoding=\"async\" width=\"1024\" height=\"684\" src=\"http:\/\/insideamateurfussball-ffm.de\/wp-content\/uploads\/2024\/08\/VfRGG-SGB_240825-170-1024x684.jpg\" alt=\"\" class=\"wp-image-20492\" srcset=\"https:\/\/insideamateurfussball-ffm.de\/wp-content\/uploads\/2024\/08\/VfRGG-SGB_240825-170-1024x684.jpg 1024w, https:\/\/insideamateurfussball-ffm.de\/wp-content\/uploads\/2024\/08\/VfRGG-SGB_240825-170-300x200.jpg 300w, https:\/\/insideamateurfussball-ffm.de\/wp-content\/uploads\/2024\/08\/VfRGG-SGB_240825-170-768x513.jpg 768w, https:\/\/insideamateurfussball-ffm.de\/wp-content\/uploads\/2024\/08\/VfRGG-SGB_240825-170-1536x1026.jpg 1536w, https:\/\/insideamateurfussball-ffm.de\/wp-content\/uploads\/2024\/08\/VfRGG-SGB_240825-170-2048x1369.jpg 2048w\" sizes=\"auto, (max-width: 1024px) 100vw, 1024px\" \/><\/figure>\n\n\n\n<figure class=\"wp-block-image size-large\"><img loading=\"lazy\" decoding=\"async\" width=\"1024\" height=\"683\" src=\"http:\/\/insideamateurfussball-ffm.de\/wp-content\/uploads\/2024\/08\/VfRGG-SGB_240825-212-1024x683.jpg\" alt=\"\" class=\"wp-image-20493\" srcset=\"https:\/\/insideamateurfussball-ffm.de\/wp-content\/uploads\/2024\/08\/VfRGG-SGB_240825-212-1024x683.jpg 1024w, https:\/\/insideamateurfussball-ffm.de\/wp-content\/uploads\/2024\/08\/VfRGG-SGB_240825-212-300x200.jpg 300w, https:\/\/insideamateurfussball-ffm.de\/wp-content\/uploads\/2024\/08\/VfRGG-SGB_240825-212-768x512.jpg 768w, https:\/\/insideamateurfussball-ffm.de\/wp-content\/uploads\/2024\/08\/VfRGG-SGB_240825-212-1536x1024.jpg 1536w, https:\/\/insideamateurfussball-ffm.de\/wp-content\/uploads\/2024\/08\/VfRGG-SGB_240825-212-2048x1365.jpg 2048w\" sizes=\"auto, (max-width: 1024px) 100vw, 1024px\" \/><\/figure>\n\n\n\n<figure class=\"wp-block-image size-large\"><img loading=\"lazy\" decoding=\"async\" width=\"1024\" height=\"683\" src=\"http:\/\/insideamateurfussball-ffm.de\/wp-content\/uploads\/2024\/08\/VfRGG-SGB_240825-246-1024x683.jpg\" alt=\"\" class=\"wp-image-20494\" srcset=\"https:\/\/insideamateurfussball-ffm.de\/wp-content\/uploads\/2024\/08\/VfRGG-SGB_240825-246-1024x683.jpg 1024w, https:\/\/insideamateurfussball-ffm.de\/wp-content\/uploads\/2024\/08\/VfRGG-SGB_240825-246-300x200.jpg 300w, https:\/\/insideamateurfussball-ffm.de\/wp-content\/uploads\/2024\/08\/VfRGG-SGB_240825-246-768x512.jpg 768w, https:\/\/insideamateurfussball-ffm.de\/wp-content\/uploads\/2024\/08\/VfRGG-SGB_240825-246-1536x1024.jpg 1536w, https:\/\/insideamateurfussball-ffm.de\/wp-content\/uploads\/2024\/08\/VfRGG-SGB_240825-246-2048x1365.jpg 2048w\" sizes=\"auto, (max-width: 1024px) 100vw, 1024px\" \/><\/figure>\n\n\n\n<figure class=\"wp-block-image size-large\"><img loading=\"lazy\" decoding=\"async\" width=\"1024\" height=\"683\" src=\"http:\/\/insideamateurfussball-ffm.de\/wp-content\/uploads\/2024\/08\/VfRGG-SGB_240825-316-1024x683.jpg\" alt=\"\" class=\"wp-image-20495\" srcset=\"https:\/\/insideamateurfussball-ffm.de\/wp-content\/uploads\/2024\/08\/VfRGG-SGB_240825-316-1024x683.jpg 1024w, https:\/\/insideamateurfussball-ffm.de\/wp-content\/uploads\/2024\/08\/VfRGG-SGB_240825-316-300x200.jpg 300w, https:\/\/insideamateurfussball-ffm.de\/wp-content\/uploads\/2024\/08\/VfRGG-SGB_240825-316-768x512.jpg 768w, https:\/\/insideamateurfussball-ffm.de\/wp-content\/uploads\/2024\/08\/VfRGG-SGB_240825-316-1536x1024.jpg 1536w, https:\/\/insideamateurfussball-ffm.de\/wp-content\/uploads\/2024\/08\/VfRGG-SGB_240825-316-2048x1365.jpg 2048w\" sizes=\"auto, (max-width: 1024px) 100vw, 1024px\" \/><\/figure>\n\n\n\n<figure class=\"wp-block-image size-large\"><img loading=\"lazy\" decoding=\"async\" width=\"1024\" height=\"683\" src=\"http:\/\/insideamateurfussball-ffm.de\/wp-content\/uploads\/2024\/08\/VfRGG-SGB_240825-334-1024x683.jpg\" alt=\"\" class=\"wp-image-20496\" srcset=\"https:\/\/insideamateurfussball-ffm.de\/wp-content\/uploads\/2024\/08\/VfRGG-SGB_240825-334-1024x683.jpg 1024w, https:\/\/insideamateurfussball-ffm.de\/wp-content\/uploads\/2024\/08\/VfRGG-SGB_240825-334-300x200.jpg 300w, https:\/\/insideamateurfussball-ffm.de\/wp-content\/uploads\/2024\/08\/VfRGG-SGB_240825-334-768x512.jpg 768w, https:\/\/insideamateurfussball-ffm.de\/wp-content\/uploads\/2024\/08\/VfRGG-SGB_240825-334-1536x1024.jpg 1536w, https:\/\/insideamateurfussball-ffm.de\/wp-content\/uploads\/2024\/08\/VfRGG-SGB_240825-334-2048x1365.jpg 2048w\" sizes=\"auto, (max-width: 1024px) 100vw, 1024px\" \/><\/figure>\n\n\n\n<figure class=\"wp-block-image size-large\"><img loading=\"lazy\" decoding=\"async\" width=\"1024\" height=\"683\" src=\"http:\/\/insideamateurfussball-ffm.de\/wp-content\/uploads\/2024\/08\/VfRGG-SGB_240825-393-1024x683.jpg\" alt=\"\" class=\"wp-image-20497\" srcset=\"https:\/\/insideamateurfussball-ffm.de\/wp-content\/uploads\/2024\/08\/VfRGG-SGB_240825-393-1024x683.jpg 1024w, https:\/\/insideamateurfussball-ffm.de\/wp-content\/uploads\/2024\/08\/VfRGG-SGB_240825-393-300x200.jpg 300w, https:\/\/insideamateurfussball-ffm.de\/wp-content\/uploads\/2024\/08\/VfRGG-SGB_240825-393-768x512.jpg 768w, https:\/\/insideamateurfussball-ffm.de\/wp-content\/uploads\/2024\/08\/VfRGG-SGB_240825-393-1536x1024.jpg 1536w, https:\/\/insideamateurfussball-ffm.de\/wp-content\/uploads\/2024\/08\/VfRGG-SGB_240825-393-2048x1365.jpg 2048w\" sizes=\"auto, (max-width: 1024px) 100vw, 1024px\" \/><\/figure>\n","protected":false},"excerpt":{"rendered":"<p>Die SG Bornheim musste seine erste Niederlage der Saison einstecken, beim Aufsteiger VfR Gro\u00df-Gerau unterlagen die Frankfurter deutlich mit 0:5 und kassierten damit in den letzten zwei Spielen 9 Gegentore. VfR Gro\u00df-Gerau &#8211; SG Bornheim 5:0 (1:0) Nach 7 Punkten aus 3 Spielen waren die Bornheimer gut in die Saison gestartet, beim Aufsteiger VfR Gro\u00df-Gerau [&hellip;]<\/p>\n","protected":false},"author":3,"featured_media":20498,"comment_status":"closed","ping_status":"open","sticky":true,"template":"","format":"standard","meta":{"footnotes":""},"categories":[10],"tags":[],"class_list":["post-20485","post","type-post","status-publish","format-standard","has-post-thumbnail","hentry","category-verbandsliga-sued"],"_links":{"self":[{"href":"https:\/\/insideamateurfussball-ffm.de\/index.php?rest_route=\/wp\/v2\/posts\/20485","targetHints":{"allow":["GET"]}}],"collection":[{"href":"https:\/\/insideamateurfussball-ffm.de\/index.php?rest_route=\/wp\/v2\/posts"}],"about":[{"href":"https:\/\/insideamateurfussball-ffm.de\/index.php?rest_route=\/wp\/v2\/types\/post"}],"author":[{"embeddable":true,"href":"https:\/\/insideamateurfussball-ffm.de\/index.php?rest_route=\/wp\/v2\/users\/3"}],"replies":[{"embeddable":true,"href":"https:\/\/insideamateurfussball-ffm.de\/index.php?rest_route=%2Fwp%2Fv2%2Fcomments&post=20485"}],"version-history":[{"count":2,"href":"https:\/\/insideamateurfussball-ffm.de\/index.php?rest_route=\/wp\/v2\/posts\/20485\/revisions"}],"predecessor-version":[{"id":20500,"href":"https:\/\/insideamateurfussball-ffm.de\/index.php?rest_route=\/wp\/v2\/posts\/20485\/revisions\/20500"}],"wp:featuredmedia":[{"embeddable":true,"href":"https:\/\/insideamateurfussball-ffm.de\/index.php?rest_route=\/wp\/v2\/media\/20498"}],"wp:attachment":[{"href":"https:\/\/insideamateurfussball-ffm.de\/index.php?rest_route=%2Fwp%2Fv2%2Fmedia&parent=20485"}],"wp:term":[{"taxonomy":"category","embeddable":true,"href":"https:\/\/insideamateurfussball-ffm.de\/index.php?rest_route=%2Fwp%2Fv2%2Fcategories&post=20485"},{"taxonomy":"post_tag","embeddable":true,"href":"https:\/\/insideamateurfussball-ffm.de\/index.php?rest_route=%2Fwp%2Fv2%2Ftags&post=20485"}],"curies":[{"name":"wp","href":"https:\/\/api.w.org\/{rel}","templated":true}]}}