{"id":20467,"date":"2024-08-26T13:58:48","date_gmt":"2024-08-26T11:58:48","guid":{"rendered":"https:\/\/insideamateurfussball-ffm.de\/?p=20467"},"modified":"2024-08-26T13:58:48","modified_gmt":"2024-08-26T11:58:48","slug":"walldorf-siegt-bei-rw-frankfurt","status":"publish","type":"post","link":"https:\/\/insideamateurfussball-ffm.de\/?p=20467","title":{"rendered":"Walldorf siegt bei RW Frankfurt"},"content":{"rendered":"<h4>Aufgrund einer schw\u00e4cheren zweiten H\u00e4lfte unterlagen die Rot-Weissen aus Frankfurt der zweiten Mannschaft von RW Walldorf mit 1:3, nachdem die erste H\u00e4lfte noch von den Gastgebern dominiert wurde.<\/h4>\n<figure id=\"attachment_20474\" aria-describedby=\"caption-attachment-20474\" style=\"width: 1417px\" class=\"wp-caption alignnone\"><img loading=\"lazy\" decoding=\"async\" class=\"wp-image-20474 size-full\" src=\"http:\/\/insideamateurfussball-ffm.de\/wp-content\/uploads\/2024\/08\/rw-wald7.jpg\" alt=\"\" width=\"1417\" height=\"958\" srcset=\"https:\/\/insideamateurfussball-ffm.de\/wp-content\/uploads\/2024\/08\/rw-wald7.jpg 1417w, https:\/\/insideamateurfussball-ffm.de\/wp-content\/uploads\/2024\/08\/rw-wald7-300x203.jpg 300w, https:\/\/insideamateurfussball-ffm.de\/wp-content\/uploads\/2024\/08\/rw-wald7-1024x692.jpg 1024w, https:\/\/insideamateurfussball-ffm.de\/wp-content\/uploads\/2024\/08\/rw-wald7-768x519.jpg 768w\" sizes=\"auto, (max-width: 1417px) 100vw, 1417px\" \/><figcaption id=\"caption-attachment-20474\" class=\"wp-caption-text\">Die junge Mannschaft von RW Walldorf II war beim Namensvetter aus Frankfurt siegreich. Foto: Mithat G\u00fcrser.<\/figcaption><\/figure>\n<h4>SG RW Frankfurt &#8211; RW Walldorf II 1:3 (0:0)<\/h4>\n<p><img loading=\"lazy\" decoding=\"async\" class=\"alignnone size-full wp-image-120\" src=\"http:\/\/insideamateurfussball-ffm.de\/wp-content\/uploads\/2022\/05\/rot-weiss.png\" alt=\"\" width=\"80\" height=\"70\" \/><img loading=\"lazy\" decoding=\"async\" class=\"alignnone size-full wp-image-1074\" src=\"http:\/\/insideamateurfussball-ffm.de\/wp-content\/uploads\/2022\/07\/Walldorf.jpg\" alt=\"\" width=\"80\" height=\"80\" \/><\/p>\n<p>Nach dem \u00fcberraschenden Ausw\u00e4rtssieg bei den DJK Spfr. Bad Homburg wollte die SG RW Frankfurt auch zu Hause die ersten Punkte erobern, am Ende musste man sich den Namensvettern aus Walldorf mit 1:3 geschlagen geben. In der ersten Halbzeit waren die Gastgeber nach Angaben ihres Trainers Ibo Cigdem \u201eklar \u00fcberlegen\u201c, \u201edie letzte Konsequenz fehlte\u201c und die Angriffe wurden nicht gut zu Ende gespielt. Cigdem, der selten ein Wort \u00fcber die Schiedsrichter verliert, monierte aber: \u201ekurz vor derPause h\u00e4tten wir einen tausendprozentigen Elfmeter bekommen m\u00fcssen, als ein Spieler von uns im Strafraum umgerannt wurde. Dieser Elfmeter und eine m\u00f6gliche F\u00fchrung kurz vor der Pause h\u00e4tten uns gutgetan.\u201c<\/p>\n<p>Der Trainer schiebt das Ergebnis aber nicht auf den Schiedsrichter, denn in der zweiten Halbzeit lieferte seine Mannschaft eine schlechte Leistung ab und ging nach einem krassen Fehler in der 59.Minute in R\u00fcckstand, als Fabian Heidenreich die zweite Mannschaft von RW Walldorf mit 1:0 in F\u00fchrung brachte. \u00a0Die G\u00e4ste \u00fcbernahmen die Spielkontrolle und kamen in der 77.Minute durch Nikolai Loderer zum 2:0, ehe Achraf Amazith in der 83.Minute gar auf 3.0 erh\u00f6hte. Der Anschlusstreffer durch einen direkt verwandelten Freisto\u00df von Bilal El Makrini in der 87.Minute kam f\u00fcr eine Wende zu sp\u00e4t.<\/p>\n<p>Am n\u00e4chsten Wochenende m\u00fcssen die Rot-Weissen, die durch die Niederlage bei einem Spiel weniger auf den vorletzten Platz abgerutscht sind, zum 1.FCA Darmstadt.<\/p>\n<h4>Schiedsrichter: Alexander P\u00e4chthold (SG Treis\/Allendorf). Zuschauer: 110.<\/h4>\n<h4>Tore: 0:1 Fabian Heidenreich (59.), 0:2 Nikolai Loderer (77.), 0:3 Achraf Amazirh (83.), 1:3 Bilal El Makrini (87.)<\/h4>\n<blockquote>\n<h4>Die Bildergalerie verdanken wir wie immer bei RW-Spielen Mithat G\u00fcrser.<\/h4>\n<\/blockquote>\n\n\n<figure class=\"wp-block-image size-large\"><img loading=\"lazy\" decoding=\"async\" width=\"1024\" height=\"715\" src=\"http:\/\/insideamateurfussball-ffm.de\/wp-content\/uploads\/2024\/08\/rw13-1024x715.jpg\" alt=\"\" class=\"wp-image-20468\" srcset=\"https:\/\/insideamateurfussball-ffm.de\/wp-content\/uploads\/2024\/08\/rw13-1024x715.jpg 1024w, https:\/\/insideamateurfussball-ffm.de\/wp-content\/uploads\/2024\/08\/rw13-300x209.jpg 300w, https:\/\/insideamateurfussball-ffm.de\/wp-content\/uploads\/2024\/08\/rw13-768x536.jpg 768w, https:\/\/insideamateurfussball-ffm.de\/wp-content\/uploads\/2024\/08\/rw13.jpg 1417w\" sizes=\"auto, (max-width: 1024px) 100vw, 1024px\" \/><\/figure>\n\n\n\n<figure class=\"wp-block-image size-large\"><img loading=\"lazy\" decoding=\"async\" width=\"1024\" height=\"673\" src=\"http:\/\/insideamateurfussball-ffm.de\/wp-content\/uploads\/2024\/08\/rw-wald2-1024x673.jpg\" alt=\"\" class=\"wp-image-20469\" srcset=\"https:\/\/insideamateurfussball-ffm.de\/wp-content\/uploads\/2024\/08\/rw-wald2-1024x673.jpg 1024w, https:\/\/insideamateurfussball-ffm.de\/wp-content\/uploads\/2024\/08\/rw-wald2-300x197.jpg 300w, https:\/\/insideamateurfussball-ffm.de\/wp-content\/uploads\/2024\/08\/rw-wald2-768x505.jpg 768w, https:\/\/insideamateurfussball-ffm.de\/wp-content\/uploads\/2024\/08\/rw-wald2-1536x1009.jpg 1536w, https:\/\/insideamateurfussball-ffm.de\/wp-content\/uploads\/2024\/08\/rw-wald2.jpg 1575w\" sizes=\"auto, (max-width: 1024px) 100vw, 1024px\" \/><\/figure>\n\n\n\n<figure class=\"wp-block-image size-large\"><img loading=\"lazy\" decoding=\"async\" width=\"1024\" height=\"709\" src=\"http:\/\/insideamateurfussball-ffm.de\/wp-content\/uploads\/2024\/08\/rw-wald3-1024x709.jpg\" alt=\"\" class=\"wp-image-20470\" srcset=\"https:\/\/insideamateurfussball-ffm.de\/wp-content\/uploads\/2024\/08\/rw-wald3-1024x709.jpg 1024w, https:\/\/insideamateurfussball-ffm.de\/wp-content\/uploads\/2024\/08\/rw-wald3-300x208.jpg 300w, https:\/\/insideamateurfussball-ffm.de\/wp-content\/uploads\/2024\/08\/rw-wald3-768x532.jpg 768w, https:\/\/insideamateurfussball-ffm.de\/wp-content\/uploads\/2024\/08\/rw-wald3-1536x1064.jpg 1536w, https:\/\/insideamateurfussball-ffm.de\/wp-content\/uploads\/2024\/08\/rw-wald3.jpg 1575w\" sizes=\"auto, (max-width: 1024px) 100vw, 1024px\" \/><\/figure>\n\n\n\n<figure class=\"wp-block-image size-large\"><img loading=\"lazy\" decoding=\"async\" width=\"1024\" height=\"759\" src=\"http:\/\/insideamateurfussball-ffm.de\/wp-content\/uploads\/2024\/08\/rw-wald4-1024x759.jpg\" alt=\"\" class=\"wp-image-20471\" srcset=\"https:\/\/insideamateurfussball-ffm.de\/wp-content\/uploads\/2024\/08\/rw-wald4-1024x759.jpg 1024w, https:\/\/insideamateurfussball-ffm.de\/wp-content\/uploads\/2024\/08\/rw-wald4-300x222.jpg 300w, https:\/\/insideamateurfussball-ffm.de\/wp-content\/uploads\/2024\/08\/rw-wald4-768x569.jpg 768w, https:\/\/insideamateurfussball-ffm.de\/wp-content\/uploads\/2024\/08\/rw-wald4.jpg 1417w\" sizes=\"auto, (max-width: 1024px) 100vw, 1024px\" \/><\/figure>\n\n\n\n<figure class=\"wp-block-image size-large\"><img loading=\"lazy\" decoding=\"async\" width=\"1024\" height=\"715\" src=\"http:\/\/insideamateurfussball-ffm.de\/wp-content\/uploads\/2024\/08\/rw-wald13-1024x715.jpg\" alt=\"\" class=\"wp-image-20480\" srcset=\"https:\/\/insideamateurfussball-ffm.de\/wp-content\/uploads\/2024\/08\/rw-wald13-1024x715.jpg 1024w, https:\/\/insideamateurfussball-ffm.de\/wp-content\/uploads\/2024\/08\/rw-wald13-300x209.jpg 300w, https:\/\/insideamateurfussball-ffm.de\/wp-content\/uploads\/2024\/08\/rw-wald13-768x536.jpg 768w, https:\/\/insideamateurfussball-ffm.de\/wp-content\/uploads\/2024\/08\/rw-wald13.jpg 1417w\" sizes=\"auto, (max-width: 1024px) 100vw, 1024px\" \/><\/figure>\n\n\n\n<figure class=\"wp-block-image size-large\"><img loading=\"lazy\" decoding=\"async\" width=\"1024\" height=\"699\" src=\"http:\/\/insideamateurfussball-ffm.de\/wp-content\/uploads\/2024\/08\/rw-wald8-1024x699.jpg\" alt=\"\" class=\"wp-image-20475\" srcset=\"https:\/\/insideamateurfussball-ffm.de\/wp-content\/uploads\/2024\/08\/rw-wald8-1024x699.jpg 1024w, https:\/\/insideamateurfussball-ffm.de\/wp-content\/uploads\/2024\/08\/rw-wald8-300x205.jpg 300w, https:\/\/insideamateurfussball-ffm.de\/wp-content\/uploads\/2024\/08\/rw-wald8-768x524.jpg 768w, https:\/\/insideamateurfussball-ffm.de\/wp-content\/uploads\/2024\/08\/rw-wald8.jpg 1417w\" sizes=\"auto, (max-width: 1024px) 100vw, 1024px\" \/><\/figure>\n\n\n\n<figure class=\"wp-block-image size-large\"><img loading=\"lazy\" decoding=\"async\" width=\"1024\" height=\"734\" src=\"http:\/\/insideamateurfussball-ffm.de\/wp-content\/uploads\/2024\/08\/rw-wald5-1024x734.jpg\" alt=\"\" class=\"wp-image-20472\" srcset=\"https:\/\/insideamateurfussball-ffm.de\/wp-content\/uploads\/2024\/08\/rw-wald5-1024x734.jpg 1024w, https:\/\/insideamateurfussball-ffm.de\/wp-content\/uploads\/2024\/08\/rw-wald5-300x215.jpg 300w, https:\/\/insideamateurfussball-ffm.de\/wp-content\/uploads\/2024\/08\/rw-wald5-768x551.jpg 768w, https:\/\/insideamateurfussball-ffm.de\/wp-content\/uploads\/2024\/08\/rw-wald5-1536x1102.jpg 1536w, https:\/\/insideamateurfussball-ffm.de\/wp-content\/uploads\/2024\/08\/rw-wald5-2048x1469.jpg 2048w\" sizes=\"auto, (max-width: 1024px) 100vw, 1024px\" \/><\/figure>\n\n\n\n<figure class=\"wp-block-image size-large\"><img loading=\"lazy\" decoding=\"async\" width=\"1024\" height=\"750\" src=\"http:\/\/insideamateurfussball-ffm.de\/wp-content\/uploads\/2024\/08\/rw-wald6-1024x750.jpg\" alt=\"\" class=\"wp-image-20473\" srcset=\"https:\/\/insideamateurfussball-ffm.de\/wp-content\/uploads\/2024\/08\/rw-wald6-1024x750.jpg 1024w, https:\/\/insideamateurfussball-ffm.de\/wp-content\/uploads\/2024\/08\/rw-wald6-300x220.jpg 300w, https:\/\/insideamateurfussball-ffm.de\/wp-content\/uploads\/2024\/08\/rw-wald6-768x563.jpg 768w, https:\/\/insideamateurfussball-ffm.de\/wp-content\/uploads\/2024\/08\/rw-wald6-1536x1126.jpg 1536w, https:\/\/insideamateurfussball-ffm.de\/wp-content\/uploads\/2024\/08\/rw-wald6-2048x1501.jpg 2048w\" sizes=\"auto, (max-width: 1024px) 100vw, 1024px\" \/><\/figure>\n\n\n\n<figure class=\"wp-block-image size-large\"><img loading=\"lazy\" decoding=\"async\" width=\"1024\" height=\"716\" src=\"http:\/\/insideamateurfussball-ffm.de\/wp-content\/uploads\/2024\/08\/rw-wald9-1024x716.jpg\" alt=\"\" class=\"wp-image-20476\" srcset=\"https:\/\/insideamateurfussball-ffm.de\/wp-content\/uploads\/2024\/08\/rw-wald9-1024x716.jpg 1024w, https:\/\/insideamateurfussball-ffm.de\/wp-content\/uploads\/2024\/08\/rw-wald9-300x210.jpg 300w, https:\/\/insideamateurfussball-ffm.de\/wp-content\/uploads\/2024\/08\/rw-wald9-768x537.jpg 768w, https:\/\/insideamateurfussball-ffm.de\/wp-content\/uploads\/2024\/08\/rw-wald9.jpg 1417w\" sizes=\"auto, (max-width: 1024px) 100vw, 1024px\" \/><\/figure>\n\n\n\n<figure class=\"wp-block-image size-large\"><img loading=\"lazy\" decoding=\"async\" width=\"1024\" height=\"697\" src=\"http:\/\/insideamateurfussball-ffm.de\/wp-content\/uploads\/2024\/08\/rw-wald10-1024x697.jpg\" alt=\"\" class=\"wp-image-20477\" srcset=\"https:\/\/insideamateurfussball-ffm.de\/wp-content\/uploads\/2024\/08\/rw-wald10-1024x697.jpg 1024w, https:\/\/insideamateurfussball-ffm.de\/wp-content\/uploads\/2024\/08\/rw-wald10-300x204.jpg 300w, https:\/\/insideamateurfussball-ffm.de\/wp-content\/uploads\/2024\/08\/rw-wald10-768x523.jpg 768w, https:\/\/insideamateurfussball-ffm.de\/wp-content\/uploads\/2024\/08\/rw-wald10.jpg 1417w\" sizes=\"auto, (max-width: 1024px) 100vw, 1024px\" \/><\/figure>\n\n\n\n<figure class=\"wp-block-image size-large\"><img loading=\"lazy\" decoding=\"async\" width=\"1024\" height=\"734\" src=\"http:\/\/insideamateurfussball-ffm.de\/wp-content\/uploads\/2024\/08\/rw-wald11-1024x734.jpg\" alt=\"\" class=\"wp-image-20478\" srcset=\"https:\/\/insideamateurfussball-ffm.de\/wp-content\/uploads\/2024\/08\/rw-wald11-1024x734.jpg 1024w, https:\/\/insideamateurfussball-ffm.de\/wp-content\/uploads\/2024\/08\/rw-wald11-300x215.jpg 300w, https:\/\/insideamateurfussball-ffm.de\/wp-content\/uploads\/2024\/08\/rw-wald11-768x551.jpg 768w, https:\/\/insideamateurfussball-ffm.de\/wp-content\/uploads\/2024\/08\/rw-wald11.jpg 1417w\" sizes=\"auto, (max-width: 1024px) 100vw, 1024px\" \/><\/figure>\n\n\n\n<figure class=\"wp-block-image size-large\"><img loading=\"lazy\" decoding=\"async\" width=\"1024\" height=\"710\" src=\"http:\/\/insideamateurfussball-ffm.de\/wp-content\/uploads\/2024\/08\/rw-wald12-1024x710.jpg\" alt=\"\" class=\"wp-image-20479\" srcset=\"https:\/\/insideamateurfussball-ffm.de\/wp-content\/uploads\/2024\/08\/rw-wald12-1024x710.jpg 1024w, https:\/\/insideamateurfussball-ffm.de\/wp-content\/uploads\/2024\/08\/rw-wald12-300x208.jpg 300w, https:\/\/insideamateurfussball-ffm.de\/wp-content\/uploads\/2024\/08\/rw-wald12-768x532.jpg 768w, https:\/\/insideamateurfussball-ffm.de\/wp-content\/uploads\/2024\/08\/rw-wald12.jpg 1417w\" sizes=\"auto, (max-width: 1024px) 100vw, 1024px\" \/><\/figure>\n\n\n\n<figure class=\"wp-block-image size-large\"><img loading=\"lazy\" decoding=\"async\" width=\"1024\" height=\"720\" src=\"http:\/\/insideamateurfussball-ffm.de\/wp-content\/uploads\/2024\/08\/rw-wald14-1024x720.jpg\" alt=\"\" class=\"wp-image-20481\" srcset=\"https:\/\/insideamateurfussball-ffm.de\/wp-content\/uploads\/2024\/08\/rw-wald14-1024x720.jpg 1024w, https:\/\/insideamateurfussball-ffm.de\/wp-content\/uploads\/2024\/08\/rw-wald14-300x211.jpg 300w, https:\/\/insideamateurfussball-ffm.de\/wp-content\/uploads\/2024\/08\/rw-wald14-768x540.jpg 768w, https:\/\/insideamateurfussball-ffm.de\/wp-content\/uploads\/2024\/08\/rw-wald14.jpg 1417w\" sizes=\"auto, (max-width: 1024px) 100vw, 1024px\" \/><\/figure>\n\n\n\n<figure class=\"wp-block-image size-large\"><img loading=\"lazy\" decoding=\"async\" width=\"1024\" height=\"678\" src=\"http:\/\/insideamateurfussball-ffm.de\/wp-content\/uploads\/2024\/08\/rw-wald15-1024x678.jpg\" alt=\"\" class=\"wp-image-20482\" srcset=\"https:\/\/insideamateurfussball-ffm.de\/wp-content\/uploads\/2024\/08\/rw-wald15-1024x678.jpg 1024w, https:\/\/insideamateurfussball-ffm.de\/wp-content\/uploads\/2024\/08\/rw-wald15-300x199.jpg 300w, https:\/\/insideamateurfussball-ffm.de\/wp-content\/uploads\/2024\/08\/rw-wald15-768x509.jpg 768w, https:\/\/insideamateurfussball-ffm.de\/wp-content\/uploads\/2024\/08\/rw-wald15-1536x1017.jpg 1536w, https:\/\/insideamateurfussball-ffm.de\/wp-content\/uploads\/2024\/08\/rw-wald15.jpg 1575w\" sizes=\"auto, (max-width: 1024px) 100vw, 1024px\" \/><\/figure>\n","protected":false},"excerpt":{"rendered":"<p>Aufgrund einer schw\u00e4cheren zweiten H\u00e4lfte unterlagen die Rot-Weissen aus Frankfurt der zweiten Mannschaft von RW Walldorf mit 1:3, nachdem die erste H\u00e4lfte noch von den Gastgebern dominiert wurde. SG RW Frankfurt &#8211; RW Walldorf II 1:3 (0:0) Nach dem \u00fcberraschenden Ausw\u00e4rtssieg bei den DJK Spfr. Bad Homburg wollte die SG RW Frankfurt auch zu Hause [&hellip;]<\/p>\n","protected":false},"author":3,"featured_media":20474,"comment_status":"closed","ping_status":"open","sticky":true,"template":"","format":"standard","meta":{"footnotes":""},"categories":[10],"tags":[],"class_list":["post-20467","post","type-post","status-publish","format-standard","has-post-thumbnail","hentry","category-verbandsliga-sued"],"_links":{"self":[{"href":"https:\/\/insideamateurfussball-ffm.de\/index.php?rest_route=\/wp\/v2\/posts\/20467","targetHints":{"allow":["GET"]}}],"collection":[{"href":"https:\/\/insideamateurfussball-ffm.de\/index.php?rest_route=\/wp\/v2\/posts"}],"about":[{"href":"https:\/\/insideamateurfussball-ffm.de\/index.php?rest_route=\/wp\/v2\/types\/post"}],"author":[{"embeddable":true,"href":"https:\/\/insideamateurfussball-ffm.de\/index.php?rest_route=\/wp\/v2\/users\/3"}],"replies":[{"embeddable":true,"href":"https:\/\/insideamateurfussball-ffm.de\/index.php?rest_route=%2Fwp%2Fv2%2Fcomments&post=20467"}],"version-history":[{"count":2,"href":"https:\/\/insideamateurfussball-ffm.de\/index.php?rest_route=\/wp\/v2\/posts\/20467\/revisions"}],"predecessor-version":[{"id":20484,"href":"https:\/\/insideamateurfussball-ffm.de\/index.php?rest_route=\/wp\/v2\/posts\/20467\/revisions\/20484"}],"wp:featuredmedia":[{"embeddable":true,"href":"https:\/\/insideamateurfussball-ffm.de\/index.php?rest_route=\/wp\/v2\/media\/20474"}],"wp:attachment":[{"href":"https:\/\/insideamateurfussball-ffm.de\/index.php?rest_route=%2Fwp%2Fv2%2Fmedia&parent=20467"}],"wp:term":[{"taxonomy":"category","embeddable":true,"href":"https:\/\/insideamateurfussball-ffm.de\/index.php?rest_route=%2Fwp%2Fv2%2Fcategories&post=20467"},{"taxonomy":"post_tag","embeddable":true,"href":"https:\/\/insideamateurfussball-ffm.de\/index.php?rest_route=%2Fwp%2Fv2%2Ftags&post=20467"}],"curies":[{"name":"wp","href":"https:\/\/api.w.org\/{rel}","templated":true}]}}