{"id":20440,"date":"2024-08-24T22:51:56","date_gmt":"2024-08-24T20:51:56","guid":{"rendered":"https:\/\/insideamateurfussball-ffm.de\/?p=20440"},"modified":"2024-08-24T22:51:56","modified_gmt":"2024-08-24T20:51:56","slug":"okriftel-fuegt-zeilsheim-erste-niederlage-zu","status":"publish","type":"post","link":"https:\/\/insideamateurfussball-ffm.de\/?p=20440","title":{"rendered":"Okriftel f\u00fcgt Zeilsheim erste Niederlage zu"},"content":{"rendered":"<h5><span style=\"font-size: 16px;\">Der SV Zeilsheim musste am Donnerstagabend seine erste Niederlage in der Verbandsliga Mitte hinnehmen. Bei Aufsteiger Germania Okriftel verloren die Gr\u00fcnen das Main-Taunus-Derby mit 2:3.\u00a0<\/span><\/h5>\n<figure id=\"attachment_20441\" aria-describedby=\"caption-attachment-20441\" style=\"width: 652px\" class=\"wp-caption alignleft\"><img loading=\"lazy\" decoding=\"async\" class=\"wp-image-20441\" src=\"http:\/\/insideamateurfussball-ffm.de\/wp-content\/uploads\/2024\/08\/rwfg-1024x746.jpg\" alt=\"\" width=\"652\" height=\"475\" srcset=\"https:\/\/insideamateurfussball-ffm.de\/wp-content\/uploads\/2024\/08\/rwfg-1024x746.jpg 1024w, https:\/\/insideamateurfussball-ffm.de\/wp-content\/uploads\/2024\/08\/rwfg-300x219.jpg 300w, https:\/\/insideamateurfussball-ffm.de\/wp-content\/uploads\/2024\/08\/rwfg-768x560.jpg 768w, https:\/\/insideamateurfussball-ffm.de\/wp-content\/uploads\/2024\/08\/rwfg.jpg 1028w\" sizes=\"auto, (max-width: 652px) 100vw, 652px\" \/><figcaption id=\"caption-attachment-20441\" class=\"wp-caption-text\">Okriftel-Trainer Hicham El Mrhanni. Foto: Archiv Mithat G\u00fcrser.\u00a0\u00a0<\/figcaption><\/figure>\n<h5><strong><span style=\"font-size: 16px;\">Germania Okriftel &#8211; SV Zeilsheim 3:2 (1:2)<\/span><\/strong><\/h5>\n<p><img loading=\"lazy\" decoding=\"async\" class=\"alignnone size-full wp-image-4684\" src=\"http:\/\/insideamateurfussball-ffm.de\/wp-content\/uploads\/2023\/01\/Okriftel.jpg\" alt=\"\" width=\"79\" height=\"80\" \/><img loading=\"lazy\" decoding=\"async\" class=\"alignnone size-full wp-image-1153\" src=\"http:\/\/insideamateurfussball-ffm.de\/wp-content\/uploads\/2022\/07\/SVZe.jpg\" alt=\"\" width=\"68\" height=\"80\" \/><\/p>\n<p><span style=\"font-size: 16px;\">Die Gastgeber kommen gut in die neue Liga rein und haben schon sieben Punkte auf dem Konto.<\/span><\/p>\n<p><span style=\"font-size: 16px;\"> Auf dem Kunstrasenplatz im Hattersheimer Stadtteil gingen die Hausherren durch Justin Heidemann in F\u00fchrung (17.).<\/span><\/p>\n<ul>\n<li><span style=\"font-size: 16px;\">Sonntag bei Waldgirmes II<\/span><\/li>\n<\/ul>\n<p><span style=\"font-size: 16px;\">Andre Flie\u00df (26.) und Dorian Miric wendeten das Blatt f\u00fcr Zeilsheim (37.). Doch in der Schlussphase kam die Germania auf und kam zun\u00e4chst durch Alim G\u00f6cek zum Ausgleich (74.). <\/span><\/p>\n<p><span style=\"font-size: 16px;\">Cedric Siewe Nana f\u00fcgte den bis dato dreimal siegreichen Zeilsheimern die erste Niederlage bei (78.). Zeit sich zu \u00e4rgern bleibt aber nur kurz, denn schon am Sonntag geht es wieder auf Ausw\u00e4rtstour, diesmal etwas weiter weg zum SC Waldgirmes II (15.30 Uhr).\u00a0<\/span><\/p>\n<ul>\n<li><span style=\"font-size: 16px;\">Schiedsrichter: Keine Angaben.\u00a0<\/span><\/li>\n<li><span style=\"font-size: 16px;\">Zuschauer: 300.\u00a0<\/span><\/li>\n<li><span style=\"font-size: 16px;\">Tore: 1:0 Justin Heidemann (17.), 1:1 Andre Flie\u00df (26.), 1:2 Dorian Miric (37.), 2:2 Alim G\u00f6cek (74.), 3:2 Cedric Siewe Nana (78.).<\/span><\/li>\n<\/ul>\n","protected":false},"excerpt":{"rendered":"<p>Der SV Zeilsheim musste am Donnerstagabend seine erste Niederlage in der Verbandsliga Mitte hinnehmen. Bei Aufsteiger Germania Okriftel verloren die Gr\u00fcnen das Main-Taunus-Derby mit 2:3.\u00a0 Germania Okriftel &#8211; SV Zeilsheim 3:2 (1:2) Die Gastgeber kommen gut in die neue Liga rein und haben schon sieben Punkte auf dem Konto. Auf dem Kunstrasenplatz im Hattersheimer Stadtteil [&hellip;]<\/p>\n","protected":false},"author":1,"featured_media":20441,"comment_status":"closed","ping_status":"closed","sticky":true,"template":"","format":"standard","meta":{"footnotes":""},"categories":[32],"tags":[],"class_list":["post-20440","post","type-post","status-publish","format-standard","has-post-thumbnail","hentry","category-verbandsliga-mitte"],"_links":{"self":[{"href":"https:\/\/insideamateurfussball-ffm.de\/index.php?rest_route=\/wp\/v2\/posts\/20440","targetHints":{"allow":["GET"]}}],"collection":[{"href":"https:\/\/insideamateurfussball-ffm.de\/index.php?rest_route=\/wp\/v2\/posts"}],"about":[{"href":"https:\/\/insideamateurfussball-ffm.de\/index.php?rest_route=\/wp\/v2\/types\/post"}],"author":[{"embeddable":true,"href":"https:\/\/insideamateurfussball-ffm.de\/index.php?rest_route=\/wp\/v2\/users\/1"}],"replies":[{"embeddable":true,"href":"https:\/\/insideamateurfussball-ffm.de\/index.php?rest_route=%2Fwp%2Fv2%2Fcomments&post=20440"}],"version-history":[{"count":1,"href":"https:\/\/insideamateurfussball-ffm.de\/index.php?rest_route=\/wp\/v2\/posts\/20440\/revisions"}],"predecessor-version":[{"id":20442,"href":"https:\/\/insideamateurfussball-ffm.de\/index.php?rest_route=\/wp\/v2\/posts\/20440\/revisions\/20442"}],"wp:featuredmedia":[{"embeddable":true,"href":"https:\/\/insideamateurfussball-ffm.de\/index.php?rest_route=\/wp\/v2\/media\/20441"}],"wp:attachment":[{"href":"https:\/\/insideamateurfussball-ffm.de\/index.php?rest_route=%2Fwp%2Fv2%2Fmedia&parent=20440"}],"wp:term":[{"taxonomy":"category","embeddable":true,"href":"https:\/\/insideamateurfussball-ffm.de\/index.php?rest_route=%2Fwp%2Fv2%2Fcategories&post=20440"},{"taxonomy":"post_tag","embeddable":true,"href":"https:\/\/insideamateurfussball-ffm.de\/index.php?rest_route=%2Fwp%2Fv2%2Ftags&post=20440"}],"curies":[{"name":"wp","href":"https:\/\/api.w.org\/{rel}","templated":true}]}}