{"id":20432,"date":"2024-08-20T22:13:32","date_gmt":"2024-08-20T20:13:32","guid":{"rendered":"https:\/\/insideamateurfussball-ffm.de\/?p=20432"},"modified":"2024-08-20T22:13:32","modified_gmt":"2024-08-20T20:13:32","slug":"zeisel-hauptdarsteller-im-griesheimer-derby","status":"publish","type":"post","link":"https:\/\/insideamateurfussball-ffm.de\/?p=20432","title":{"rendered":"Zeisel Hauptdarsteller im Griesheimer Derby"},"content":{"rendered":"<h3>Im Griesheimer Derby konnte der SV Tarik in der Nachspielzeit zum 2:2 gegen den Nachbarn Spvgg. 02 ausgleichen. Hauptdarsteller der Partie war auf Seiten der &#8222;Schleifer&#8220; R\u00fcckkehrer Benjamin Zeisel. Mit zwei Toren sorgte der exzellente Fu\u00dfballer f\u00fcr die 2:0-F\u00fchrung, erhielt aber kurz vor Schluss als ausgewechselter Spieler die Rote Karte.<\/h3>\n<figure id=\"attachment_20433\" aria-describedby=\"caption-attachment-20433\" style=\"width: 640px\" class=\"wp-caption alignright\"><img loading=\"lazy\" decoding=\"async\" class=\"wp-image-20433 size-large\" src=\"http:\/\/insideamateurfussball-ffm.de\/wp-content\/uploads\/2024\/08\/Spvgg02Griesheim-1024x577.jpg\" alt=\"\" width=\"640\" height=\"361\" srcset=\"https:\/\/insideamateurfussball-ffm.de\/wp-content\/uploads\/2024\/08\/Spvgg02Griesheim-1024x577.jpg 1024w, https:\/\/insideamateurfussball-ffm.de\/wp-content\/uploads\/2024\/08\/Spvgg02Griesheim-300x169.jpg 300w, https:\/\/insideamateurfussball-ffm.de\/wp-content\/uploads\/2024\/08\/Spvgg02Griesheim-768x433.jpg 768w, https:\/\/insideamateurfussball-ffm.de\/wp-content\/uploads\/2024\/08\/Spvgg02Griesheim-1536x866.jpg 1536w, https:\/\/insideamateurfussball-ffm.de\/wp-content\/uploads\/2024\/08\/Spvgg02Griesheim.jpg 1600w\" sizes=\"auto, (max-width: 640px) 100vw, 640px\" \/><figcaption id=\"caption-attachment-20433\" class=\"wp-caption-text\">Das neue Aufgebot der Spvgg. 02 Griesheim. Foto: J\u00f6rg Schulz.\u00a0<\/figcaption><\/figure>\n<h3><strong>SV Griesheim Tarik &#8211; Spvgg. 02 Griesheim 2:2 (0:1)<\/strong><\/h3>\n<p><img loading=\"lazy\" decoding=\"async\" class=\"alignnone size-full wp-image-34\" src=\"http:\/\/insideamateurfussball-ffm.de\/wp-content\/uploads\/2021\/11\/Tarik.jpg\" alt=\"\" width=\"80\" height=\"80\" \/><img loading=\"lazy\" decoding=\"async\" class=\"alignnone size-full wp-image-287\" src=\"http:\/\/insideamateurfussball-ffm.de\/wp-content\/uploads\/2022\/05\/SpVgg._02_Griesheim_02.jpg\" alt=\"\" width=\"100\" height=\"100\" \/><\/p>\n<p>Tarik war mit einer 0:2-Heimniederlage gegen die SG Harheim schlecht gestartet, holte sich aber eine Woche sp\u00e4ter mit dem 1:0 bei Concordia Eschersheim die ersten Punkte.<\/p>\n<p>Gegen den Griesheimer Ortsrivalen war es laut Sportdirektor Hamza Azaoum &#8222;am Ende ein faires Ergebnis. Wir hatten wie wahrscheinlich auch Griesheim ein paar Urlauber. Unser Vorteil war, dass Fiorenzo Santoro bei Griesheim nicht gespielt hat. Bei uns fehlte der rotgesperrte Ahmet Keser, dazu Marlon Schick.&#8220; Da zwei Torh\u00fcter nicht anwesend waren, musste der erfahrene Hamza El Zaar zwischen die Pfosten. In der ersten Halbzeit war es an der L\u00e4rchenstra\u00dfe ausgeglichen, 02 ging per Freisto\u00df durch Zeisel in F\u00fchrung (38.). Nach dem Seitenwechsel wurde Tarik ausgekontert. Zeisel nutzte das schlechte Stellungsspiel zum zweiten Treffer der G\u00e4ste (52.).<\/p>\n<blockquote>\n<h3><span style=\"text-decoration: underline;\"><strong>&#8222;Danach haben wir nach vorne gespielt und mit vielen Standards gute Chancen erspielt.&#8220; (Tarik-Sportdirektor Hamza Azaoum)<\/strong><\/span><\/h3>\n<\/blockquote>\n<p>Doch Tarik blieb dran und verk\u00fcrzte mit Mourad Aboulmakarim auf 1:2 (54.). &#8222;Das war sehr entscheidend. Danach haben wir nach vorne gespielt und mit vielen Standards gute Chancen erspielt. 02 hat es vers\u00e4umt, in der Zeit das 3:1 nachzulegen&#8220;, sagte Hamza. Das sehr hektische Spiel mit vielen Unterbrechungen brachte viele Fouls mit sich. Zeitstrafen erhielten Mark Antonio Bonta bei den G\u00e4sten und Kenny Winter bei den Gastgebern. In der Nachspielzeit erhielt Tarik den Handelfmeter zugesprochen, den Cem Bagdu zum 2:2 verwandelte (90.+2). Einen Zuruf des ausgewechselten Zeisel ahndete der Schiedsrichter dann mit der Roten Karte (90.\/+4).<\/p>\n<p>Renato Trauner traf noch die Latte, sodass Tarik am Ende sogar den Sieg verpasste. &#8222;Das 2:2 in einem hitzigen Derby ist gerecht. Darauf k\u00f6nnen wir aufbauen.&#8220; Der neue Griesheimer Trainer Dominic Machado war mit dem 2:2 nicht zufrieden: &#8222;Der Handelfmeter gegen uns war ungl\u00fccklich. Wir waren gut im Spiel, es ging sehr hitzig zu. F\u00fcr mich bedeutet die Kreisoberliga in Frankfurt Neuland, da ich bisher bei Vereinen t\u00e4tig war, die zwar zu Frankfurt geh\u00f6ren wie die SG Hoechst oder Alemannia Nied, aber fu\u00dfballtechnisch dem Main-Taunus-Kreis angeh\u00f6ren&#8220;, sagte der fr\u00fchere Oberliga-Fu\u00dfballer von Viktoria Kelsterbach.<\/p>\n<h3><strong><span style=\"text-decoration: underline;\">Schiedsrichter: Michael Zindel (SC Klarenthal). Zuschauer: 100. <\/span><\/strong><\/h3>\n<h3><strong><span style=\"text-decoration: underline;\">Tore: 0:1, 0:2 Benjamin Zeisel (38.\/52.), 1:2 Mourad Aboulmakarim (54.), 2:2 Cem Bagdu (90.\/+2, Handelfmeter).<\/span><\/strong><\/h3>\n","protected":false},"excerpt":{"rendered":"<p>Im Griesheimer Derby konnte der SV Tarik in der Nachspielzeit zum 2:2 gegen den Nachbarn Spvgg. 02 ausgleichen. Hauptdarsteller der Partie war auf Seiten der &#8222;Schleifer&#8220; R\u00fcckkehrer Benjamin Zeisel. Mit zwei Toren sorgte der exzellente Fu\u00dfballer f\u00fcr die 2:0-F\u00fchrung, erhielt aber kurz vor Schluss als ausgewechselter Spieler die Rote Karte. SV Griesheim Tarik &#8211; Spvgg. [&hellip;]<\/p>\n","protected":false},"author":1,"featured_media":20433,"comment_status":"closed","ping_status":"closed","sticky":true,"template":"","format":"standard","meta":{"footnotes":""},"categories":[2],"tags":[],"class_list":["post-20432","post","type-post","status-publish","format-standard","has-post-thumbnail","hentry","category-kreisoberliga-frankfurt"],"_links":{"self":[{"href":"https:\/\/insideamateurfussball-ffm.de\/index.php?rest_route=\/wp\/v2\/posts\/20432","targetHints":{"allow":["GET"]}}],"collection":[{"href":"https:\/\/insideamateurfussball-ffm.de\/index.php?rest_route=\/wp\/v2\/posts"}],"about":[{"href":"https:\/\/insideamateurfussball-ffm.de\/index.php?rest_route=\/wp\/v2\/types\/post"}],"author":[{"embeddable":true,"href":"https:\/\/insideamateurfussball-ffm.de\/index.php?rest_route=\/wp\/v2\/users\/1"}],"replies":[{"embeddable":true,"href":"https:\/\/insideamateurfussball-ffm.de\/index.php?rest_route=%2Fwp%2Fv2%2Fcomments&post=20432"}],"version-history":[{"count":1,"href":"https:\/\/insideamateurfussball-ffm.de\/index.php?rest_route=\/wp\/v2\/posts\/20432\/revisions"}],"predecessor-version":[{"id":20434,"href":"https:\/\/insideamateurfussball-ffm.de\/index.php?rest_route=\/wp\/v2\/posts\/20432\/revisions\/20434"}],"wp:featuredmedia":[{"embeddable":true,"href":"https:\/\/insideamateurfussball-ffm.de\/index.php?rest_route=\/wp\/v2\/media\/20433"}],"wp:attachment":[{"href":"https:\/\/insideamateurfussball-ffm.de\/index.php?rest_route=%2Fwp%2Fv2%2Fmedia&parent=20432"}],"wp:term":[{"taxonomy":"category","embeddable":true,"href":"https:\/\/insideamateurfussball-ffm.de\/index.php?rest_route=%2Fwp%2Fv2%2Fcategories&post=20432"},{"taxonomy":"post_tag","embeddable":true,"href":"https:\/\/insideamateurfussball-ffm.de\/index.php?rest_route=%2Fwp%2Fv2%2Ftags&post=20432"}],"curies":[{"name":"wp","href":"https:\/\/api.w.org\/{rel}","templated":true}]}}