{"id":20418,"date":"2024-08-20T19:13:14","date_gmt":"2024-08-20T17:13:14","guid":{"rendered":"https:\/\/insideamateurfussball-ffm.de\/?p=20418"},"modified":"2024-08-20T19:14:33","modified_gmt":"2024-08-20T17:14:33","slug":"aufsteiger-enkheim-mit-40-sieg-bei-croatia","status":"publish","type":"post","link":"https:\/\/insideamateurfussball-ffm.de\/?p=20418","title":{"rendered":"Aufsteiger Enkheim mit 4:0-Sieg bei Croatia"},"content":{"rendered":"<h3>Aufsteiger Germania Enkheim \u00fcberzeugte mit dem 4:0-Ausw\u00e4rtssieg beim FC Croatia und ist mit sieben Punkten hervorragend in die Saison gestartet. F\u00fcr die urlaubsbedingt geschw\u00e4chten Kroaten war es die zweite Niederlage im dritten Spiel.<\/h3>\n<figure id=\"attachment_20419\" aria-describedby=\"caption-attachment-20419\" style=\"width: 640px\" class=\"wp-caption alignright\"><img loading=\"lazy\" decoding=\"async\" class=\"wp-image-20419 size-large\" src=\"http:\/\/insideamateurfussball-ffm.de\/wp-content\/uploads\/2024\/08\/enkheim-ii-1024x725.jpg\" alt=\"\" width=\"640\" height=\"453\" srcset=\"https:\/\/insideamateurfussball-ffm.de\/wp-content\/uploads\/2024\/08\/enkheim-ii-1024x725.jpg 1024w, https:\/\/insideamateurfussball-ffm.de\/wp-content\/uploads\/2024\/08\/enkheim-ii-300x212.jpg 300w, https:\/\/insideamateurfussball-ffm.de\/wp-content\/uploads\/2024\/08\/enkheim-ii-768x543.jpg 768w, https:\/\/insideamateurfussball-ffm.de\/wp-content\/uploads\/2024\/08\/enkheim-ii.jpg 1036w\" sizes=\"auto, (max-width: 640px) 100vw, 640px\" \/><figcaption id=\"caption-attachment-20419\" class=\"wp-caption-text\">Aufsteiger Germania Enkheim ist in der KOL gut angekommen. Foto: Ali \u00d6zer.<\/figcaption><\/figure>\n<h3><strong>FC Croatia &#8211; FC Germania Enkheim 0:4 (0:0)<\/strong><\/h3>\n<p><img loading=\"lazy\" decoding=\"async\" class=\"alignnone size-full wp-image-29\" src=\"http:\/\/insideamateurfussball-ffm.de\/wp-content\/uploads\/2021\/11\/croatia.jpg\" alt=\"\" width=\"63\" height=\"80\" \/><img loading=\"lazy\" decoding=\"async\" class=\"alignnone size-full wp-image-1748\" src=\"http:\/\/insideamateurfussball-ffm.de\/wp-content\/uploads\/2022\/07\/Enkheim-1.jpg\" alt=\"\" width=\"63\" height=\"80\" \/><\/p>\n<p>Der neue Sportdirektor von Croatia Darko Krolo, der ja bis zum Aufstieg der G\u00e4ste in Enkheim t\u00e4tig war, sprach von einer &#8222;unerwarteten Niederlage, auch wenn uns acht Spieler aus der Ersten Mannschaft gefehlt haben. Auch der Gegner hatte eine \u00e4hnliche Situation, da waren vorwiegend Spieler aus der Zweiten Mannschaft dabei.&#8220;<\/p>\n<p>Bei Croatia m\u00fcsse derzeit aufgrund der Urlaubszeit viel improvisiert werden, &#8222;da sind Automatismen kaum zu erwarten, das ist auch eine Frage der Kondition&#8220;, sagte Krolo. Dennoch stand die Partie rund 70 Minuten lang 0:0, es war ein offenes Spiel, in dem die G\u00e4ste leichte Vorteile hatten. &#8222;Ich habe Horst Menje in der Halbzeit gesagt, dass hier die Mannschaft gewinnt, die das erste Tor erzielt&#8220;, sagte Krolo zum fr\u00fcheren Enkheimer Trainer.<\/p>\n<h3><strong><span style=\"text-decoration: underline;\">Croatia verlor zum wiederholten Male den Ball<\/span><\/strong><\/h3>\n<p>So kam es dann auch, da Croatia in der 70. Minute in der Vorw\u00e4rtsbewegung den Ball verlor und der Enkheimer Kapit\u00e4n Mihajlo Atanaskovic in den Winkel traf. Enkheim legte mit dem eingewechselten Finn Schwechel, den Krolo noch pers\u00f6nlich nach Enkheim holte, per Freisto\u00df zum 0:2 nach (72.). In der Schlussphase verloren die Gastgeber erneut zum wiederholten Male den Ball, das nutzten Nurullah Bulut (85.) und Bilal Haloues (88.) zum 4:0-Sieg der Germania Enkheim aus. &#8222;Das war ein Topgegner, der fair spielt und uns respektiert. Wir haben sehr abwartend gespielt, somit war das unsere schlechteste Saisonleistung. Wir hoffen, dass zum Platzderby in Heddernheim einige Urlauber zur\u00fcckkommen. Wir k\u00f6nnen aber keine Wunder erwarten, aber die Einstellung auf dem Platz sollte stimmen&#8220;, sagte Krolo.<\/p>\n<p>Enkheims Amtskollege Ali \u00d6zer war nat\u00fcrlich sehr zufrieden, &#8222;wir sind stark in die Partie gestartet und zeigten von Anfang an eine gute Leistung. Trotz drei hochkar\u00e4tiger Chancen stand es zur Halbzeit 0:0. Besonders beeindruckend war, dass die Mannschaft trotz urlaubs- und verletzungsbedingter Ausf\u00e4lle den Matchplan der Trainer Steffen Wittig und Michael Anne hervorragend umsetzen konnte. Auch nach der Halbzeit setzten wir Croatia unter Druck und die Einwechslungen brachten neuen Schwung. Schlie\u00dflich wurden die Bem\u00fchungen mit vier Toren belohnt.&#8220; Nachlegen k\u00f6nnen die Enkheimer am Sonntag, wenn der SV Griesheim Tarik im Riedstadion aufkreuzt (15.30 Uhr).<\/p>\n<h3><strong><span style=\"text-decoration: underline;\">Schiedsrichter: Cedrick Djeuta Nana (SV Darmstadt 98). Zuschauer: 60. <\/span><\/strong><\/h3>\n<h3><strong><span style=\"text-decoration: underline;\">Tore: 0:1 Mihajlo Atanaskovic (70.), 0:2 Finn Schwechel (72.), 0:3 Nurullah Bulut (85.), 0:4 Bilal Haoues (88.). <\/span><\/strong><\/h3>\n","protected":false},"excerpt":{"rendered":"<p>Aufsteiger Germania Enkheim \u00fcberzeugte mit dem 4:0-Ausw\u00e4rtssieg beim FC Croatia und ist mit sieben Punkten hervorragend in die Saison gestartet. F\u00fcr die urlaubsbedingt geschw\u00e4chten Kroaten war es die zweite Niederlage im dritten Spiel. FC Croatia &#8211; FC Germania Enkheim 0:4 (0:0) Der neue Sportdirektor von Croatia Darko Krolo, der ja bis zum Aufstieg der G\u00e4ste [&hellip;]<\/p>\n","protected":false},"author":1,"featured_media":20419,"comment_status":"closed","ping_status":"closed","sticky":true,"template":"","format":"standard","meta":{"footnotes":""},"categories":[2],"tags":[],"class_list":["post-20418","post","type-post","status-publish","format-standard","has-post-thumbnail","hentry","category-kreisoberliga-frankfurt"],"_links":{"self":[{"href":"https:\/\/insideamateurfussball-ffm.de\/index.php?rest_route=\/wp\/v2\/posts\/20418","targetHints":{"allow":["GET"]}}],"collection":[{"href":"https:\/\/insideamateurfussball-ffm.de\/index.php?rest_route=\/wp\/v2\/posts"}],"about":[{"href":"https:\/\/insideamateurfussball-ffm.de\/index.php?rest_route=\/wp\/v2\/types\/post"}],"author":[{"embeddable":true,"href":"https:\/\/insideamateurfussball-ffm.de\/index.php?rest_route=\/wp\/v2\/users\/1"}],"replies":[{"embeddable":true,"href":"https:\/\/insideamateurfussball-ffm.de\/index.php?rest_route=%2Fwp%2Fv2%2Fcomments&post=20418"}],"version-history":[{"count":2,"href":"https:\/\/insideamateurfussball-ffm.de\/index.php?rest_route=\/wp\/v2\/posts\/20418\/revisions"}],"predecessor-version":[{"id":20421,"href":"https:\/\/insideamateurfussball-ffm.de\/index.php?rest_route=\/wp\/v2\/posts\/20418\/revisions\/20421"}],"wp:featuredmedia":[{"embeddable":true,"href":"https:\/\/insideamateurfussball-ffm.de\/index.php?rest_route=\/wp\/v2\/media\/20419"}],"wp:attachment":[{"href":"https:\/\/insideamateurfussball-ffm.de\/index.php?rest_route=%2Fwp%2Fv2%2Fmedia&parent=20418"}],"wp:term":[{"taxonomy":"category","embeddable":true,"href":"https:\/\/insideamateurfussball-ffm.de\/index.php?rest_route=%2Fwp%2Fv2%2Fcategories&post=20418"},{"taxonomy":"post_tag","embeddable":true,"href":"https:\/\/insideamateurfussball-ffm.de\/index.php?rest_route=%2Fwp%2Fv2%2Ftags&post=20418"}],"curies":[{"name":"wp","href":"https:\/\/api.w.org\/{rel}","templated":true}]}}