{"id":20411,"date":"2024-08-19T22:40:30","date_gmt":"2024-08-19T20:40:30","guid":{"rendered":"https:\/\/insideamateurfussball-ffm.de\/?p=20411"},"modified":"2024-08-19T23:22:15","modified_gmt":"2024-08-19T21:22:15","slug":"heddernheim-gewinnt-erstmals-in-bornheim","status":"publish","type":"post","link":"https:\/\/insideamateurfussball-ffm.de\/?p=20411","title":{"rendered":"Heddernheim gewinnt erstmals in Bornheim"},"content":{"rendered":"<h3>Trotz der Auftaktniederlage bei Aufsteiger BSC Schwarz-Wei\u00df 19 (1:3) hat der SV 07 Heddernheim einen guten Saisonstart hingelegt. Dem 5:2-Erfolg \u00fcber den FC Gudesding folgte n\u00e4mlich am Sonntag ein 2:0-Ausw\u00e4rtssieg bei der SG Bornheim\/Gr\u00fcn-Wei\u00df II. Es war der erste Sieg der Gr\u00fcn-Wei\u00dfen bei der Bornheimer Reserve im f\u00fcnften Versuch.<\/h3>\n<figure id=\"attachment_20412\" aria-describedby=\"caption-attachment-20412\" style=\"width: 640px\" class=\"wp-caption alignright\"><img loading=\"lazy\" decoding=\"async\" class=\"wp-image-20412 size-large\" src=\"http:\/\/insideamateurfussball-ffm.de\/wp-content\/uploads\/2024\/08\/he4-3-1024x682.jpg\" alt=\"\" width=\"640\" height=\"426\" srcset=\"https:\/\/insideamateurfussball-ffm.de\/wp-content\/uploads\/2024\/08\/he4-3-1024x682.jpg 1024w, https:\/\/insideamateurfussball-ffm.de\/wp-content\/uploads\/2024\/08\/he4-3-300x200.jpg 300w, https:\/\/insideamateurfussball-ffm.de\/wp-content\/uploads\/2024\/08\/he4-3-768x511.jpg 768w, https:\/\/insideamateurfussball-ffm.de\/wp-content\/uploads\/2024\/08\/he4-3.jpg 1125w\" sizes=\"auto, (max-width: 640px) 100vw, 640px\" \/><figcaption id=\"caption-attachment-20412\" class=\"wp-caption-text\">Die Mannschaft des SV 07 Heddernheim steht mit sechs Punkten auf Rang vier. Foto: Archiv Mithat G\u00fcrser.<\/figcaption><\/figure>\n<h3>SG Bornheim\/Gr\u00fcn-Wei\u00df II &#8211; SV 07 Heddernheim 0:2 (0:0)<\/h3>\n<p><img loading=\"lazy\" decoding=\"async\" class=\"alignnone size-full wp-image-119\" src=\"http:\/\/insideamateurfussball-ffm.de\/wp-content\/uploads\/2022\/05\/Bornheim.jpg\" alt=\"\" width=\"80\" height=\"80\" \/><img loading=\"lazy\" decoding=\"async\" class=\"alignnone size-full wp-image-302\" src=\"http:\/\/insideamateurfussball-ffm.de\/wp-content\/uploads\/2022\/05\/1sv07_news2_4511-1.jpg\" alt=\"\" width=\"80\" height=\"80\" \/><\/p>\n<p>Anders ist die Lage in Bornheim. Hier kann nach nur einem Punkt in drei Spielen von einem Fehlstart die Rede sein. Aktuell belegt die von Mario Koch betreute Mannschaft den letzten Tabellenrang. Ein \u00e4hnliches Spiel hatten sich beide Kontrahenten in der Vorsaison geliefert. Seinerzeit, im November 2023, gelangen den Bornheimern durch zwei sp\u00e4te Tore die drei Punkte.<\/p>\n<p>Diesmal mussten die Hausherren in der letzten Viertelstunde zwei Kontertore einfangen und unterlagen den G\u00e4sten von der Br\u00fchlwiese, die sich mit jungen Spielern verst\u00e4rkt haben. &#8222;\u00dcber 90 Minuten war das schon ein ausgeglichenes Spiel. Wobei wir schon Vorteile in Sachen Ballbesitz hatten und phasenweise optisch \u00fcberlegen waren. Aber was das Herausspielen von Chancen angeht sind wir viel zu inkonsequent. Das ist einfach zu schwach vor dem Tor. Dem Gegner wurden die Torchancen mit inkonsequentem Verhalten erm\u00f6glicht&#8220;, res\u00fcmierte Mario Koch aus dem Bornheimer Trainerteam. Heddernheim hatte schon im ersten Abschnitt getroffen, das Tor war aber vom Schiedsrichter nicht anerkannt worden. Aus welchem Grund war auch f\u00fcr die Platzherren nicht ersichtlich, Koch sprach hinterher von &#8222;gro\u00dfem Gl\u00fcck, dass der Treffer nicht z\u00e4hlte.&#8220;<\/p>\n<h3><strong><span style=\"text-decoration: underline;\">Baja und Yapici spielten in der Bornheimer U19<\/span><\/strong><\/h3>\n<p>Auf der anderen Seite hatte auch der SVH m\u00e4chtig Gl\u00fcck, denn zweimal sprang der Ball gegen Pfosten und Latte des von Neuzugang Hidayet Yapici geh\u00fcteten Tores. Der neue Keeper stand wie schon gegen Gudesding im Heddernheimer Kasten, scheint derzeit im Zweikampf mit dem letzte Saison konkurrenzlosen Marc Tomczyk im Vorteil zu sein und rechtfertigte seine Nominierung mit guten Paraden und Stellungsspiel. Yapici spielte wie der neue Innenverteidiger Amir Baja in der Bornheimer U19, zudem bringen die vom FSV Bergen gekommenen Tomislav Cudina und Josh Haas neuen Schwung. In der entscheidenden Phase war das Duo am ersten Treffer des SV 07 beteiligt. Haas flankte genau auf Cudina, der zum 1:0 traf (75.). Wenig sp\u00e4ter war Marcus Kreckel nicht zu halten, profitierte von einem Ballverlust der Bornheimer und erzielte bereits seinen vierten Saisontreffer (78.). Bornheim hatte beim Stande von 0:0 Riesenchancen, die kl\u00e4glich vergeben wurden.<\/p>\n<p>&#8222;Das 2:0 der G\u00e4ste spricht eine deutliche Sprache. Da hilft es nicht zu sagen, wie sch\u00f6n wir den Ball durch das Mittelfeld laufen lassen, wenn nichts dabei heraus kommt und hinten haarstr\u00e4ubende Fehler gemacht werden&#8220;, haderte Koch. Der Heddernheimer Trainer Andreas Berggold fand den Sieg &#8222;unter dem Strich verdient. Wir haben 10 &#8211; 15 Minuten gebraucht, um ins Spiel zu kommen. Da war Bornheim besser, danach hatten wir eine gute Phase mit gutem Fu\u00dfball. Da haben wir mit gef\u00e4hrlichen Kontern gute Akzente gesetzt. Bornheim hatte zwei, drei Chancen in der zweiten Halbzeit. Die haben sie fahrl\u00e4ssig liegen lassen. Das war ein sch\u00f6ner Sieg. Die Jungs haben gefighted und dar\u00fcber hinaus Fu\u00dfball gespielt. Dar\u00fcber sind wir sehr gl\u00fccklich. Jetzt freuen wir uns auf das Platzderby gegen den FC Croatia am Sonntag.&#8220; Die Bornheimer Reserve hat nun eine Woche Zeit, sich auf das Kellerduell beim FC R\u00f6delheim vorzubereiten.<\/p>\n<h3><strong><span style=\"text-decoration: underline;\">Schiedsrichter: Savas Satilmis (FSV Bad Orb). Zuschauer: 70. <\/span><\/strong><\/h3>\n<h3><strong><span style=\"text-decoration: underline;\">Tore: 0:1 Tomislav Cudina (75.), 0:2 Marcus Kreckel (78.).<\/span><\/strong><\/h3>\n","protected":false},"excerpt":{"rendered":"<p>Trotz der Auftaktniederlage bei Aufsteiger BSC Schwarz-Wei\u00df 19 (1:3) hat der SV 07 Heddernheim einen guten Saisonstart hingelegt. Dem 5:2-Erfolg \u00fcber den FC Gudesding folgte n\u00e4mlich am Sonntag ein 2:0-Ausw\u00e4rtssieg bei der SG Bornheim\/Gr\u00fcn-Wei\u00df II. Es war der erste Sieg der Gr\u00fcn-Wei\u00dfen bei der Bornheimer Reserve im f\u00fcnften Versuch. SG Bornheim\/Gr\u00fcn-Wei\u00df II &#8211; SV 07 [&hellip;]<\/p>\n","protected":false},"author":1,"featured_media":20412,"comment_status":"closed","ping_status":"closed","sticky":true,"template":"","format":"standard","meta":{"footnotes":""},"categories":[2],"tags":[],"class_list":["post-20411","post","type-post","status-publish","format-standard","has-post-thumbnail","hentry","category-kreisoberliga-frankfurt"],"_links":{"self":[{"href":"https:\/\/insideamateurfussball-ffm.de\/index.php?rest_route=\/wp\/v2\/posts\/20411","targetHints":{"allow":["GET"]}}],"collection":[{"href":"https:\/\/insideamateurfussball-ffm.de\/index.php?rest_route=\/wp\/v2\/posts"}],"about":[{"href":"https:\/\/insideamateurfussball-ffm.de\/index.php?rest_route=\/wp\/v2\/types\/post"}],"author":[{"embeddable":true,"href":"https:\/\/insideamateurfussball-ffm.de\/index.php?rest_route=\/wp\/v2\/users\/1"}],"replies":[{"embeddable":true,"href":"https:\/\/insideamateurfussball-ffm.de\/index.php?rest_route=%2Fwp%2Fv2%2Fcomments&post=20411"}],"version-history":[{"count":2,"href":"https:\/\/insideamateurfussball-ffm.de\/index.php?rest_route=\/wp\/v2\/posts\/20411\/revisions"}],"predecessor-version":[{"id":20417,"href":"https:\/\/insideamateurfussball-ffm.de\/index.php?rest_route=\/wp\/v2\/posts\/20411\/revisions\/20417"}],"wp:featuredmedia":[{"embeddable":true,"href":"https:\/\/insideamateurfussball-ffm.de\/index.php?rest_route=\/wp\/v2\/media\/20412"}],"wp:attachment":[{"href":"https:\/\/insideamateurfussball-ffm.de\/index.php?rest_route=%2Fwp%2Fv2%2Fmedia&parent=20411"}],"wp:term":[{"taxonomy":"category","embeddable":true,"href":"https:\/\/insideamateurfussball-ffm.de\/index.php?rest_route=%2Fwp%2Fv2%2Fcategories&post=20411"},{"taxonomy":"post_tag","embeddable":true,"href":"https:\/\/insideamateurfussball-ffm.de\/index.php?rest_route=%2Fwp%2Fv2%2Ftags&post=20411"}],"curies":[{"name":"wp","href":"https:\/\/api.w.org\/{rel}","templated":true}]}}