{"id":20389,"date":"2024-08-19T18:29:37","date_gmt":"2024-08-19T16:29:37","guid":{"rendered":"https:\/\/insideamateurfussball-ffm.de\/?p=20389"},"modified":"2024-08-19T18:42:49","modified_gmt":"2024-08-19T16:42:49","slug":"erneute-niederlage-fuer-tuerkguecue","status":"publish","type":"post","link":"https:\/\/insideamateurfussball-ffm.de\/?p=20389","title":{"rendered":"Erneute Niederlage f\u00fcr T\u00fcrkg\u00fcc\u00fc"},"content":{"rendered":"<h4>Im zweiten Saisonspiel in der Gruppenliga musste T\u00fcrkg\u00fcc\u00fc Frankfurt seine zweite Niederlage einstecken, beim FSV Friedrichsdorf unterlag die Mannschaft von Andreas Anicic klar mit 1:5 und muss sich steigern.<\/h4>\n<figure id=\"attachment_20390\" aria-describedby=\"caption-attachment-20390\" style=\"width: 1500px\" class=\"wp-caption alignnone\"><img loading=\"lazy\" decoding=\"async\" class=\"wp-image-20390 size-full\" src=\"http:\/\/insideamateurfussball-ffm.de\/wp-content\/uploads\/2024\/08\/Friedrichsdorftuerkguecue01.jpg\" alt=\"\" width=\"1500\" height=\"2000\" srcset=\"https:\/\/insideamateurfussball-ffm.de\/wp-content\/uploads\/2024\/08\/Friedrichsdorftuerkguecue01.jpg 1500w, https:\/\/insideamateurfussball-ffm.de\/wp-content\/uploads\/2024\/08\/Friedrichsdorftuerkguecue01-225x300.jpg 225w, https:\/\/insideamateurfussball-ffm.de\/wp-content\/uploads\/2024\/08\/Friedrichsdorftuerkguecue01-768x1024.jpg 768w, https:\/\/insideamateurfussball-ffm.de\/wp-content\/uploads\/2024\/08\/Friedrichsdorftuerkguecue01-1152x1536.jpg 1152w\" sizes=\"auto, (max-width: 1500px) 100vw, 1500px\" \/><figcaption id=\"caption-attachment-20390\" class=\"wp-caption-text\">Das Spiel in Friedrichsdorf m\u00f6chte T\u00fcrkg\u00fcc\u00fc Frankfurt schnell vergessen. Foto: T\u00fcrkg\u00fcc\u00fc.<\/figcaption><\/figure>\n<h4>FSV Friedrichsdorf &#8211; T\u00fcrkg\u00fcc\u00fc Frankfurt 5:1 (2:0)<\/h4>\n<p><img loading=\"lazy\" decoding=\"async\" class=\"alignnone size-full wp-image-607\" src=\"http:\/\/insideamateurfussball-ffm.de\/wp-content\/uploads\/2022\/06\/FSV-F.png\" alt=\"\" width=\"80\" height=\"76\" \/><img loading=\"lazy\" decoding=\"async\" class=\"alignnone size-full wp-image-17\" src=\"http:\/\/insideamateurfussball-ffm.de\/wp-content\/uploads\/2021\/11\/Tuerkguecue.jpg\" alt=\"\" width=\"72\" height=\"80\" \/><\/p>\n<p>Der Start von Aufsteiger T\u00fcrkg\u00fcc\u00fc Frankfurt in die Gruppenliga ist missgl\u00fcckt, auch im zweiten Spiel musste man sich geschlagen geben. Und die Niederlage beim FSV Friedrichsdorf fiel mit 1:5 auch deutlich aus. Marko Mijailovic brachte die Friedrichsdorfer bereits in der 16.Minute mit 1:0 in F\u00fchrung, die Cedric Heller in der 31.Minute auf 2:0 ausbaute.<\/p>\n<p>Wollten die Frankfurter nach der Halbzeit noch einmal angreifen, so war dieses Vorhaben schnell gestoppt. Ein Doppelpack in der 47. und 49.Minute durch erneut Mijailovic und Marc Reichert nahm den G\u00e4sten schnell den Wind aus den Segeln, sie kamen immerhin in der 76.Minute durch Muhammed Idrisoglu zum 1:4-Ehrentreffer. Den Schlusspunkt zum 5:1 setzte Leon Jackstein in der 87.Minute.<\/p>\n<p>Duran G\u00fcng\u00f6r, Vorstandsmitglied von T\u00fcrkg\u00fcc\u00fc, sagte nach dem Spiel: \u201ees war heute eine unterirdische Leistung, kein Wille, kein Zweikampf und keine Kampfbereitschaft. Die ersten drei Gegentore haben wir hergeschenkt. Uns haben zwar einige wichtige Spieler gefehlt, das soll aber keine Entschuldigung sein. Im Gro\u00dfen und Ganzen war Friedrichsdorf die reifere Mannschaft und hat auch verdient gewonnen. F\u00fcr uns war das ein gebrauchter Tag und wir m\u00fcssen n\u00e4chste Woche gegen Stierstadt ein anderes Gesicht zeigen.\u201c<\/p>\n<p>Beim Spiel gegen den FV Stierstadt erwartet man einen Gegner, der nach drei Spielen noch ungeschlagen ist.<\/p>\n<h4>Schiedsrichter: Tom Denninger (Susgo Offenthal). Zuschauer: 80.<\/h4>\n<h4>Tore: 1:0 Marko Mijailovic (16.), 2:0 Cedric Heller (31.), 3:0 Marko Mijailovic (47.), 4:0 Marc Reichert (49.), 4:1 Muhammed Idrisoglu (76.), 5:1 Leon Jackstein (87.)<\/h4>\n\n\n<figure class=\"wp-block-image size-large\"><img loading=\"lazy\" decoding=\"async\" width=\"768\" height=\"1024\" src=\"http:\/\/insideamateurfussball-ffm.de\/wp-content\/uploads\/2024\/08\/Friedrichsdorftuerkguecue03-768x1024.jpg\" alt=\"\" class=\"wp-image-20392\" srcset=\"https:\/\/insideamateurfussball-ffm.de\/wp-content\/uploads\/2024\/08\/Friedrichsdorftuerkguecue03-768x1024.jpg 768w, https:\/\/insideamateurfussball-ffm.de\/wp-content\/uploads\/2024\/08\/Friedrichsdorftuerkguecue03-225x300.jpg 225w, https:\/\/insideamateurfussball-ffm.de\/wp-content\/uploads\/2024\/08\/Friedrichsdorftuerkguecue03-1152x1536.jpg 1152w, https:\/\/insideamateurfussball-ffm.de\/wp-content\/uploads\/2024\/08\/Friedrichsdorftuerkguecue03.jpg 1500w\" sizes=\"auto, (max-width: 768px) 100vw, 768px\" \/><\/figure>\n\n\n\n<figure class=\"wp-block-image size-large\"><img loading=\"lazy\" decoding=\"async\" width=\"768\" height=\"1024\" src=\"http:\/\/insideamateurfussball-ffm.de\/wp-content\/uploads\/2024\/08\/Friedrichsdorftuerkguecue02-768x1024.jpg\" alt=\"\" class=\"wp-image-20391\" srcset=\"https:\/\/insideamateurfussball-ffm.de\/wp-content\/uploads\/2024\/08\/Friedrichsdorftuerkguecue02-768x1024.jpg 768w, https:\/\/insideamateurfussball-ffm.de\/wp-content\/uploads\/2024\/08\/Friedrichsdorftuerkguecue02-225x300.jpg 225w, https:\/\/insideamateurfussball-ffm.de\/wp-content\/uploads\/2024\/08\/Friedrichsdorftuerkguecue02-1152x1536.jpg 1152w, https:\/\/insideamateurfussball-ffm.de\/wp-content\/uploads\/2024\/08\/Friedrichsdorftuerkguecue02.jpg 1500w\" sizes=\"auto, (max-width: 768px) 100vw, 768px\" \/><\/figure>\n\n\n\n<figure class=\"wp-block-image size-large\"><img loading=\"lazy\" decoding=\"async\" width=\"768\" height=\"1024\" src=\"http:\/\/insideamateurfussball-ffm.de\/wp-content\/uploads\/2024\/08\/Friedrichsdorftuerkguecue04-768x1024.jpg\" alt=\"\" class=\"wp-image-20393\" srcset=\"https:\/\/insideamateurfussball-ffm.de\/wp-content\/uploads\/2024\/08\/Friedrichsdorftuerkguecue04-768x1024.jpg 768w, https:\/\/insideamateurfussball-ffm.de\/wp-content\/uploads\/2024\/08\/Friedrichsdorftuerkguecue04-225x300.jpg 225w, https:\/\/insideamateurfussball-ffm.de\/wp-content\/uploads\/2024\/08\/Friedrichsdorftuerkguecue04-1152x1536.jpg 1152w, https:\/\/insideamateurfussball-ffm.de\/wp-content\/uploads\/2024\/08\/Friedrichsdorftuerkguecue04.jpg 1500w\" sizes=\"auto, (max-width: 768px) 100vw, 768px\" \/><\/figure>\n","protected":false},"excerpt":{"rendered":"<p>Im zweiten Saisonspiel in der Gruppenliga musste T\u00fcrkg\u00fcc\u00fc Frankfurt seine zweite Niederlage einstecken, beim FSV Friedrichsdorf unterlag die Mannschaft von Andreas Anicic klar mit 1:5 und muss sich steigern. FSV Friedrichsdorf &#8211; T\u00fcrkg\u00fcc\u00fc Frankfurt 5:1 (2:0) Der Start von Aufsteiger T\u00fcrkg\u00fcc\u00fc Frankfurt in die Gruppenliga ist missgl\u00fcckt, auch im zweiten Spiel musste man sich geschlagen [&hellip;]<\/p>\n","protected":false},"author":3,"featured_media":20390,"comment_status":"closed","ping_status":"open","sticky":true,"template":"","format":"standard","meta":{"footnotes":""},"categories":[13],"tags":[],"class_list":["post-20389","post","type-post","status-publish","format-standard","has-post-thumbnail","hentry","category-gruppenliga-frankfurt-west"],"_links":{"self":[{"href":"https:\/\/insideamateurfussball-ffm.de\/index.php?rest_route=\/wp\/v2\/posts\/20389","targetHints":{"allow":["GET"]}}],"collection":[{"href":"https:\/\/insideamateurfussball-ffm.de\/index.php?rest_route=\/wp\/v2\/posts"}],"about":[{"href":"https:\/\/insideamateurfussball-ffm.de\/index.php?rest_route=\/wp\/v2\/types\/post"}],"author":[{"embeddable":true,"href":"https:\/\/insideamateurfussball-ffm.de\/index.php?rest_route=\/wp\/v2\/users\/3"}],"replies":[{"embeddable":true,"href":"https:\/\/insideamateurfussball-ffm.de\/index.php?rest_route=%2Fwp%2Fv2%2Fcomments&post=20389"}],"version-history":[{"count":3,"href":"https:\/\/insideamateurfussball-ffm.de\/index.php?rest_route=\/wp\/v2\/posts\/20389\/revisions"}],"predecessor-version":[{"id":20396,"href":"https:\/\/insideamateurfussball-ffm.de\/index.php?rest_route=\/wp\/v2\/posts\/20389\/revisions\/20396"}],"wp:featuredmedia":[{"embeddable":true,"href":"https:\/\/insideamateurfussball-ffm.de\/index.php?rest_route=\/wp\/v2\/media\/20390"}],"wp:attachment":[{"href":"https:\/\/insideamateurfussball-ffm.de\/index.php?rest_route=%2Fwp%2Fv2%2Fmedia&parent=20389"}],"wp:term":[{"taxonomy":"category","embeddable":true,"href":"https:\/\/insideamateurfussball-ffm.de\/index.php?rest_route=%2Fwp%2Fv2%2Fcategories&post=20389"},{"taxonomy":"post_tag","embeddable":true,"href":"https:\/\/insideamateurfussball-ffm.de\/index.php?rest_route=%2Fwp%2Fv2%2Ftags&post=20389"}],"curies":[{"name":"wp","href":"https:\/\/api.w.org\/{rel}","templated":true}]}}