{"id":20383,"date":"2024-08-19T17:23:51","date_gmt":"2024-08-19T15:23:51","guid":{"rendered":"https:\/\/insideamateurfussball-ffm.de\/?p=20383"},"modified":"2024-08-19T17:23:51","modified_gmt":"2024-08-19T15:23:51","slug":"zweistellige-niederlage-fuer-speuzer","status":"publish","type":"post","link":"https:\/\/insideamateurfussball-ffm.de\/?p=20383","title":{"rendered":"Zweistellige Niederlage f\u00fcr Speuzer"},"content":{"rendered":"<h4>Wie schwer die Saison f\u00fcr Verbandsligaabsteiger FFV Sportfreunde 04 werden w\u00fcrde, zeigte sich im Spiel beim Spitzenreiter FC Karben. Sang und klanglos unterlagen die Speuzer mit 1:10 und zeigten kaum Gegenwehr.<\/h4>\n<figure id=\"attachment_19938\" aria-describedby=\"caption-attachment-19938\" style=\"width: 1092px\" class=\"wp-caption alignnone\"><img loading=\"lazy\" decoding=\"async\" class=\"wp-image-19938 size-full\" src=\"http:\/\/insideamateurfussball-ffm.de\/wp-content\/uploads\/2024\/07\/sp3-1.jpg\" alt=\"\" width=\"1092\" height=\"749\" srcset=\"https:\/\/insideamateurfussball-ffm.de\/wp-content\/uploads\/2024\/07\/sp3-1.jpg 1092w, https:\/\/insideamateurfussball-ffm.de\/wp-content\/uploads\/2024\/07\/sp3-1-300x206.jpg 300w, https:\/\/insideamateurfussball-ffm.de\/wp-content\/uploads\/2024\/07\/sp3-1-1024x702.jpg 1024w, https:\/\/insideamateurfussball-ffm.de\/wp-content\/uploads\/2024\/07\/sp3-1-768x527.jpg 768w\" sizes=\"auto, (max-width: 1092px) 100vw, 1092px\" \/><figcaption id=\"caption-attachment-19938\" class=\"wp-caption-text\">Die Sportfreunde 04, hier in einem Testspiel vor der Saison, haben es schwer im Kampf um den Klassenerhalt.. Foto: Archiv Mithat G\u00fcrser<\/figcaption><\/figure>\n<h4>FC Karben &#8211; FFV Sportfreunde 04 10:1 (6:0)<\/h4>\n<p><img loading=\"lazy\" decoding=\"async\" class=\"alignnone size-full wp-image-2525\" src=\"http:\/\/insideamateurfussball-ffm.de\/wp-content\/uploads\/2022\/09\/karben.jpg\" alt=\"\" width=\"65\" height=\"80\" \/><img loading=\"lazy\" decoding=\"async\" class=\"alignnone size-full wp-image-141\" src=\"http:\/\/insideamateurfussball-ffm.de\/wp-content\/uploads\/2022\/05\/Speuzer.jpg\" alt=\"\" width=\"80\" height=\"80\" \/><\/p>\n<p>Die FFV Sportfreunde 04 fuhren sicher nicht als Favorit zum FC Karben, dass man dort aber so eine Packung bekommen w\u00fcrde, konnte man auch nicht voraussehen. Die deftige Niederlage zeigt auf, dass den Speuzern derzeit sehr viel fehlt f\u00fcr einen Klassenerhalt in der Gruppenliga.<\/p>\n<p>Die Karbener nutzten die Abwehrprobleme der G\u00e4ste gnadenlos aus, bereits in der 4. Minute gingen sie mit 1:0 durch ein Tor von Marius Troll in F\u00fchrung. Danach konnten die G\u00e4ste ihr Tor ganz gut verteidigen, in der 25.Minute erh\u00f6hte dann Owen Hare f\u00fcr Karben auf 2:0. Vor der Pause ging es Schlag auf Schlag, Jakob Harald Thum in der 28. und 40.Minute, Jonas Kocat\u00fcrk in der 39.Minute und erneut Owen Hare in der 43.Minute stellten den Spielstand bereits zur Halbzeit auf 6:0.<\/p>\n<p>\u00dcberraschend kamen die G\u00e4ste durch Seni Facinet Sylla zum ersten Saisontor, der urspr\u00fcnglich als Abgang notierte Spieler erzielte in der 52.Minute den Ehrentreffer zum 1:6. Danach erh\u00f6hte Karben wieder das Tempo und erzielte postwendend in der 55.Minute das 7:1 durch Paul Pucher. Drei Tore in den letzten 10 Minuten machten das Ergebnis dann zweistellig, Moritz Heitefu\u00df mit einem Doppelpack in der 80. und 85.Minute sowie Paul Pucher in der 90.Minute machten den Kantersieg perfekt.<\/p>\n<p>Der Trainer der Sportfreunde Ramzi Kallel sagte nach dem Spiel: \u201ees war besch\u00e4mend und peinlich, unsere Leistung war nicht gruppenligatauglich wir wurden vorgef\u00fchrt und es waren zwei Klassen Unterschied. Mir fehlen leider im Kader ausgebildete Innenverteidiger und ein ausgebildeter Sechser, da muss ich viel improvisieren.\u201c Bereits am kommenden Freitag empfangen die Speuzer die Spvgg. 05 Oberrad.<\/p>\n<h4>Schiedsrichter: Henrik Schwarzer (SV Wehen-Wiesbaden). Zuschauer: 100.<\/h4>\n<h4>Tore: 1:0 Marius Troll (4.), 2:0 Owen Hare (25.), 3:0 Jakob Harald Thum (28.), 4:0 Jonas Kocat\u00fcrk (39.), 5:0 Jakob Harald Thum (40.), 6:0 Owen Hare (43.), 6:1 Seni Facinet Sylla (52.), 7:1 Paul Pucher (55.), 8:1 Moritz Heitefu\u00df (80.), 9:1 Moritz Heitefu\u00df (85.), 10:1 Paul Pucher (90.)<\/h4>\n","protected":false},"excerpt":{"rendered":"<p>Wie schwer die Saison f\u00fcr Verbandsligaabsteiger FFV Sportfreunde 04 werden w\u00fcrde, zeigte sich im Spiel beim Spitzenreiter FC Karben. Sang und klanglos unterlagen die Speuzer mit 1:10 und zeigten kaum Gegenwehr. FC Karben &#8211; FFV Sportfreunde 04 10:1 (6:0) Die FFV Sportfreunde 04 fuhren sicher nicht als Favorit zum FC Karben, dass man dort aber [&hellip;]<\/p>\n","protected":false},"author":3,"featured_media":19938,"comment_status":"closed","ping_status":"open","sticky":true,"template":"","format":"standard","meta":{"footnotes":""},"categories":[13],"tags":[],"class_list":["post-20383","post","type-post","status-publish","format-standard","has-post-thumbnail","hentry","category-gruppenliga-frankfurt-west"],"_links":{"self":[{"href":"https:\/\/insideamateurfussball-ffm.de\/index.php?rest_route=\/wp\/v2\/posts\/20383","targetHints":{"allow":["GET"]}}],"collection":[{"href":"https:\/\/insideamateurfussball-ffm.de\/index.php?rest_route=\/wp\/v2\/posts"}],"about":[{"href":"https:\/\/insideamateurfussball-ffm.de\/index.php?rest_route=\/wp\/v2\/types\/post"}],"author":[{"embeddable":true,"href":"https:\/\/insideamateurfussball-ffm.de\/index.php?rest_route=\/wp\/v2\/users\/3"}],"replies":[{"embeddable":true,"href":"https:\/\/insideamateurfussball-ffm.de\/index.php?rest_route=%2Fwp%2Fv2%2Fcomments&post=20383"}],"version-history":[{"count":2,"href":"https:\/\/insideamateurfussball-ffm.de\/index.php?rest_route=\/wp\/v2\/posts\/20383\/revisions"}],"predecessor-version":[{"id":20385,"href":"https:\/\/insideamateurfussball-ffm.de\/index.php?rest_route=\/wp\/v2\/posts\/20383\/revisions\/20385"}],"wp:featuredmedia":[{"embeddable":true,"href":"https:\/\/insideamateurfussball-ffm.de\/index.php?rest_route=\/wp\/v2\/media\/19938"}],"wp:attachment":[{"href":"https:\/\/insideamateurfussball-ffm.de\/index.php?rest_route=%2Fwp%2Fv2%2Fmedia&parent=20383"}],"wp:term":[{"taxonomy":"category","embeddable":true,"href":"https:\/\/insideamateurfussball-ffm.de\/index.php?rest_route=%2Fwp%2Fv2%2Fcategories&post=20383"},{"taxonomy":"post_tag","embeddable":true,"href":"https:\/\/insideamateurfussball-ffm.de\/index.php?rest_route=%2Fwp%2Fv2%2Ftags&post=20383"}],"curies":[{"name":"wp","href":"https:\/\/api.w.org\/{rel}","templated":true}]}}