{"id":20319,"date":"2024-08-12T17:57:28","date_gmt":"2024-08-12T15:57:28","guid":{"rendered":"https:\/\/insideamateurfussball-ffm.de\/?p=20319"},"modified":"2024-08-12T23:31:33","modified_gmt":"2024-08-12T21:31:33","slug":"bosnien-siegt-klar-bei-den-speuzern","status":"publish","type":"post","link":"https:\/\/insideamateurfussball-ffm.de\/?p=20319","title":{"rendered":"Bosnien siegt klar bei den Speuzern"},"content":{"rendered":"<h4>Nach der Heimniederlage am letzten Wochenende konnte der Mitfavorit SV Bosnien\/Herzegowina mit 4:0 einen klaren Sieg beim FFV Sportfreunde 04 erringen, f\u00fcr den der Abstiegskampf bereits begonnen hat.<\/h4>\n<figure id=\"attachment_20240\" aria-describedby=\"caption-attachment-20240\" style=\"width: 1181px\" class=\"wp-caption alignnone\"><img loading=\"lazy\" decoding=\"async\" class=\"wp-image-20240 size-full\" src=\"http:\/\/insideamateurfussball-ffm.de\/wp-content\/uploads\/2024\/08\/bos6.jpg\" alt=\"\" width=\"1181\" height=\"670\" srcset=\"https:\/\/insideamateurfussball-ffm.de\/wp-content\/uploads\/2024\/08\/bos6.jpg 1181w, https:\/\/insideamateurfussball-ffm.de\/wp-content\/uploads\/2024\/08\/bos6-300x170.jpg 300w, https:\/\/insideamateurfussball-ffm.de\/wp-content\/uploads\/2024\/08\/bos6-1024x581.jpg 1024w, https:\/\/insideamateurfussball-ffm.de\/wp-content\/uploads\/2024\/08\/bos6-768x436.jpg 768w\" sizes=\"auto, (max-width: 1181px) 100vw, 1181px\" \/><figcaption id=\"caption-attachment-20240\" class=\"wp-caption-text\">Die bosnische Mannschaft konnte ihren ersten Saisonsieg einfahren. Foto: Archiv Mithat G\u00fcrser<\/figcaption><\/figure>\n<h4>FFV Sportfreunde 04 &#8211; SV Bosnien\/Herzegowina 0:4 (0:1)<\/h4>\n<p><img loading=\"lazy\" decoding=\"async\" class=\"alignnone size-full wp-image-141\" src=\"http:\/\/insideamateurfussball-ffm.de\/wp-content\/uploads\/2022\/05\/Speuzer.jpg\" alt=\"\" width=\"80\" height=\"80\" \/><img loading=\"lazy\" decoding=\"async\" class=\"alignnone size-full wp-image-139\" src=\"http:\/\/insideamateurfussball-ffm.de\/wp-content\/uploads\/2022\/05\/Bosnien.jpg\" alt=\"\" width=\"79\" height=\"80\" \/><\/p>\n<p>Die Speuzer konnten auch in ihrem zweiten Spiel keine gute Leistung abrufen, Trainer Ramzi Kallel sprach nachher von einem \u201eSommerkick\u201c; \u201ewir haben 90 Minuten im Schlafmodus gespielt, keine Laufbereitschaft und keine Zweik\u00e4mpfe gezeigt. In der 40.Minute hatten wir aus 40 Metern den ersten Schuss Richtung Tor.\u201c Die Bosnier gingen in der 10.Minute durch einen Treffer von Amir Grabovica mit 1.0 in F\u00fchrung, Bosniens Sportlicher Leiter Asmir Husanovic sagte: \u201ewir h\u00e4tten schon zur Halbzeit h\u00f6her f\u00fchren m\u00fcssen, das Spiel war deutlich besser als letzte Woche.\u201c<\/p>\n<p>Auch in der zweiten Halbzeit waren die Bosnier klar \u00fcberlegen und kamen in der 61.Minute durch Safet Mujkic zum 2:0. Vielleicht h\u00e4tte das Spiel noch eine andere Wendung nehmen k\u00f6nnen, wenn die Speuzer ihren Elfmeter in der 75.Minute genutzt h\u00e4tten, Kamal Chahdi scheiterte aber an Bosniens Torh\u00fcter Amel Dizdarevic, der Nachschuss landete dann zwar im Tor der Bosnier, der Treffer wurde aber vom Schiedsrichter nicht gegeben, da der Sch\u00fctze zu fr\u00fch in den Strafraum gelaufen sein soll. Die Bosnier legten dann noch zwei Tore nach, Husejn Mevkic zum 3:0 (79.) und Adis Hasesic zum 4:0 (82.) erh\u00f6hten zu einem Sieg, der nach den Worten von Husanovic \u201eauch in der H\u00f6he verdient war\u201c.<\/p>\n<p>Die Bosnier spielen am n\u00e4chsten Wochenende gegen den 1.FC-TSG K\u00f6nigstein, der bisher zwei Niederlagen einstecken musste. Die FFV Sportfreunde m\u00fcssen zum Spitzenreiter FC Karben und hoffen zumindest auf eine bessere Leistung.<\/p>\n<h4>Schiedsrichter: Julien Scherthan (SV 07 Bischofsheim). Zuschauer: 60.<\/h4>\n<h4>Tore: 0:1 Amir Grabovica (10.), 0:2 Safet Mujkic (61.), 0:3 Husejn Mevkic (79.), 0:4 Adis Hasecic (82.)<\/h4>\n","protected":false},"excerpt":{"rendered":"<p>Nach der Heimniederlage am letzten Wochenende konnte der Mitfavorit SV Bosnien\/Herzegowina mit 4:0 einen klaren Sieg beim FFV Sportfreunde 04 erringen, f\u00fcr den der Abstiegskampf bereits begonnen hat. FFV Sportfreunde 04 &#8211; SV Bosnien\/Herzegowina 0:4 (0:1) Die Speuzer konnten auch in ihrem zweiten Spiel keine gute Leistung abrufen, Trainer Ramzi Kallel sprach nachher von einem [&hellip;]<\/p>\n","protected":false},"author":3,"featured_media":20240,"comment_status":"closed","ping_status":"open","sticky":true,"template":"","format":"standard","meta":{"footnotes":""},"categories":[13],"tags":[],"class_list":["post-20319","post","type-post","status-publish","format-standard","has-post-thumbnail","hentry","category-gruppenliga-frankfurt-west"],"_links":{"self":[{"href":"https:\/\/insideamateurfussball-ffm.de\/index.php?rest_route=\/wp\/v2\/posts\/20319","targetHints":{"allow":["GET"]}}],"collection":[{"href":"https:\/\/insideamateurfussball-ffm.de\/index.php?rest_route=\/wp\/v2\/posts"}],"about":[{"href":"https:\/\/insideamateurfussball-ffm.de\/index.php?rest_route=\/wp\/v2\/types\/post"}],"author":[{"embeddable":true,"href":"https:\/\/insideamateurfussball-ffm.de\/index.php?rest_route=\/wp\/v2\/users\/3"}],"replies":[{"embeddable":true,"href":"https:\/\/insideamateurfussball-ffm.de\/index.php?rest_route=%2Fwp%2Fv2%2Fcomments&post=20319"}],"version-history":[{"count":3,"href":"https:\/\/insideamateurfussball-ffm.de\/index.php?rest_route=\/wp\/v2\/posts\/20319\/revisions"}],"predecessor-version":[{"id":20325,"href":"https:\/\/insideamateurfussball-ffm.de\/index.php?rest_route=\/wp\/v2\/posts\/20319\/revisions\/20325"}],"wp:featuredmedia":[{"embeddable":true,"href":"https:\/\/insideamateurfussball-ffm.de\/index.php?rest_route=\/wp\/v2\/media\/20240"}],"wp:attachment":[{"href":"https:\/\/insideamateurfussball-ffm.de\/index.php?rest_route=%2Fwp%2Fv2%2Fmedia&parent=20319"}],"wp:term":[{"taxonomy":"category","embeddable":true,"href":"https:\/\/insideamateurfussball-ffm.de\/index.php?rest_route=%2Fwp%2Fv2%2Fcategories&post=20319"},{"taxonomy":"post_tag","embeddable":true,"href":"https:\/\/insideamateurfussball-ffm.de\/index.php?rest_route=%2Fwp%2Fv2%2Ftags&post=20319"}],"curies":[{"name":"wp","href":"https:\/\/api.w.org\/{rel}","templated":true}]}}