{"id":20313,"date":"2024-08-12T17:39:59","date_gmt":"2024-08-12T15:39:59","guid":{"rendered":"https:\/\/insideamateurfussball-ffm.de\/?p=20313"},"modified":"2024-08-12T17:39:59","modified_gmt":"2024-08-12T15:39:59","slug":"achraf-gara-ali-mit-drei-treffern","status":"publish","type":"post","link":"https:\/\/insideamateurfussball-ffm.de\/?p=20313","title":{"rendered":"Achraf Gara Ali mit drei Treffern"},"content":{"rendered":"<h4>Kaum aus dem Urlaub zur\u00fcck entscheidet Kalbachs Torj\u00e4ger Achraf Gara Ali wieder Spiele. Beim 4:0-Sieg der Kalbacher beim FC Tempo war Gara Ali dreimal auf Vorlage von Aleksej Radulaski erfolgreich, der dann auch noch den vierten Treffer erzielte.<\/h4>\n<figure id=\"attachment_20147\" aria-describedby=\"caption-attachment-20147\" style=\"width: 2016px\" class=\"wp-caption alignnone\"><img loading=\"lazy\" decoding=\"async\" class=\"wp-image-20147 size-full\" src=\"http:\/\/insideamateurfussball-ffm.de\/wp-content\/uploads\/2024\/08\/kalbachAlzenau00.jpg\" alt=\"\" width=\"2016\" height=\"1512\" srcset=\"https:\/\/insideamateurfussball-ffm.de\/wp-content\/uploads\/2024\/08\/kalbachAlzenau00.jpg 2016w, https:\/\/insideamateurfussball-ffm.de\/wp-content\/uploads\/2024\/08\/kalbachAlzenau00-300x225.jpg 300w, https:\/\/insideamateurfussball-ffm.de\/wp-content\/uploads\/2024\/08\/kalbachAlzenau00-1024x768.jpg 1024w, https:\/\/insideamateurfussball-ffm.de\/wp-content\/uploads\/2024\/08\/kalbachAlzenau00-768x576.jpg 768w, https:\/\/insideamateurfussball-ffm.de\/wp-content\/uploads\/2024\/08\/kalbachAlzenau00-1536x1152.jpg 1536w\" sizes=\"auto, (max-width: 2016px) 100vw, 2016px\" \/><figcaption id=\"caption-attachment-20147\" class=\"wp-caption-text\">Kalbachs Trainer Aaz Dine Zarioh war froh \u00fcber die R\u00fcckkehr von Achraf Gara Ali. Foto: Archiv<\/figcaption><\/figure>\n<h4>FC Tempo &#8211; FC Kalbach 0:4 (0:0)<\/h4>\n<p><img loading=\"lazy\" decoding=\"async\" class=\"alignnone size-full wp-image-31\" src=\"http:\/\/insideamateurfussball-ffm.de\/wp-content\/uploads\/2021\/11\/Tempo.jpg\" alt=\"\" width=\"80\" height=\"80\" \/><img loading=\"lazy\" decoding=\"async\" class=\"alignnone size-full wp-image-16\" src=\"http:\/\/insideamateurfussball-ffm.de\/wp-content\/uploads\/2021\/11\/kalbach-wappen.jpg\" alt=\"\" width=\"80\" height=\"80\" \/><\/p>\n<p>Beide Mannschaften starteten am vergangenen Wochenende mit einem Sieg in die neue Saison, deshalb war man auf die Partie des FC Tempo gegen den letztj\u00e4hrigen Vizemeister FC Kalbach gespannt. Es entwickelte sich trotz der Hitze ein intensives Spiel, beide Mannschaften versuchten in der ersten Halbzeit viel, was aber nicht von Erfolg gekr\u00f6nt war, dabei hatten die Kalbacher nach Aussage von Manni Meyer, Mitglied der Sportlichen Leitung des FC Kalbach, mehr Ballbesitz.<\/p>\n<p>In der zweiten Halbzeit waren die Kalbacher dank ihres Torj\u00e4gers aber deutlich effizienter, Manni Meyer fand, dass trotz des lupenreinen Hattricks von Gara Ali f\u00fcr ihn \u201eAleksej Radulaski der Mann des Spiels\u201c war. Radulaski wurde in der 50.Minute eingewechselt und legte Achraf Gara Ali alle drei Treffer auf, ehe er selbst den 4:0-Endstand besorgte. Meyer: \u201ees war ein tolles Spiel von uns bei dieser Hitze, auch wenn wir beim Stand von 1:0 sehr viel Gl\u00fcck hatten, als der Ball bei einer Chance von Tempo die Torlinie langrollte.\u201c<\/p>\n<p>Tempos Sportlicher Leiter Zoran Marcetic meinte: \u201edas Ergebnis spiegelt nicht das Spiel wieder, Tempo spielte mit und das Ergebnis ist zu hoch. Wir haben einige Chancen gehabt und haben zu fr\u00fch aufgemacht und sind dann unter die R\u00e4der gekommen.\u201c<\/p>\n<p>Am n\u00e4chsten Wochenende empf\u00e4ngt der FC Kalbach zum Stadtduell die FG Seckbach, w\u00e4hrend der FC Tempo spielfrei ist.<\/p>\n<h4>Schiedsrichter: Aamer Ayman (FSV Schierstein). Zuschauer: 70.<\/h4>\n<h4>Tore: 0:1 Achraf Gara Ali (59.), 0:2 Achraf Gara Ali (75.), 0:3 Achraf Gara Ali (78.), 0:4 Aleksej Radulaski (79.)<\/h4>\n","protected":false},"excerpt":{"rendered":"<p>Kaum aus dem Urlaub zur\u00fcck entscheidet Kalbachs Torj\u00e4ger Achraf Gara Ali wieder Spiele. Beim 4:0-Sieg der Kalbacher beim FC Tempo war Gara Ali dreimal auf Vorlage von Aleksej Radulaski erfolgreich, der dann auch noch den vierten Treffer erzielte. FC Tempo &#8211; FC Kalbach 0:4 (0:0) Beide Mannschaften starteten am vergangenen Wochenende mit einem Sieg in [&hellip;]<\/p>\n","protected":false},"author":3,"featured_media":20147,"comment_status":"closed","ping_status":"open","sticky":true,"template":"","format":"standard","meta":{"footnotes":""},"categories":[13],"tags":[],"class_list":["post-20313","post","type-post","status-publish","format-standard","has-post-thumbnail","hentry","category-gruppenliga-frankfurt-west"],"_links":{"self":[{"href":"https:\/\/insideamateurfussball-ffm.de\/index.php?rest_route=\/wp\/v2\/posts\/20313","targetHints":{"allow":["GET"]}}],"collection":[{"href":"https:\/\/insideamateurfussball-ffm.de\/index.php?rest_route=\/wp\/v2\/posts"}],"about":[{"href":"https:\/\/insideamateurfussball-ffm.de\/index.php?rest_route=\/wp\/v2\/types\/post"}],"author":[{"embeddable":true,"href":"https:\/\/insideamateurfussball-ffm.de\/index.php?rest_route=\/wp\/v2\/users\/3"}],"replies":[{"embeddable":true,"href":"https:\/\/insideamateurfussball-ffm.de\/index.php?rest_route=%2Fwp%2Fv2%2Fcomments&post=20313"}],"version-history":[{"count":2,"href":"https:\/\/insideamateurfussball-ffm.de\/index.php?rest_route=\/wp\/v2\/posts\/20313\/revisions"}],"predecessor-version":[{"id":20315,"href":"https:\/\/insideamateurfussball-ffm.de\/index.php?rest_route=\/wp\/v2\/posts\/20313\/revisions\/20315"}],"wp:featuredmedia":[{"embeddable":true,"href":"https:\/\/insideamateurfussball-ffm.de\/index.php?rest_route=\/wp\/v2\/media\/20147"}],"wp:attachment":[{"href":"https:\/\/insideamateurfussball-ffm.de\/index.php?rest_route=%2Fwp%2Fv2%2Fmedia&parent=20313"}],"wp:term":[{"taxonomy":"category","embeddable":true,"href":"https:\/\/insideamateurfussball-ffm.de\/index.php?rest_route=%2Fwp%2Fv2%2Fcategories&post=20313"},{"taxonomy":"post_tag","embeddable":true,"href":"https:\/\/insideamateurfussball-ffm.de\/index.php?rest_route=%2Fwp%2Fv2%2Ftags&post=20313"}],"curies":[{"name":"wp","href":"https:\/\/api.w.org\/{rel}","templated":true}]}}