{"id":20310,"date":"2024-08-12T17:31:41","date_gmt":"2024-08-12T15:31:41","guid":{"rendered":"https:\/\/insideamateurfussball-ffm.de\/?p=20310"},"modified":"2024-08-12T17:31:41","modified_gmt":"2024-08-12T15:31:41","slug":"seckbach-und-fechenheim-trennen-sich-22","status":"publish","type":"post","link":"https:\/\/insideamateurfussball-ffm.de\/?p=20310","title":{"rendered":"Seckbach und Fechenheim trennen sich 2:2"},"content":{"rendered":"<h4>Im Ortsderby trennten sich die FG Seckbach und die Spvgg. 03 Fechenheim mit 2:2, wobei Seckbach einen 0:2-R\u00fcckstand aufholte und in der Nachspielzeit das Remis sichern konnte.<\/h4>\n<figure id=\"attachment_19921\" aria-describedby=\"caption-attachment-19921\" style=\"width: 2016px\" class=\"wp-caption alignnone\"><img loading=\"lazy\" decoding=\"async\" class=\"wp-image-19921 size-full\" src=\"http:\/\/insideamateurfussball-ffm.de\/wp-content\/uploads\/2024\/07\/Beumer-harada.jpg\" alt=\"\" width=\"2016\" height=\"1512\" srcset=\"https:\/\/insideamateurfussball-ffm.de\/wp-content\/uploads\/2024\/07\/Beumer-harada.jpg 2016w, https:\/\/insideamateurfussball-ffm.de\/wp-content\/uploads\/2024\/07\/Beumer-harada-300x225.jpg 300w, https:\/\/insideamateurfussball-ffm.de\/wp-content\/uploads\/2024\/07\/Beumer-harada-1024x768.jpg 1024w, https:\/\/insideamateurfussball-ffm.de\/wp-content\/uploads\/2024\/07\/Beumer-harada-768x576.jpg 768w, https:\/\/insideamateurfussball-ffm.de\/wp-content\/uploads\/2024\/07\/Beumer-harada-1536x1152.jpg 1536w\" sizes=\"auto, (max-width: 2016px) 100vw, 2016px\" \/><figcaption id=\"caption-attachment-19921\" class=\"wp-caption-text\">Neuzugang Shuya Harada (hier links im Bild) erzielte den sp\u00e4ten Ausgleich f\u00fcr Seckbach. Foto: Archiv MZ<\/figcaption><\/figure>\n<h4>FG Seckbach &#8211; Spvgg. 03 Fechenheim 2:2 (0:1)<\/h4>\n<p><img loading=\"lazy\" decoding=\"async\" class=\"alignnone size-full wp-image-544\" src=\"http:\/\/insideamateurfussball-ffm.de\/wp-content\/uploads\/2022\/06\/Seckbach.jpg\" alt=\"\" width=\"80\" height=\"80\" \/><img loading=\"lazy\" decoding=\"async\" class=\"alignnone size-full wp-image-603\" src=\"http:\/\/insideamateurfussball-ffm.de\/wp-content\/uploads\/2022\/06\/Fech03.jpg\" alt=\"\" width=\"52\" height=\"80\" \/><\/p>\n<p>Die Spvgg. 03 Fechenheim holte nach der Auftaktniederlage gegen den FC Tempo zwar einen Punkt, konnte aufgrund des sp\u00e4ten Ausgleichs aber nicht zufrieden sein. Die FG Seckbach ist nach zwei Spielen noch ungeschlagen, aber auch noch sieglos, das zweite Frankfurter Ortsduell endete wiederum 2:2.<\/p>\n<p>Die Fechenheimer gingen nach einem Eckball durch einen Kopfball von Ayew Moore in der 4.Minute fr\u00fch in F\u00fchrung, die Seckbacher waren in der ersten H\u00e4lfte vor dem Tor nicht konsequent genug, ein Kopfball durch Bo Lockl ging knapp am Tor vorbei und ein Schuss von Alieu Sanneh Dampha wurde durch Fechenheims Torwart Armin Buchholz entsch\u00e4rft. Nachdem Florian Schuberth in der 50.Minute mit einer gro\u00dfen Chance ebenso an Buchholz scheiterte, konnten die Fechenheimer im direkten Konter durch Ouassim Ouass das 2:0 erzielen (51.). Danach bliesen die Seckbacher trotz der gro\u00dfen Hitze zur Aufholjagd, und in der 76.Minute war es der 8 Minuten vorher eingewechselte Adnan Allali, der den Anschlusstreffer zum 1.2 erzielte.<\/p>\n<p>Seckbach mit \u201eLucky Punch\u201c<\/p>\n<p>In der 3.Minute der Nachspielzeit war es Seckbachs Neuzugang Shuya Harada, der den gl\u00fccklichen Ausgleich zum 2:2 erzielen konnte. Seckbachs Spielausschuss Vorsitzender Jo Nareike: \u201esehr positiv, dass wir nach dem 0:2 noch rangekommen sind. In der zweiten Halbzeit waren wir besser als in der ersten Halbzeit, im Endeffekt ist es meiner Ansicht nach auch ein gerechtes Unentschieden, da k\u00f6nnen beide Mannschaften eigentlich gut mit leben, und wir erst recht, da wir erst in der Nachspielzeit das Tor gemacht haben.\u201c<\/p>\n<p>Fechenheims Sportlicher Leiter Simon Reschke zum Spiel: \u201ewir sind gut ins Spiel gekommen und haben fr\u00fch die F\u00fchrung erzielt, haben in der ersten Halbzeit noch ein oder zwei Chancen zum Erh\u00f6hen, in der zweiten H\u00e4lfte sind uns nach dem 2:0 etwas die Kr\u00e4fte ausgegangen. Seckbach hat gef\u00fchlt aus drei Chancen zwei Tore gemacht. Wir waren \u00fcber 90 Minuten die stabilere Mannschaft und haben eine engagierte Leistung gezeigt.\u201c<\/p>\n<p>Am n\u00e4chsten Wochenende m\u00fcssen die Seckbacher zum dritten Stadtduell in Folge zum FC Kalbach, w\u00e4hrend die Spvgg. Fechenheim hofft, im Spiel gegen den Aufsteiger Spvgg. 05\/99 Bomber Bad Homburg den ersten Dreier einzufahren.<\/p>\n<h4>Schiedsrichter: Emre Can (FSV 1911 Sprachbr\u00fccken). Zuschauer: 170.<\/h4>\n<h4>Tore: 0:1 Ayew Moore (4.), 0:2 Ouassim Ouass (51.), 1:2 Adnan Allali (76.), 2:2 Shuya Harada (90.+3)<\/h4>\n","protected":false},"excerpt":{"rendered":"<p>Im Ortsderby trennten sich die FG Seckbach und die Spvgg. 03 Fechenheim mit 2:2, wobei Seckbach einen 0:2-R\u00fcckstand aufholte und in der Nachspielzeit das Remis sichern konnte. FG Seckbach &#8211; Spvgg. 03 Fechenheim 2:2 (0:1) Die Spvgg. 03 Fechenheim holte nach der Auftaktniederlage gegen den FC Tempo zwar einen Punkt, konnte aufgrund des sp\u00e4ten Ausgleichs [&hellip;]<\/p>\n","protected":false},"author":3,"featured_media":19921,"comment_status":"closed","ping_status":"open","sticky":true,"template":"","format":"standard","meta":{"footnotes":""},"categories":[13],"tags":[],"class_list":["post-20310","post","type-post","status-publish","format-standard","has-post-thumbnail","hentry","category-gruppenliga-frankfurt-west"],"_links":{"self":[{"href":"https:\/\/insideamateurfussball-ffm.de\/index.php?rest_route=\/wp\/v2\/posts\/20310","targetHints":{"allow":["GET"]}}],"collection":[{"href":"https:\/\/insideamateurfussball-ffm.de\/index.php?rest_route=\/wp\/v2\/posts"}],"about":[{"href":"https:\/\/insideamateurfussball-ffm.de\/index.php?rest_route=\/wp\/v2\/types\/post"}],"author":[{"embeddable":true,"href":"https:\/\/insideamateurfussball-ffm.de\/index.php?rest_route=\/wp\/v2\/users\/3"}],"replies":[{"embeddable":true,"href":"https:\/\/insideamateurfussball-ffm.de\/index.php?rest_route=%2Fwp%2Fv2%2Fcomments&post=20310"}],"version-history":[{"count":2,"href":"https:\/\/insideamateurfussball-ffm.de\/index.php?rest_route=\/wp\/v2\/posts\/20310\/revisions"}],"predecessor-version":[{"id":20312,"href":"https:\/\/insideamateurfussball-ffm.de\/index.php?rest_route=\/wp\/v2\/posts\/20310\/revisions\/20312"}],"wp:featuredmedia":[{"embeddable":true,"href":"https:\/\/insideamateurfussball-ffm.de\/index.php?rest_route=\/wp\/v2\/media\/19921"}],"wp:attachment":[{"href":"https:\/\/insideamateurfussball-ffm.de\/index.php?rest_route=%2Fwp%2Fv2%2Fmedia&parent=20310"}],"wp:term":[{"taxonomy":"category","embeddable":true,"href":"https:\/\/insideamateurfussball-ffm.de\/index.php?rest_route=%2Fwp%2Fv2%2Fcategories&post=20310"},{"taxonomy":"post_tag","embeddable":true,"href":"https:\/\/insideamateurfussball-ffm.de\/index.php?rest_route=%2Fwp%2Fv2%2Ftags&post=20310"}],"curies":[{"name":"wp","href":"https:\/\/api.w.org\/{rel}","templated":true}]}}