{"id":20299,"date":"2024-08-12T15:32:18","date_gmt":"2024-08-12T13:32:18","guid":{"rendered":"https:\/\/insideamateurfussball-ffm.de\/?p=20299"},"modified":"2024-08-12T17:22:04","modified_gmt":"2024-08-12T15:22:04","slug":"zeilsheim-stark-in-halbzeit-zwei","status":"publish","type":"post","link":"https:\/\/insideamateurfussball-ffm.de\/?p=20299","title":{"rendered":"Zeilsheim stark in Halbzeit Zwei"},"content":{"rendered":"<p>Der Bericht vom Spiel der Verbandsliga Mitte kommt vom Vorsitzenden des SV 1919 Zeilsheim, Peter Strauch.<\/p>\n<figure id=\"attachment_20300\" aria-describedby=\"caption-attachment-20300\" style=\"width: 939px\" class=\"wp-caption alignnone\"><img loading=\"lazy\" decoding=\"async\" class=\"wp-image-20300 size-full\" src=\"http:\/\/insideamateurfussball-ffm.de\/wp-content\/uploads\/2024\/08\/2-Neuzugang-Dominik-Ortega-Tapia-hatte-die-Fuehrung-auf-dem-Fuss.jpg\" alt=\"\" width=\"939\" height=\"1428\" srcset=\"https:\/\/insideamateurfussball-ffm.de\/wp-content\/uploads\/2024\/08\/2-Neuzugang-Dominik-Ortega-Tapia-hatte-die-Fuehrung-auf-dem-Fuss.jpg 939w, https:\/\/insideamateurfussball-ffm.de\/wp-content\/uploads\/2024\/08\/2-Neuzugang-Dominik-Ortega-Tapia-hatte-die-Fuehrung-auf-dem-Fuss-197x300.jpg 197w, https:\/\/insideamateurfussball-ffm.de\/wp-content\/uploads\/2024\/08\/2-Neuzugang-Dominik-Ortega-Tapia-hatte-die-Fuehrung-auf-dem-Fuss-673x1024.jpg 673w, https:\/\/insideamateurfussball-ffm.de\/wp-content\/uploads\/2024\/08\/2-Neuzugang-Dominik-Ortega-Tapia-hatte-die-Fuehrung-auf-dem-Fuss-768x1168.jpg 768w\" sizes=\"auto, (max-width: 939px) 100vw, 939px\" \/><figcaption id=\"caption-attachment-20300\" class=\"wp-caption-text\">Neuzugang Dominik Ortega-Tapia hatte die F\u00fchrung auf dem Fu\u00df. Foto: Zeilsheim<\/figcaption><\/figure>\n<h4>SV Wiesbaden &#8211; SV 1919 Zeilsheim 2:3 (2:0)<\/h4>\n<p><img loading=\"lazy\" decoding=\"async\" class=\"alignnone size-full wp-image-20301\" src=\"http:\/\/insideamateurfussball-ffm.de\/wp-content\/uploads\/2024\/08\/logo-Wiesbaden.jpeg\" alt=\"\" width=\"80\" height=\"72\" \/><img loading=\"lazy\" decoding=\"async\" class=\"alignnone size-full wp-image-20302\" src=\"http:\/\/insideamateurfussball-ffm.de\/wp-content\/uploads\/2024\/08\/logo-zeilsheim.jpeg\" alt=\"\" width=\"68\" height=\"80\" \/><\/p>\n<p><em>(Wiesbaden, 11.08.2024).<\/em> 2:0 gef\u00fchrt, 2:3 verloren \u2013 Verbandsligist SV Wiesbaden hat als Aufsteiger im Duell mit dem SV Zeilsheim keineswegs entt\u00e4uscht, letztlich aber ein St\u00fcck weit Lehrgeld gezahlt. Den Matchplan, der vor der Pause aufgegangen war, k\u00fcnftig \u00fcber 90 Minuten durchziehen, das ist die Erkenntnis des SVW. Zeilsheim hatte die erste gute Torchance durch Dominik Ortega (14.). Am Ende kratzte\u00a0 Tim Maurer den Ball von der \u00a0Torlinie. Doch dann kam Wiesbadens beste Zeit. David Perez de Los Santos lieferte von der linken Seite die Vorarbeit f\u00fcr den 1:0-Sch\u00fctzen Leonardo Goltz. Kurz vor der Pause verl\u00e4ngerte Saki Nakos zu Ben Preusse, der gar auf 2:0 stellte.<\/p>\n<p>Der Plan der Gastgeber, auf Fehler Zeilsheim zu warten, ging zun\u00e4chst auf. Doch nach dem Seitenwechsel riss der Faden. Jetzt nutze der SVZ seine Umschaltmomente. Dorian Miric und der eingewechselte Rabiullah Helmand stellten ruckzuck das 2:2 her (53.\/61.). Die Gastgeber wackelten erstmals. Miric kr\u00f6nte seine gute Leistung schlie\u00dflich mit dem 3:2 (74.). Danach vers\u00e4umte es Zeilsheim nachzulegen, um die Entscheidung herbeizuf\u00fchren. Wiesbaden warf gegen Spielende alles nach vorne und der Ausgleich lag im Bereich des M\u00f6glichen. Am Ende lie\u00df der sichere Keeper des SVZ, Paul Siegers, jedoch nichts mehr zu.<\/p>\n<p>Der SV Zeilsheim hat nun am kommenden Wochenende (18.08.2024 um 15:30 Uhr) zuhause ein Topspiel. Der hei\u00dfe Meisterschaftsanw\u00e4rter TuBa Pohlheim kommt an die Lenzenbergstra\u00dfe. Hier treffen zwei Teams mit bislang makelloser Bilanz aufeinander. Die zu Saisonbeginn neu formierte Mannschaft, inklusive neuem Trainer Alexander Konjevic, scheint sich fr\u00fch zu finden. &#8222;Wir haben tolle Moral gezeigt, spielerisch ist allerdings noch Luft nach oben&#8220;, sagt Zeilsheims sportlicher Leiter Sadik Can. Der vor wenigen Tagen verpflichtete Rabieullah Helmand,\u00a0 zuletzt bei RW Walldorf, kurbelte das Spiel nach seiner Einwechslung (46.) an, legte das 2:1 vor und leitete seinen Treffer zum Ausgleich selbst ein.<\/p>\n<p>So spielte der SV: Paul Siegers, Leonardo Bianco, Tobias Werther, Elmir Muhic, Silas Gerstberger (46. Rabieullah Helmand), Arian Selmani, Jonny Tesfaldet, Andre Flie\u00df (85. Vedran Dodik), Leonardo Bianco, Dominik Ortega-Tapia (46. Jason Ptak), Abdussamed G\u00fcrsoy (89. Furkan T\u00fcrksoy), Dorian Miric (79. Luftrim Kodraliu).<\/p>\n<h4>Tore: 1:0 Leonardo Goltz (17.), 2:0 Ben Preusse (41.), 2:1 und 2:3 Dorian Miric (53. und 74.), 2:2 Helmand (61.),<\/h4>\n<h4>Schiedsrichter: Emil Schwarz. <em>Zuschauer<strong>: <\/strong><\/em>150<\/h4>\n","protected":false},"excerpt":{"rendered":"<p>Der Bericht vom Spiel der Verbandsliga Mitte kommt vom Vorsitzenden des SV 1919 Zeilsheim, Peter Strauch. SV Wiesbaden &#8211; SV 1919 Zeilsheim 2:3 (2:0) (Wiesbaden, 11.08.2024). 2:0 gef\u00fchrt, 2:3 verloren \u2013 Verbandsligist SV Wiesbaden hat als Aufsteiger im Duell mit dem SV Zeilsheim keineswegs entt\u00e4uscht, letztlich aber ein St\u00fcck weit Lehrgeld gezahlt. Den Matchplan, der [&hellip;]<\/p>\n","protected":false},"author":3,"featured_media":20300,"comment_status":"closed","ping_status":"open","sticky":true,"template":"","format":"standard","meta":{"footnotes":""},"categories":[32],"tags":[],"class_list":["post-20299","post","type-post","status-publish","format-standard","has-post-thumbnail","hentry","category-verbandsliga-mitte"],"_links":{"self":[{"href":"https:\/\/insideamateurfussball-ffm.de\/index.php?rest_route=\/wp\/v2\/posts\/20299","targetHints":{"allow":["GET"]}}],"collection":[{"href":"https:\/\/insideamateurfussball-ffm.de\/index.php?rest_route=\/wp\/v2\/posts"}],"about":[{"href":"https:\/\/insideamateurfussball-ffm.de\/index.php?rest_route=\/wp\/v2\/types\/post"}],"author":[{"embeddable":true,"href":"https:\/\/insideamateurfussball-ffm.de\/index.php?rest_route=\/wp\/v2\/users\/3"}],"replies":[{"embeddable":true,"href":"https:\/\/insideamateurfussball-ffm.de\/index.php?rest_route=%2Fwp%2Fv2%2Fcomments&post=20299"}],"version-history":[{"count":3,"href":"https:\/\/insideamateurfussball-ffm.de\/index.php?rest_route=\/wp\/v2\/posts\/20299\/revisions"}],"predecessor-version":[{"id":20305,"href":"https:\/\/insideamateurfussball-ffm.de\/index.php?rest_route=\/wp\/v2\/posts\/20299\/revisions\/20305"}],"wp:featuredmedia":[{"embeddable":true,"href":"https:\/\/insideamateurfussball-ffm.de\/index.php?rest_route=\/wp\/v2\/media\/20300"}],"wp:attachment":[{"href":"https:\/\/insideamateurfussball-ffm.de\/index.php?rest_route=%2Fwp%2Fv2%2Fmedia&parent=20299"}],"wp:term":[{"taxonomy":"category","embeddable":true,"href":"https:\/\/insideamateurfussball-ffm.de\/index.php?rest_route=%2Fwp%2Fv2%2Fcategories&post=20299"},{"taxonomy":"post_tag","embeddable":true,"href":"https:\/\/insideamateurfussball-ffm.de\/index.php?rest_route=%2Fwp%2Fv2%2Ftags&post=20299"}],"curies":[{"name":"wp","href":"https:\/\/api.w.org\/{rel}","templated":true}]}}