{"id":20252,"date":"2024-08-05T19:12:01","date_gmt":"2024-08-05T17:12:01","guid":{"rendered":"https:\/\/insideamateurfussball-ffm.de\/?p=20252"},"modified":"2024-08-05T19:12:01","modified_gmt":"2024-08-05T17:12:01","slug":"unglueckliche-niederlage-fuer-speuzer","status":"publish","type":"post","link":"https:\/\/insideamateurfussball-ffm.de\/?p=20252","title":{"rendered":"Ungl\u00fcckliche Niederlage f\u00fcr Speuzer"},"content":{"rendered":"<h4>Beim Gruppenligaaufsteiger FC Kaichen unterlag der Verbandsliga-Absteiger FFV Sportfreunde durch ein sp\u00e4tes Tor mit 0:1 und verlor in der Nachspielzeit noch zwei Spieler mit roten Karten.<\/h4>\n<figure id=\"attachment_20253\" aria-describedby=\"caption-attachment-20253\" style=\"width: 1082px\" class=\"wp-caption alignnone\"><img loading=\"lazy\" decoding=\"async\" class=\"wp-image-20253 size-full\" src=\"http:\/\/insideamateurfussball-ffm.de\/wp-content\/uploads\/2024\/08\/Tariner-kallel.jpg\" alt=\"\" width=\"1082\" height=\"749\" srcset=\"https:\/\/insideamateurfussball-ffm.de\/wp-content\/uploads\/2024\/08\/Tariner-kallel.jpg 1082w, https:\/\/insideamateurfussball-ffm.de\/wp-content\/uploads\/2024\/08\/Tariner-kallel-300x208.jpg 300w, https:\/\/insideamateurfussball-ffm.de\/wp-content\/uploads\/2024\/08\/Tariner-kallel-1024x709.jpg 1024w, https:\/\/insideamateurfussball-ffm.de\/wp-content\/uploads\/2024\/08\/Tariner-kallel-768x532.jpg 768w\" sizes=\"auto, (max-width: 1082px) 100vw, 1082px\" \/><figcaption id=\"caption-attachment-20253\" class=\"wp-caption-text\">Der Trainer der Sportfreunde, Ramzi kallel, war entt\u00e4uscht \u00fcber die sp\u00e4te Niederlage. Foto: Mithat G\u00fcrser.<\/figcaption><\/figure>\n<p>FC Kaichen &#8211; FFV Sportfreunde 04 1:0 (0:0)<\/p>\n<p><img loading=\"lazy\" decoding=\"async\" class=\"alignnone size-full wp-image-20254\" src=\"http:\/\/insideamateurfussball-ffm.de\/wp-content\/uploads\/2024\/08\/o-kaichen.jpeg\" alt=\"\" width=\"88\" height=\"99\" \/><img loading=\"lazy\" decoding=\"async\" class=\"alignnone size-full wp-image-141\" src=\"http:\/\/insideamateurfussball-ffm.de\/wp-content\/uploads\/2022\/05\/Speuzer.jpg\" alt=\"\" width=\"80\" height=\"80\" \/><\/p>\n<p>Dem FFV Sportfreunde 04 steht erneut ein schweres Jahr bevor, das wissen alle Beteiligten, da die Mannschaft wieder komplett neu zusammengestellt werden musste. Trainer Ramzi Kallel wollte beim Gruppenligaaufsteiger FC Kaichen einen gelungenen Einstieg in die Gruppenliga, am Ende zogen die Speuzer aber den K\u00fcrzeren. Kallel sah insgesamt \u201eein ausgeglichenes Spiel\u201c, konstatierte aber: \u201eder Gegner arbeitete viel mit langen B\u00e4llen, wir haben in der Abwehr aber durchweg kleine Spieler und haben diese B\u00e4lle nicht gut verteidigt\u201c, die oftmals verl\u00e4ngert wurden und zu Chancen f\u00fcr Kaichen f\u00fchrten.<\/p>\n<p>Trotzdem war die Niederlage ungl\u00fccklich, da der 1:0-Siegtreffer erst in der 88.Minute fiel, eingeleitet durch einen langen Ball und vollendet durch Lionel Kraus. In der Nachspielzeit verloren die Speuzer dann noch zwei Spieler, erst erhielt Kapit\u00e4n Ali Douh wegen angeblichen (Zitat Kallel) Ballwegschlagens die gelb-rote Karte (90.+1), danach musste der eingewechselte Mohamed Douzi nach einem groben Foulspiel mit \u201eRot\u201c vom Platz (90.+4).<\/p>\n<h4>Schiedsrichter: Pascal Borck (TSG 1888 Stockheim). Zuschauer: 100.<\/h4>\n<h4>Tore: 1:0 Lionel Kraus (88.)<\/h4>\n","protected":false},"excerpt":{"rendered":"<p>Beim Gruppenligaaufsteiger FC Kaichen unterlag der Verbandsliga-Absteiger FFV Sportfreunde durch ein sp\u00e4tes Tor mit 0:1 und verlor in der Nachspielzeit noch zwei Spieler mit roten Karten. FC Kaichen &#8211; FFV Sportfreunde 04 1:0 (0:0) Dem FFV Sportfreunde 04 steht erneut ein schweres Jahr bevor, das wissen alle Beteiligten, da die Mannschaft wieder komplett neu zusammengestellt [&hellip;]<\/p>\n","protected":false},"author":3,"featured_media":20253,"comment_status":"closed","ping_status":"open","sticky":true,"template":"","format":"standard","meta":{"footnotes":""},"categories":[13],"tags":[],"class_list":["post-20252","post","type-post","status-publish","format-standard","has-post-thumbnail","hentry","category-gruppenliga-frankfurt-west"],"_links":{"self":[{"href":"https:\/\/insideamateurfussball-ffm.de\/index.php?rest_route=\/wp\/v2\/posts\/20252","targetHints":{"allow":["GET"]}}],"collection":[{"href":"https:\/\/insideamateurfussball-ffm.de\/index.php?rest_route=\/wp\/v2\/posts"}],"about":[{"href":"https:\/\/insideamateurfussball-ffm.de\/index.php?rest_route=\/wp\/v2\/types\/post"}],"author":[{"embeddable":true,"href":"https:\/\/insideamateurfussball-ffm.de\/index.php?rest_route=\/wp\/v2\/users\/3"}],"replies":[{"embeddable":true,"href":"https:\/\/insideamateurfussball-ffm.de\/index.php?rest_route=%2Fwp%2Fv2%2Fcomments&post=20252"}],"version-history":[{"count":2,"href":"https:\/\/insideamateurfussball-ffm.de\/index.php?rest_route=\/wp\/v2\/posts\/20252\/revisions"}],"predecessor-version":[{"id":20256,"href":"https:\/\/insideamateurfussball-ffm.de\/index.php?rest_route=\/wp\/v2\/posts\/20252\/revisions\/20256"}],"wp:featuredmedia":[{"embeddable":true,"href":"https:\/\/insideamateurfussball-ffm.de\/index.php?rest_route=\/wp\/v2\/media\/20253"}],"wp:attachment":[{"href":"https:\/\/insideamateurfussball-ffm.de\/index.php?rest_route=%2Fwp%2Fv2%2Fmedia&parent=20252"}],"wp:term":[{"taxonomy":"category","embeddable":true,"href":"https:\/\/insideamateurfussball-ffm.de\/index.php?rest_route=%2Fwp%2Fv2%2Fcategories&post=20252"},{"taxonomy":"post_tag","embeddable":true,"href":"https:\/\/insideamateurfussball-ffm.de\/index.php?rest_route=%2Fwp%2Fv2%2Ftags&post=20252"}],"curies":[{"name":"wp","href":"https:\/\/api.w.org\/{rel}","templated":true}]}}