{"id":20235,"date":"2024-08-05T18:17:09","date_gmt":"2024-08-05T16:17:09","guid":{"rendered":"https:\/\/insideamateurfussball-ffm.de\/?p=20235"},"modified":"2024-08-05T18:17:09","modified_gmt":"2024-08-05T16:17:09","slug":"bosnien-unterliegt-tuerk-sv-bad-nauheim","status":"publish","type":"post","link":"https:\/\/insideamateurfussball-ffm.de\/?p=20235","title":{"rendered":"Bosnien unterliegt T\u00fcrk. SV Bad Nauheim"},"content":{"rendered":"<h4>Im ersten Spiel der neuen Saison musste der SV BKC Bosnien\/Herzegowina eine unn\u00f6tige Niederlage einstecken, trotz 40-min\u00fctiger \u00dcberzahl unterlag man aufgrund mangelnder Chancenverwertung dem T\u00fcrkischen SV Bad Nauheim mit 1:3.<\/h4>\n<figure id=\"attachment_20247\" aria-describedby=\"caption-attachment-20247\" style=\"width: 945px\" class=\"wp-caption alignnone\"><img loading=\"lazy\" decoding=\"async\" class=\"wp-image-20247 size-full\" src=\"http:\/\/insideamateurfussball-ffm.de\/wp-content\/uploads\/2024\/08\/bos14.jpg\" alt=\"\" width=\"945\" height=\"642\" srcset=\"https:\/\/insideamateurfussball-ffm.de\/wp-content\/uploads\/2024\/08\/bos14.jpg 945w, https:\/\/insideamateurfussball-ffm.de\/wp-content\/uploads\/2024\/08\/bos14-300x204.jpg 300w, https:\/\/insideamateurfussball-ffm.de\/wp-content\/uploads\/2024\/08\/bos14-768x522.jpg 768w\" sizes=\"auto, (max-width: 945px) 100vw, 945px\" \/><figcaption id=\"caption-attachment-20247\" class=\"wp-caption-text\">Der T\u00fcrkische SV Bad Nauheim durfte insgesamt drei Tore bejubeln. Foto: Mithat G\u00fcrser.<\/figcaption><\/figure>\n<h4>SV BKC Bosnien\/Herzegowina &#8211; T\u00fcrk. SV Bad Nauheim 1:3 (0:2)<\/h4>\n<p><img loading=\"lazy\" decoding=\"async\" class=\"alignnone size-full wp-image-139\" src=\"http:\/\/insideamateurfussball-ffm.de\/wp-content\/uploads\/2022\/05\/Bosnien.jpg\" alt=\"\" width=\"79\" height=\"80\" \/><img loading=\"lazy\" decoding=\"async\" class=\"alignnone  wp-image-15227\" src=\"http:\/\/insideamateurfussball-ffm.de\/wp-content\/uploads\/2023\/11\/logo-tuerkischersv.jpeg\" alt=\"\" width=\"59\" height=\"67\" \/><\/p>\n<p>Der letztj\u00e4hrige knapp am Relegationsplatz gescheiterte SV BKC Bosnien\/Herzegowina wollte gegen den T\u00fcrk. SV Bad Nauheim trotz einiger urlaubsbedingter Ausf\u00e4lle gut in die Saison starten, am Ende gab es aber lange Gesichter. \u00a0Bereits in der 6.Minute brachte Baris Samadi die G\u00e4ste mit 1:0 in F\u00fchrung, die Cherano Willef\u00fchr, Neuzugang vom SV Viktoria Preu\u00dfen, in der 34.Minute sogar auf 2:0 ausbauen konnte. Bosniens Sportlicher Leiter Asmir Husanovic sagte: \u201ees war kein gutes Spiel von uns, keine Konsequenz in der Offensive, keine Kompaktheit in der Defensive. Es war ein zerfahrenes Spiel und der Gegner war eiskalt.\u201c Die Bosnier hatten Schwierigkeiten in der Offensive, auch wenn Moussa Diabang beim Stand von 0:1 nur den Pfosten traf.<\/p>\n<h3>Fr\u00fche rote Karte f\u00fcr die G\u00e4ste<\/h3>\n<p>In der zweiten Halbzeit mussten die G\u00e4ste schnell einen R\u00fcckschlag wegstecken, der Torsch\u00fctze zum 0:2, Cherano Willef\u00fchr, wurde nach einem groben Foulspiel mit der roten Karte vom Platz gestellt. Die Bosnier hatten jetzt 80% Ballbesitz, aber nach den Worten von Husanovic \u201estand der Gegner gut\u201c, bei der eigenen Mannschaft vermisste er trotz der \u00dcberzahl den Spielfluss. In der 78.Minute kamen die Gastgeber trotzdem zum Anschlusstreffer, Husejn Mevkic konnte einen Foulelfmeter zum 1:2 verwandeln. Den Deckel drauf machte dann aber Mohamad Mouma, der in der 7.Minute der Nachspielzeit mit einem Freist0\u00df den 1:3-Endstand markierte. Husanovic: \u201eaufgrund der fehlenden Kompaktheit und dem fehlenden Spielfluss hatten wir den Sieg auch nicht verdient, aufgrund der 2.Halbzeit w\u00e4re ein Unentschieden aber m\u00f6glich gewesen.\u201c<\/p>\n<h4>Schiedsrichter: Malte Kirschner (TSG1846 Mainz-Kastel). Zuschauer: 76.<\/h4>\n<h4>Tore: 0:1 Baris Samadi (6.), 0:2 Cherano Willef\u00fchr (34.), 1:2 Husejn Mevkic (78., Elfmeter), 1:3 Mohamad Mouma (90.+7)<\/h4>\n<blockquote>\n<h4>Die Fotos machte auch Mithat G\u00fcrser, vielen Dank.<\/h4>\n<\/blockquote>\n\n\n<figure class=\"wp-block-image size-full\"><img loading=\"lazy\" decoding=\"async\" width=\"945\" height=\"596\" src=\"http:\/\/insideamateurfussball-ffm.de\/wp-content\/uploads\/2024\/08\/bos2.jpg\" alt=\"\" class=\"wp-image-20236\" srcset=\"https:\/\/insideamateurfussball-ffm.de\/wp-content\/uploads\/2024\/08\/bos2.jpg 945w, https:\/\/insideamateurfussball-ffm.de\/wp-content\/uploads\/2024\/08\/bos2-300x189.jpg 300w, https:\/\/insideamateurfussball-ffm.de\/wp-content\/uploads\/2024\/08\/bos2-768x484.jpg 768w\" sizes=\"auto, (max-width: 945px) 100vw, 945px\" \/><\/figure>\n\n\n\n<figure class=\"wp-block-image size-large\"><img loading=\"lazy\" decoding=\"async\" width=\"1024\" height=\"680\" src=\"http:\/\/insideamateurfussball-ffm.de\/wp-content\/uploads\/2024\/08\/bos3-1024x680.jpg\" alt=\"\" class=\"wp-image-20237\" srcset=\"https:\/\/insideamateurfussball-ffm.de\/wp-content\/uploads\/2024\/08\/bos3-1024x680.jpg 1024w, https:\/\/insideamateurfussball-ffm.de\/wp-content\/uploads\/2024\/08\/bos3-300x199.jpg 300w, https:\/\/insideamateurfussball-ffm.de\/wp-content\/uploads\/2024\/08\/bos3-768x510.jpg 768w, https:\/\/insideamateurfussball-ffm.de\/wp-content\/uploads\/2024\/08\/bos3.jpg 1423w\" sizes=\"auto, (max-width: 1024px) 100vw, 1024px\" \/><\/figure>\n\n\n\n<figure class=\"wp-block-image size-full\"><img loading=\"lazy\" decoding=\"async\" width=\"945\" height=\"719\" src=\"http:\/\/insideamateurfussball-ffm.de\/wp-content\/uploads\/2024\/08\/bos4.jpg\" alt=\"\" class=\"wp-image-20238\" srcset=\"https:\/\/insideamateurfussball-ffm.de\/wp-content\/uploads\/2024\/08\/bos4.jpg 945w, https:\/\/insideamateurfussball-ffm.de\/wp-content\/uploads\/2024\/08\/bos4-300x228.jpg 300w, https:\/\/insideamateurfussball-ffm.de\/wp-content\/uploads\/2024\/08\/bos4-768x584.jpg 768w\" sizes=\"auto, (max-width: 945px) 100vw, 945px\" \/><\/figure>\n\n\n\n<figure class=\"wp-block-image size-full\"><img loading=\"lazy\" decoding=\"async\" width=\"945\" height=\"696\" src=\"http:\/\/insideamateurfussball-ffm.de\/wp-content\/uploads\/2024\/08\/bos5.jpg\" alt=\"\" class=\"wp-image-20239\" srcset=\"https:\/\/insideamateurfussball-ffm.de\/wp-content\/uploads\/2024\/08\/bos5.jpg 945w, https:\/\/insideamateurfussball-ffm.de\/wp-content\/uploads\/2024\/08\/bos5-300x221.jpg 300w, https:\/\/insideamateurfussball-ffm.de\/wp-content\/uploads\/2024\/08\/bos5-768x566.jpg 768w\" sizes=\"auto, (max-width: 945px) 100vw, 945px\" \/><\/figure>\n\n\n\n<figure class=\"wp-block-image size-large\"><img loading=\"lazy\" decoding=\"async\" width=\"1024\" height=\"581\" src=\"http:\/\/insideamateurfussball-ffm.de\/wp-content\/uploads\/2024\/08\/bos6-1024x581.jpg\" alt=\"\" class=\"wp-image-20240\" srcset=\"https:\/\/insideamateurfussball-ffm.de\/wp-content\/uploads\/2024\/08\/bos6-1024x581.jpg 1024w, https:\/\/insideamateurfussball-ffm.de\/wp-content\/uploads\/2024\/08\/bos6-300x170.jpg 300w, https:\/\/insideamateurfussball-ffm.de\/wp-content\/uploads\/2024\/08\/bos6-768x436.jpg 768w, https:\/\/insideamateurfussball-ffm.de\/wp-content\/uploads\/2024\/08\/bos6.jpg 1181w\" sizes=\"auto, (max-width: 1024px) 100vw, 1024px\" \/><\/figure>\n\n\n\n<figure class=\"wp-block-image size-full\"><img loading=\"lazy\" decoding=\"async\" width=\"945\" height=\"636\" src=\"http:\/\/insideamateurfussball-ffm.de\/wp-content\/uploads\/2024\/08\/bos7.jpg\" alt=\"\" class=\"wp-image-20241\" srcset=\"https:\/\/insideamateurfussball-ffm.de\/wp-content\/uploads\/2024\/08\/bos7.jpg 945w, https:\/\/insideamateurfussball-ffm.de\/wp-content\/uploads\/2024\/08\/bos7-300x202.jpg 300w, https:\/\/insideamateurfussball-ffm.de\/wp-content\/uploads\/2024\/08\/bos7-768x517.jpg 768w\" sizes=\"auto, (max-width: 945px) 100vw, 945px\" \/><\/figure>\n\n\n\n<figure class=\"wp-block-image size-full\"><img loading=\"lazy\" decoding=\"async\" width=\"945\" height=\"705\" src=\"http:\/\/insideamateurfussball-ffm.de\/wp-content\/uploads\/2024\/08\/bos8.jpg\" alt=\"\" class=\"wp-image-20242\" srcset=\"https:\/\/insideamateurfussball-ffm.de\/wp-content\/uploads\/2024\/08\/bos8.jpg 945w, https:\/\/insideamateurfussball-ffm.de\/wp-content\/uploads\/2024\/08\/bos8-300x224.jpg 300w, https:\/\/insideamateurfussball-ffm.de\/wp-content\/uploads\/2024\/08\/bos8-768x573.jpg 768w\" sizes=\"auto, (max-width: 945px) 100vw, 945px\" \/><\/figure>\n\n\n\n<figure class=\"wp-block-image size-full\"><img loading=\"lazy\" decoding=\"async\" width=\"945\" height=\"638\" src=\"http:\/\/insideamateurfussball-ffm.de\/wp-content\/uploads\/2024\/08\/bos9.jpg\" alt=\"\" class=\"wp-image-20243\" srcset=\"https:\/\/insideamateurfussball-ffm.de\/wp-content\/uploads\/2024\/08\/bos9.jpg 945w, https:\/\/insideamateurfussball-ffm.de\/wp-content\/uploads\/2024\/08\/bos9-300x203.jpg 300w, https:\/\/insideamateurfussball-ffm.de\/wp-content\/uploads\/2024\/08\/bos9-768x519.jpg 768w\" sizes=\"auto, (max-width: 945px) 100vw, 945px\" \/><\/figure>\n\n\n\n<figure class=\"wp-block-image size-full\"><img loading=\"lazy\" decoding=\"async\" width=\"945\" height=\"688\" src=\"http:\/\/insideamateurfussball-ffm.de\/wp-content\/uploads\/2024\/08\/bos12.jpg\" alt=\"\" class=\"wp-image-20246\" srcset=\"https:\/\/insideamateurfussball-ffm.de\/wp-content\/uploads\/2024\/08\/bos12.jpg 945w, https:\/\/insideamateurfussball-ffm.de\/wp-content\/uploads\/2024\/08\/bos12-300x218.jpg 300w, https:\/\/insideamateurfussball-ffm.de\/wp-content\/uploads\/2024\/08\/bos12-768x559.jpg 768w\" sizes=\"auto, (max-width: 945px) 100vw, 945px\" \/><\/figure>\n\n\n\n<figure class=\"wp-block-image size-full\"><img loading=\"lazy\" decoding=\"async\" width=\"945\" height=\"619\" src=\"http:\/\/insideamateurfussball-ffm.de\/wp-content\/uploads\/2024\/08\/bos15.jpg\" alt=\"\" class=\"wp-image-20248\" srcset=\"https:\/\/insideamateurfussball-ffm.de\/wp-content\/uploads\/2024\/08\/bos15.jpg 945w, https:\/\/insideamateurfussball-ffm.de\/wp-content\/uploads\/2024\/08\/bos15-300x197.jpg 300w, https:\/\/insideamateurfussball-ffm.de\/wp-content\/uploads\/2024\/08\/bos15-768x503.jpg 768w\" sizes=\"auto, (max-width: 945px) 100vw, 945px\" \/><\/figure>\n","protected":false},"excerpt":{"rendered":"<p>Im ersten Spiel der neuen Saison musste der SV BKC Bosnien\/Herzegowina eine unn\u00f6tige Niederlage einstecken, trotz 40-min\u00fctiger \u00dcberzahl unterlag man aufgrund mangelnder Chancenverwertung dem T\u00fcrkischen SV Bad Nauheim mit 1:3. SV BKC Bosnien\/Herzegowina &#8211; T\u00fcrk. SV Bad Nauheim 1:3 (0:2) Der letztj\u00e4hrige knapp am Relegationsplatz gescheiterte SV BKC Bosnien\/Herzegowina wollte gegen den T\u00fcrk. SV Bad [&hellip;]<\/p>\n","protected":false},"author":3,"featured_media":20247,"comment_status":"closed","ping_status":"open","sticky":true,"template":"","format":"standard","meta":{"footnotes":""},"categories":[13],"tags":[],"class_list":["post-20235","post","type-post","status-publish","format-standard","has-post-thumbnail","hentry","category-gruppenliga-frankfurt-west"],"_links":{"self":[{"href":"https:\/\/insideamateurfussball-ffm.de\/index.php?rest_route=\/wp\/v2\/posts\/20235","targetHints":{"allow":["GET"]}}],"collection":[{"href":"https:\/\/insideamateurfussball-ffm.de\/index.php?rest_route=\/wp\/v2\/posts"}],"about":[{"href":"https:\/\/insideamateurfussball-ffm.de\/index.php?rest_route=\/wp\/v2\/types\/post"}],"author":[{"embeddable":true,"href":"https:\/\/insideamateurfussball-ffm.de\/index.php?rest_route=\/wp\/v2\/users\/3"}],"replies":[{"embeddable":true,"href":"https:\/\/insideamateurfussball-ffm.de\/index.php?rest_route=%2Fwp%2Fv2%2Fcomments&post=20235"}],"version-history":[{"count":3,"href":"https:\/\/insideamateurfussball-ffm.de\/index.php?rest_route=\/wp\/v2\/posts\/20235\/revisions"}],"predecessor-version":[{"id":20251,"href":"https:\/\/insideamateurfussball-ffm.de\/index.php?rest_route=\/wp\/v2\/posts\/20235\/revisions\/20251"}],"wp:featuredmedia":[{"embeddable":true,"href":"https:\/\/insideamateurfussball-ffm.de\/index.php?rest_route=\/wp\/v2\/media\/20247"}],"wp:attachment":[{"href":"https:\/\/insideamateurfussball-ffm.de\/index.php?rest_route=%2Fwp%2Fv2%2Fmedia&parent=20235"}],"wp:term":[{"taxonomy":"category","embeddable":true,"href":"https:\/\/insideamateurfussball-ffm.de\/index.php?rest_route=%2Fwp%2Fv2%2Fcategories&post=20235"},{"taxonomy":"post_tag","embeddable":true,"href":"https:\/\/insideamateurfussball-ffm.de\/index.php?rest_route=%2Fwp%2Fv2%2Ftags&post=20235"}],"curies":[{"name":"wp","href":"https:\/\/api.w.org\/{rel}","templated":true}]}}