{"id":20231,"date":"2024-08-05T17:52:33","date_gmt":"2024-08-05T15:52:33","guid":{"rendered":"https:\/\/insideamateurfussball-ffm.de\/?p=20231"},"modified":"2024-08-05T17:52:33","modified_gmt":"2024-08-05T15:52:33","slug":"remis-zwischen-oberrad-und-seckbach","status":"publish","type":"post","link":"https:\/\/insideamateurfussball-ffm.de\/?p=20231","title":{"rendered":"Remis zwischen Oberrad und Seckbach"},"content":{"rendered":"<h4>Am ersten Spieltag der Gruppenliga Frankfurt West trennten sich die beiden Frankfurter Vertreter Spvgg. 05 Oberrad und FG Seckbach mit einem 2:2-Unentschieden, sodass beide Mannschaften die Saison mit einem Punkt er\u00f6ffnen.<\/h4>\n<figure id=\"attachment_20232\" aria-describedby=\"caption-attachment-20232\" style=\"width: 526px\" class=\"wp-caption alignnone\"><img loading=\"lazy\" decoding=\"async\" class=\"wp-image-20232 size-full\" src=\"http:\/\/insideamateurfussball-ffm.de\/wp-content\/uploads\/2024\/08\/Trainer-bernstein.jpg\" alt=\"\" width=\"526\" height=\"526\" srcset=\"https:\/\/insideamateurfussball-ffm.de\/wp-content\/uploads\/2024\/08\/Trainer-bernstein.jpg 526w, https:\/\/insideamateurfussball-ffm.de\/wp-content\/uploads\/2024\/08\/Trainer-bernstein-300x300.jpg 300w, https:\/\/insideamateurfussball-ffm.de\/wp-content\/uploads\/2024\/08\/Trainer-bernstein-150x150.jpg 150w\" sizes=\"auto, (max-width: 526px) 100vw, 526px\" \/><figcaption id=\"caption-attachment-20232\" class=\"wp-caption-text\">Trainer Gabriel Bernstein sah seine Mannschaft als die bessere an. Foto: Oberrad<\/figcaption><\/figure>\n<h4>Spvgg. 05 Oberrad &#8211; FG Seckbach 2:2 (1:2)<\/h4>\n<p><img loading=\"lazy\" decoding=\"async\" class=\"alignnone size-full wp-image-137\" src=\"http:\/\/insideamateurfussball-ffm.de\/wp-content\/uploads\/2022\/05\/Oberrad05.jpg\" alt=\"\" width=\"79\" height=\"80\" \/><img loading=\"lazy\" decoding=\"async\" class=\"alignnone size-full wp-image-544\" src=\"http:\/\/insideamateurfussball-ffm.de\/wp-content\/uploads\/2022\/06\/Seckbach.jpg\" alt=\"\" width=\"80\" height=\"80\" \/><\/p>\n<p>Im Frankfurter City-Duell trafen die Spvgg. 05 Oberrad und die FG Seckbach aufeinander, das Spiel begann gleich sehr flott. Bereits in der 6.Minute ging Oberrad durch einen Konter in F\u00fchrung, den Timo Becker erfolgreich mit dem 1:0 abschlie\u00dfen konnte. Doch die Antwort der Seckbacher lie\u00df nicht lange auf sich warten, nach einem Lattenschuss von Florian Schuberth konnte Milad Wardak zum 1:1 abstauben. Und die G\u00e4ste legten nach, nach einem Eckball war Florian Brenner zur Stelle und erzielte die 2.1-F\u00fchrung f\u00fcr Seckbach. \u00a0In der 34.Ninute lie\u00df Florian Schuberth noch eine Gro\u00dfchance liegen und so ging es mit dem 1:2 in die Pause.<\/p>\n<p>In die zweite Halbzeit startete Oberrad besser und kam fr\u00fch in der 50.Minute durch Milan Matijevic nach einem Standard zum 2:2-Ausgleich, danach versuchten beide Mannschaften noch, den Siegtreffer zu erzielen, die gr\u00f6\u00dfte Chance hatten dabei die Seckbacher in der Nachspielzeit, aber es blieb bis zum Schluss beim Unentschieden.<\/p>\n<p>Seckbachs Spielausschuss-Vorsitzender Jo Nareike sagte nach dem Spiel: \u201ees war ein ziemlich ausgeglichenes Spiel, sehr temporeich und intensiv. Wir haben noch die ein oder andere Chance gehabt., u.a. in der Nachspielzeit nach einem Standard, ich glaube, das ist eine gerechte Punkteteilung, f\u00fcr uns ist das ein guter Start in die Saison, Oberrad ist eine gute junge, giftige Mannschaft, es war ein intensives Spiel, aber im Endeffekt finde ich den Punkt gerechtfertigt.\u201c<\/p>\n<p>Oberrads Trainer Gabriel Bernstein: \u201eam Ende des Tages muss man sagen, wir waren die bessere Mannschaft, wir hatten auch mehr Ballbesitz, aber das Unentschieden geht in Ordnung, weil Seckbach in der Nachspielzeit noch eine gro\u00dfe Chance hatte. Nach der intensiven Vorbereitung werden die Jungs jetzt nach und nach frischer.\u201c<\/p>\n<p>Am n\u00e4chsten Wochenende muss die Spvgg. 05 Oberrad beim Aufsteiger Spvgg. 05\/99 Boner Bad Homburg ran, die FG Seckbach erwartet dann die Spvgg. 03 Fechenheim.<\/p>\n<h4>Schiedsrichter: Tim Dalef (TSV Heringen). Zuschauer: 60.<\/h4>\n<h4>Tore: 1:0 Timo Becker (6.), 1:1 Milad Wardak (9.), 1:2 Florian Brenner (21.), 2:2 Milan Marijevic (50.)<\/h4>\n","protected":false},"excerpt":{"rendered":"<p>Am ersten Spieltag der Gruppenliga Frankfurt West trennten sich die beiden Frankfurter Vertreter Spvgg. 05 Oberrad und FG Seckbach mit einem 2:2-Unentschieden, sodass beide Mannschaften die Saison mit einem Punkt er\u00f6ffnen. Spvgg. 05 Oberrad &#8211; FG Seckbach 2:2 (1:2) Im Frankfurter City-Duell trafen die Spvgg. 05 Oberrad und die FG Seckbach aufeinander, das Spiel begann [&hellip;]<\/p>\n","protected":false},"author":3,"featured_media":20232,"comment_status":"closed","ping_status":"open","sticky":true,"template":"","format":"standard","meta":{"footnotes":""},"categories":[13],"tags":[],"class_list":["post-20231","post","type-post","status-publish","format-standard","has-post-thumbnail","hentry","category-gruppenliga-frankfurt-west"],"_links":{"self":[{"href":"https:\/\/insideamateurfussball-ffm.de\/index.php?rest_route=\/wp\/v2\/posts\/20231","targetHints":{"allow":["GET"]}}],"collection":[{"href":"https:\/\/insideamateurfussball-ffm.de\/index.php?rest_route=\/wp\/v2\/posts"}],"about":[{"href":"https:\/\/insideamateurfussball-ffm.de\/index.php?rest_route=\/wp\/v2\/types\/post"}],"author":[{"embeddable":true,"href":"https:\/\/insideamateurfussball-ffm.de\/index.php?rest_route=\/wp\/v2\/users\/3"}],"replies":[{"embeddable":true,"href":"https:\/\/insideamateurfussball-ffm.de\/index.php?rest_route=%2Fwp%2Fv2%2Fcomments&post=20231"}],"version-history":[{"count":2,"href":"https:\/\/insideamateurfussball-ffm.de\/index.php?rest_route=\/wp\/v2\/posts\/20231\/revisions"}],"predecessor-version":[{"id":20234,"href":"https:\/\/insideamateurfussball-ffm.de\/index.php?rest_route=\/wp\/v2\/posts\/20231\/revisions\/20234"}],"wp:featuredmedia":[{"embeddable":true,"href":"https:\/\/insideamateurfussball-ffm.de\/index.php?rest_route=\/wp\/v2\/media\/20232"}],"wp:attachment":[{"href":"https:\/\/insideamateurfussball-ffm.de\/index.php?rest_route=%2Fwp%2Fv2%2Fmedia&parent=20231"}],"wp:term":[{"taxonomy":"category","embeddable":true,"href":"https:\/\/insideamateurfussball-ffm.de\/index.php?rest_route=%2Fwp%2Fv2%2Fcategories&post=20231"},{"taxonomy":"post_tag","embeddable":true,"href":"https:\/\/insideamateurfussball-ffm.de\/index.php?rest_route=%2Fwp%2Fv2%2Ftags&post=20231"}],"curies":[{"name":"wp","href":"https:\/\/api.w.org\/{rel}","templated":true}]}}