{"id":20217,"date":"2024-08-05T17:26:48","date_gmt":"2024-08-05T15:26:48","guid":{"rendered":"https:\/\/insideamateurfussball-ffm.de\/?p=20217"},"modified":"2024-08-05T17:28:32","modified_gmt":"2024-08-05T15:28:32","slug":"kalbach-mit-arbeitssieg-ueber-bad-vilbel","status":"publish","type":"post","link":"https:\/\/insideamateurfussball-ffm.de\/?p=20217","title":{"rendered":"Kalbach mit Arbeitssieg \u00fcber Bad Vilbel"},"content":{"rendered":"<h4>Der letztes Jahr erst in der Relegation gescheiterte FC Kalbach besiegte den FV Bad Vilbel, der sich in der Abstiegsrelegation durchgesetzt hatte, mit 2:1, dabei stand das Endergebnis bereits nach knapp 30 Minuten fest.<\/h4>\n<figure id=\"attachment_20193\" aria-describedby=\"caption-attachment-20193\" style=\"width: 2560px\" class=\"wp-caption alignnone\"><img loading=\"lazy\" decoding=\"async\" class=\"wp-image-20193 size-full\" src=\"http:\/\/insideamateurfussball-ffm.de\/wp-content\/uploads\/2024\/08\/IMG_0042-scaled.jpg\" alt=\"\" width=\"2560\" height=\"1707\" srcset=\"https:\/\/insideamateurfussball-ffm.de\/wp-content\/uploads\/2024\/08\/IMG_0042-scaled.jpg 2560w, https:\/\/insideamateurfussball-ffm.de\/wp-content\/uploads\/2024\/08\/IMG_0042-300x200.jpg 300w, https:\/\/insideamateurfussball-ffm.de\/wp-content\/uploads\/2024\/08\/IMG_0042-1024x683.jpg 1024w, https:\/\/insideamateurfussball-ffm.de\/wp-content\/uploads\/2024\/08\/IMG_0042-768x512.jpg 768w, https:\/\/insideamateurfussball-ffm.de\/wp-content\/uploads\/2024\/08\/IMG_0042-1536x1024.jpg 1536w, https:\/\/insideamateurfussball-ffm.de\/wp-content\/uploads\/2024\/08\/IMG_0042-2048x1365.jpg 2048w\" sizes=\"auto, (max-width: 2560px) 100vw, 2560px\" \/><figcaption id=\"caption-attachment-20193\" class=\"wp-caption-text\">Hier jubelten die Kalbacher \u00fcber einen Torerfolg. Foto: Jan Werner.<\/figcaption><\/figure>\n<h4>FC Kalbach &#8211; FV Bad Vilbel 2:1 (2:1)<\/h4>\n<p><img loading=\"lazy\" decoding=\"async\" class=\"alignnone size-full wp-image-16\" src=\"http:\/\/insideamateurfussball-ffm.de\/wp-content\/uploads\/2021\/11\/kalbach-wappen.jpg\" alt=\"\" width=\"80\" height=\"80\" \/><img loading=\"lazy\" decoding=\"async\" class=\"alignnone size-full wp-image-146\" src=\"http:\/\/insideamateurfussball-ffm.de\/wp-content\/uploads\/2022\/05\/FV-Bad-Vilbel.jpg\" alt=\"\" width=\"80\" height=\"80\" \/><\/p>\n<p>Der FC Kalbach, der am Mittwoch im Hessenpokal mit 2:5 an Bayern Alzenau gescheitert war, empfing den neu zusammengestellten FV Bad Vilbel, der mittlerweile von Alessandro Cavalera trainiert wird. Die G\u00e4ste kamen besser in die Partie, auch wenn beiden Mannschaften die Nervosit\u00e4t des ersten Spiels in der neuen Saison anzumerken war. Nach einem Freisto\u00df von Maarten Kl\u00f6ppel erzielte Aiki Koyama per Kopf das 1:0 f\u00fcr die G\u00e4ste, das die Kalbacher schockte. Trotz des schnellen 1:1 in der 18.Minute, das Ihab Suleiman aus dem Gew\u00fchl heraus erzielte, merkte man nach Aussagen von Manni Meyer, Mitglied der Sportlichen Leitung des FC Kalbach, den Gastgebern eine Unsicherheit an.<\/p>\n<h3>Wade mit dem entscheidenden Tor<\/h3>\n<p>In der 32.Minute war es ein zweiter Neuzugang der Kalbacher, der mit einem Schuss aus knapp 10 Metern die Gastgeber in F\u00fchrung brachte, Anthony Wade war der Torsch\u00fctze zum 2:1, Manni Meyer war nach dem Spiel \u00fcberrascht, dass dies bereits der Endstand war. Aleksej Radulaski traf in der 41.Minute nur den Pfosten des Vilbeler Tores. Die G\u00e4ste aus Bad Vilbel verkauften sich auch in der zweiten H\u00e4lfte sehr gut, aber trotz Chancen auf beiden Seiten blieb es beim 2:1, das den Gastgebern nach der kurzen Sommerpause einen ersten Sieg einbrachte.<\/p>\n<p>Manni Meyer sagte nach dem Spiel: \u201ees war bis zum Schluss spannend, aber wir haben unser Ziel mit den drei Punkten gegen einen sehr engagierten Gegner erreicht.\u201c Am n\u00e4chsten Wochenende m\u00fcssen die Kalbacher zum n\u00e4chsten Frankfurter Duell, es geht gegen den FC Tempo.<\/p>\n<h4>Schiedsrichter: Alina Lange (SG Neukirchen\/R\u00f6llshausen). Zuschauer: 80.<\/h4>\n<h4>Tore: 0:1 Aiki Koyama (15.), 1:1 Ihab Suleiman (18.), 2:1 Anthony Wade (32.)<\/h4>\n<blockquote>\n<h4>Jan Werner stellte uns noch ein paar Fotos zur Verf\u00fcgung.<\/h4>\n<\/blockquote>\n\n\n<figure class=\"wp-block-image size-large\"><img loading=\"lazy\" decoding=\"async\" width=\"1024\" height=\"683\" src=\"http:\/\/insideamateurfussball-ffm.de\/wp-content\/uploads\/2024\/08\/IMG_0006-1024x683.jpg\" alt=\"\" class=\"wp-image-20186\" srcset=\"https:\/\/insideamateurfussball-ffm.de\/wp-content\/uploads\/2024\/08\/IMG_0006-1024x683.jpg 1024w, https:\/\/insideamateurfussball-ffm.de\/wp-content\/uploads\/2024\/08\/IMG_0006-300x200.jpg 300w, https:\/\/insideamateurfussball-ffm.de\/wp-content\/uploads\/2024\/08\/IMG_0006-768x512.jpg 768w, https:\/\/insideamateurfussball-ffm.de\/wp-content\/uploads\/2024\/08\/IMG_0006-1536x1024.jpg 1536w, https:\/\/insideamateurfussball-ffm.de\/wp-content\/uploads\/2024\/08\/IMG_0006-2048x1365.jpg 2048w\" sizes=\"auto, (max-width: 1024px) 100vw, 1024px\" \/><\/figure>\n\n\n\n<figure class=\"wp-block-image size-large\"><img loading=\"lazy\" decoding=\"async\" width=\"1024\" height=\"683\" src=\"http:\/\/insideamateurfussball-ffm.de\/wp-content\/uploads\/2024\/08\/IMG_0012-1024x683.jpg\" alt=\"\" class=\"wp-image-20187\" srcset=\"https:\/\/insideamateurfussball-ffm.de\/wp-content\/uploads\/2024\/08\/IMG_0012-1024x683.jpg 1024w, https:\/\/insideamateurfussball-ffm.de\/wp-content\/uploads\/2024\/08\/IMG_0012-300x200.jpg 300w, https:\/\/insideamateurfussball-ffm.de\/wp-content\/uploads\/2024\/08\/IMG_0012-768x512.jpg 768w, https:\/\/insideamateurfussball-ffm.de\/wp-content\/uploads\/2024\/08\/IMG_0012-1536x1024.jpg 1536w, https:\/\/insideamateurfussball-ffm.de\/wp-content\/uploads\/2024\/08\/IMG_0012-2048x1365.jpg 2048w\" sizes=\"auto, (max-width: 1024px) 100vw, 1024px\" \/><\/figure>\n\n\n\n<figure class=\"wp-block-image size-large\"><img loading=\"lazy\" decoding=\"async\" width=\"1024\" height=\"683\" src=\"http:\/\/insideamateurfussball-ffm.de\/wp-content\/uploads\/2024\/08\/IMG_0015-1024x683.jpg\" alt=\"\" class=\"wp-image-20188\" srcset=\"https:\/\/insideamateurfussball-ffm.de\/wp-content\/uploads\/2024\/08\/IMG_0015-1024x683.jpg 1024w, https:\/\/insideamateurfussball-ffm.de\/wp-content\/uploads\/2024\/08\/IMG_0015-300x200.jpg 300w, https:\/\/insideamateurfussball-ffm.de\/wp-content\/uploads\/2024\/08\/IMG_0015-768x512.jpg 768w, https:\/\/insideamateurfussball-ffm.de\/wp-content\/uploads\/2024\/08\/IMG_0015-1536x1024.jpg 1536w, https:\/\/insideamateurfussball-ffm.de\/wp-content\/uploads\/2024\/08\/IMG_0015-2048x1365.jpg 2048w\" sizes=\"auto, (max-width: 1024px) 100vw, 1024px\" \/><\/figure>\n\n\n\n<figure class=\"wp-block-image size-large\"><img loading=\"lazy\" decoding=\"async\" width=\"1024\" height=\"683\" src=\"http:\/\/insideamateurfussball-ffm.de\/wp-content\/uploads\/2024\/08\/IMG_0016-1024x683.jpg\" alt=\"\" class=\"wp-image-20189\" srcset=\"https:\/\/insideamateurfussball-ffm.de\/wp-content\/uploads\/2024\/08\/IMG_0016-1024x683.jpg 1024w, https:\/\/insideamateurfussball-ffm.de\/wp-content\/uploads\/2024\/08\/IMG_0016-300x200.jpg 300w, https:\/\/insideamateurfussball-ffm.de\/wp-content\/uploads\/2024\/08\/IMG_0016-768x512.jpg 768w, https:\/\/insideamateurfussball-ffm.de\/wp-content\/uploads\/2024\/08\/IMG_0016-1536x1024.jpg 1536w, https:\/\/insideamateurfussball-ffm.de\/wp-content\/uploads\/2024\/08\/IMG_0016-2048x1365.jpg 2048w\" sizes=\"auto, (max-width: 1024px) 100vw, 1024px\" \/><\/figure>\n\n\n\n<figure class=\"wp-block-image size-large\"><img loading=\"lazy\" decoding=\"async\" width=\"1024\" height=\"683\" src=\"http:\/\/insideamateurfussball-ffm.de\/wp-content\/uploads\/2024\/08\/IMG_0020-1024x683.jpg\" alt=\"\" class=\"wp-image-20190\" srcset=\"https:\/\/insideamateurfussball-ffm.de\/wp-content\/uploads\/2024\/08\/IMG_0020-1024x683.jpg 1024w, https:\/\/insideamateurfussball-ffm.de\/wp-content\/uploads\/2024\/08\/IMG_0020-300x200.jpg 300w, https:\/\/insideamateurfussball-ffm.de\/wp-content\/uploads\/2024\/08\/IMG_0020-768x512.jpg 768w, https:\/\/insideamateurfussball-ffm.de\/wp-content\/uploads\/2024\/08\/IMG_0020-1536x1024.jpg 1536w, https:\/\/insideamateurfussball-ffm.de\/wp-content\/uploads\/2024\/08\/IMG_0020-2048x1365.jpg 2048w\" sizes=\"auto, (max-width: 1024px) 100vw, 1024px\" \/><\/figure>\n\n\n\n<figure class=\"wp-block-image size-large\"><img loading=\"lazy\" decoding=\"async\" width=\"1024\" height=\"683\" src=\"http:\/\/insideamateurfussball-ffm.de\/wp-content\/uploads\/2024\/08\/IMG_0030-1024x683.jpg\" alt=\"\" class=\"wp-image-20191\" srcset=\"https:\/\/insideamateurfussball-ffm.de\/wp-content\/uploads\/2024\/08\/IMG_0030-1024x683.jpg 1024w, https:\/\/insideamateurfussball-ffm.de\/wp-content\/uploads\/2024\/08\/IMG_0030-300x200.jpg 300w, https:\/\/insideamateurfussball-ffm.de\/wp-content\/uploads\/2024\/08\/IMG_0030-768x512.jpg 768w, https:\/\/insideamateurfussball-ffm.de\/wp-content\/uploads\/2024\/08\/IMG_0030-1536x1024.jpg 1536w, https:\/\/insideamateurfussball-ffm.de\/wp-content\/uploads\/2024\/08\/IMG_0030-2048x1365.jpg 2048w\" sizes=\"auto, (max-width: 1024px) 100vw, 1024px\" \/><\/figure>\n\n\n\n<figure class=\"wp-block-image size-large\"><img loading=\"lazy\" decoding=\"async\" width=\"1024\" height=\"683\" src=\"http:\/\/insideamateurfussball-ffm.de\/wp-content\/uploads\/2024\/08\/IMG_0034-1024x683.jpg\" alt=\"\" class=\"wp-image-20192\" srcset=\"https:\/\/insideamateurfussball-ffm.de\/wp-content\/uploads\/2024\/08\/IMG_0034-1024x683.jpg 1024w, https:\/\/insideamateurfussball-ffm.de\/wp-content\/uploads\/2024\/08\/IMG_0034-300x200.jpg 300w, https:\/\/insideamateurfussball-ffm.de\/wp-content\/uploads\/2024\/08\/IMG_0034-768x512.jpg 768w, https:\/\/insideamateurfussball-ffm.de\/wp-content\/uploads\/2024\/08\/IMG_0034-1536x1024.jpg 1536w, https:\/\/insideamateurfussball-ffm.de\/wp-content\/uploads\/2024\/08\/IMG_0034-2048x1365.jpg 2048w\" sizes=\"auto, (max-width: 1024px) 100vw, 1024px\" \/><\/figure>\n\n\n\n<figure class=\"wp-block-image size-large\"><img loading=\"lazy\" decoding=\"async\" width=\"1024\" height=\"683\" src=\"http:\/\/insideamateurfussball-ffm.de\/wp-content\/uploads\/2024\/08\/IMG_0046-1024x683.jpg\" alt=\"\" class=\"wp-image-20194\" srcset=\"https:\/\/insideamateurfussball-ffm.de\/wp-content\/uploads\/2024\/08\/IMG_0046-1024x683.jpg 1024w, https:\/\/insideamateurfussball-ffm.de\/wp-content\/uploads\/2024\/08\/IMG_0046-300x200.jpg 300w, https:\/\/insideamateurfussball-ffm.de\/wp-content\/uploads\/2024\/08\/IMG_0046-768x512.jpg 768w, https:\/\/insideamateurfussball-ffm.de\/wp-content\/uploads\/2024\/08\/IMG_0046-1536x1024.jpg 1536w, https:\/\/insideamateurfussball-ffm.de\/wp-content\/uploads\/2024\/08\/IMG_0046-2048x1365.jpg 2048w\" sizes=\"auto, (max-width: 1024px) 100vw, 1024px\" \/><\/figure>\n","protected":false},"excerpt":{"rendered":"<p>Der letztes Jahr erst in der Relegation gescheiterte FC Kalbach besiegte den FV Bad Vilbel, der sich in der Abstiegsrelegation durchgesetzt hatte, mit 2:1, dabei stand das Endergebnis bereits nach knapp 30 Minuten fest. FC Kalbach &#8211; FV Bad Vilbel 2:1 (2:1) Der FC Kalbach, der am Mittwoch im Hessenpokal mit 2:5 an Bayern Alzenau [&hellip;]<\/p>\n","protected":false},"author":3,"featured_media":20193,"comment_status":"closed","ping_status":"open","sticky":true,"template":"","format":"standard","meta":{"footnotes":""},"categories":[13],"tags":[],"class_list":["post-20217","post","type-post","status-publish","format-standard","has-post-thumbnail","hentry","category-gruppenliga-frankfurt-west"],"_links":{"self":[{"href":"https:\/\/insideamateurfussball-ffm.de\/index.php?rest_route=\/wp\/v2\/posts\/20217","targetHints":{"allow":["GET"]}}],"collection":[{"href":"https:\/\/insideamateurfussball-ffm.de\/index.php?rest_route=\/wp\/v2\/posts"}],"about":[{"href":"https:\/\/insideamateurfussball-ffm.de\/index.php?rest_route=\/wp\/v2\/types\/post"}],"author":[{"embeddable":true,"href":"https:\/\/insideamateurfussball-ffm.de\/index.php?rest_route=\/wp\/v2\/users\/3"}],"replies":[{"embeddable":true,"href":"https:\/\/insideamateurfussball-ffm.de\/index.php?rest_route=%2Fwp%2Fv2%2Fcomments&post=20217"}],"version-history":[{"count":3,"href":"https:\/\/insideamateurfussball-ffm.de\/index.php?rest_route=\/wp\/v2\/posts\/20217\/revisions"}],"predecessor-version":[{"id":20220,"href":"https:\/\/insideamateurfussball-ffm.de\/index.php?rest_route=\/wp\/v2\/posts\/20217\/revisions\/20220"}],"wp:featuredmedia":[{"embeddable":true,"href":"https:\/\/insideamateurfussball-ffm.de\/index.php?rest_route=\/wp\/v2\/media\/20193"}],"wp:attachment":[{"href":"https:\/\/insideamateurfussball-ffm.de\/index.php?rest_route=%2Fwp%2Fv2%2Fmedia&parent=20217"}],"wp:term":[{"taxonomy":"category","embeddable":true,"href":"https:\/\/insideamateurfussball-ffm.de\/index.php?rest_route=%2Fwp%2Fv2%2Fcategories&post=20217"},{"taxonomy":"post_tag","embeddable":true,"href":"https:\/\/insideamateurfussball-ffm.de\/index.php?rest_route=%2Fwp%2Fv2%2Ftags&post=20217"}],"curies":[{"name":"wp","href":"https:\/\/api.w.org\/{rel}","templated":true}]}}