{"id":20195,"date":"2024-08-05T17:04:18","date_gmt":"2024-08-05T15:04:18","guid":{"rendered":"https:\/\/insideamateurfussball-ffm.de\/?p=20195"},"modified":"2024-08-05T17:04:18","modified_gmt":"2024-08-05T15:04:18","slug":"gelungener-start-fuer-bornheim","status":"publish","type":"post","link":"https:\/\/insideamateurfussball-ffm.de\/?p=20195","title":{"rendered":"Gelungener Start f\u00fcr Bornheim"},"content":{"rendered":"<h4>Trotz 2 verschossenen Elfmetern konnte die SG Bornheim den Saisonstart mit 1:0 gegen die Spvgg. 03 Neu-Isenburg gewinnen, in einer chancenarmen Partie war Lukas Knell der Sch\u00fctze des goldenen Tores zum verdienten Sieg.<\/h4>\n<figure id=\"attachment_20211\" aria-describedby=\"caption-attachment-20211\" style=\"width: 2560px\" class=\"wp-caption alignnone\"><img loading=\"lazy\" decoding=\"async\" class=\"wp-image-20211 size-full\" src=\"http:\/\/insideamateurfussball-ffm.de\/wp-content\/uploads\/2024\/08\/SGB-Spvgg03N-Isenbg_240804-766-scaled.jpg\" alt=\"\" width=\"2560\" height=\"1707\" srcset=\"https:\/\/insideamateurfussball-ffm.de\/wp-content\/uploads\/2024\/08\/SGB-Spvgg03N-Isenbg_240804-766-scaled.jpg 2560w, https:\/\/insideamateurfussball-ffm.de\/wp-content\/uploads\/2024\/08\/SGB-Spvgg03N-Isenbg_240804-766-300x200.jpg 300w, https:\/\/insideamateurfussball-ffm.de\/wp-content\/uploads\/2024\/08\/SGB-Spvgg03N-Isenbg_240804-766-1024x683.jpg 1024w, https:\/\/insideamateurfussball-ffm.de\/wp-content\/uploads\/2024\/08\/SGB-Spvgg03N-Isenbg_240804-766-768x512.jpg 768w, https:\/\/insideamateurfussball-ffm.de\/wp-content\/uploads\/2024\/08\/SGB-Spvgg03N-Isenbg_240804-766-1536x1024.jpg 1536w, https:\/\/insideamateurfussball-ffm.de\/wp-content\/uploads\/2024\/08\/SGB-Spvgg03N-Isenbg_240804-766-2048x1365.jpg 2048w\" sizes=\"auto, (max-width: 2560px) 100vw, 2560px\" \/><figcaption id=\"caption-attachment-20211\" class=\"wp-caption-text\">Am Ende feierte die Bornheimer Mannschaft den Sieg mit ihren Fans. Foto: Andre Sturmeit.<\/figcaption><\/figure>\n<h4>SG Bornheim &#8211; Spvgg. 03 Neu-Isenburg 1:0 (0:0)<\/h4>\n<p><img loading=\"lazy\" decoding=\"async\" class=\"alignnone size-full wp-image-119\" src=\"http:\/\/insideamateurfussball-ffm.de\/wp-content\/uploads\/2022\/05\/Bornheim.jpg\" alt=\"\" width=\"80\" height=\"80\" \/><img loading=\"lazy\" decoding=\"async\" class=\"alignnone  wp-image-2040\" src=\"http:\/\/insideamateurfussball-ffm.de\/wp-content\/uploads\/2022\/08\/neu-isenburg-300x300.jpg\" alt=\"\" width=\"71\" height=\"71\" srcset=\"https:\/\/insideamateurfussball-ffm.de\/wp-content\/uploads\/2022\/08\/neu-isenburg-300x300.jpg 300w, https:\/\/insideamateurfussball-ffm.de\/wp-content\/uploads\/2022\/08\/neu-isenburg-150x150.jpg 150w, https:\/\/insideamateurfussball-ffm.de\/wp-content\/uploads\/2022\/08\/neu-isenburg-768x768.jpg 768w, https:\/\/insideamateurfussball-ffm.de\/wp-content\/uploads\/2022\/08\/neu-isenburg.jpg 960w\" sizes=\"auto, (max-width: 71px) 100vw, 71px\" \/><\/p>\n<p>Beide Mannschaften starteten mit einem neuen Trainer in die Saison, bei der SG Bornheim war Lamine Kaiser zum ersten Mal als Verantwortlicher an der Seitenlinie, bei der Spvgg. 03 Neu-Isenburg vertrat Co-Trainer Karol Drynda den neuen Cheftrainer, Baldo di Gregorrio, der in Urlaub weilte.<\/p>\n<p>Das Spiel startete nerv\u00f6s, beide Teams mit einigen Neuzug\u00e4ngen, keiner wollte einen Fehler machen. Im Aufbau gab es auf beiden Seiten einige Abspielfehler, Chancen waren in der ersten Halbzeit Mangelware. In der 14.Minute verzeichnete Neu-Isenburg nach einem Eckball einen Kopfball, der aber zu zentral auf Bornheims Schlussmann Simon Siebertz kam, der parieren konnte. Bornheim entfaltete zweimal Gefahr durch Freist\u00f6\u00dfe von Joel Tewelde, den ersten in der 23.Minute konnte Neu-Isenburgs Schlussmann Ahmad Hellal Hosainie parieren, den zweiten in der 37.Minute verpasste Natsuki Wada in der Mitte nur knapp. So blieb es bis zum Halbzeitpfiff in einem chancenarmen Spiel beim leistungsgerechten 0:0.<\/p>\n<h3>Bornheim zweite Halbzeit besser<\/h3>\n<p>In die zweite Halbzeit starteten die Gastgeber besser, in der 48.Minute wurde Lukas Knell im Strafraum gefoult und die SG erhielt einen Elfmeter. Knell selbst schoss den Strafsto\u00df so schwach, das TW Hosainie den Ball festhalten konnte. Auch in der zweiten Halbzeit erspielten sich die Neu-Isenburger kaum Chancen, die einzig nennenswerte von Jannik Persch in der 60.Minute war ein Kopfball, der nach einem Eckball knapp das Ziel verfehlte.<\/p>\n<h3>Knell mit goldenem Treffer<\/h3>\n<p>Auch die zweite Halbzeit war chancenarm, in der 77.Minute war es dann Knell, der nach einem sch\u00f6nen Doppelpass mit Bilal Zaouali zum Schuss kam, der von einem Neu-Isenburger Verteidiger abgef\u00e4lscht wurde und \u00fcber den Torwart Hosainie zum 1:0 ins Tor segelte. Von Neu-Isenburg kam kaum Gegenwehr, im Gegenteil, in der 84.Minute gab es erneut Elfmeter f\u00fcr Bornheim nach einem Foul an Knell, diesmal schoss Ben Becker den Strafsto\u00df, aber ebenfalls so schwach, dass Torwart Hosainie seinen zweiten Elfer festhalten konnte. In der 95.Minute traf der eingewechselte Jassine Sekkali noch die Latte, ehe der Schiedsrichter abpfiff. Ein verdienter Sieg der jungen Mannschaft gegen einen in der Offensive entt\u00e4uschenden Gegner.<\/p>\n<h3>Trainer Kaiser zufrieden<\/h3>\n<p>SG-Trainer Lamine Kaiser nach dem Spiel: \u201eWir haben es im Gro\u00dfen und Ganzen kontrolliert, wir haben eine sehr junge Mannschaft, deswegen machen wir ab und zu noch ein paar Fehler, die wir abstellen m\u00fcssen. Insgesamt haben die Jungs es taktisch aber sehr ordentlich gemacht, wir verschie\u00dfen zwei Elfmeter, also wir m\u00fcssen das Spiel sehr viel fr\u00fcher zukriegen. Aber ich bin sehr stolz auf die Truppe, die Jungs arbeiten sehr viel, knallen sich da richtig rein, und wir haben uns den Sieg richtig erarbeitet \u00fcber die 6 Wochen, aber auch heute, und haben uns das verdient.\u201c<\/p>\n<p>Am n\u00e4chsten Wochenende m\u00fcssen die Bornheimer dann im Frankfurter City-Duell zu Rot-Weiss Frankfurt.<\/p>\n<h4>Schiedsrichter: Devin Kakmaci (JSG Aarbergen). Zuschauer: 100.<\/h4>\n<h4>Tore: 1:0 Lukas Knell (77.)<\/h4>\n<blockquote>\n<h4>Die Bildergalerie verdanken wir Andre Sturmeit.<\/h4>\n<\/blockquote>\n\n\n<figure class=\"wp-block-image size-large\"><img loading=\"lazy\" decoding=\"async\" width=\"1024\" height=\"683\" src=\"http:\/\/insideamateurfussball-ffm.de\/wp-content\/uploads\/2024\/08\/SGB-Spvgg03N-Isenbg_240804-42-1024x683.jpg\" alt=\"\" class=\"wp-image-20196\" srcset=\"https:\/\/insideamateurfussball-ffm.de\/wp-content\/uploads\/2024\/08\/SGB-Spvgg03N-Isenbg_240804-42-1024x683.jpg 1024w, https:\/\/insideamateurfussball-ffm.de\/wp-content\/uploads\/2024\/08\/SGB-Spvgg03N-Isenbg_240804-42-300x200.jpg 300w, https:\/\/insideamateurfussball-ffm.de\/wp-content\/uploads\/2024\/08\/SGB-Spvgg03N-Isenbg_240804-42-768x512.jpg 768w, https:\/\/insideamateurfussball-ffm.de\/wp-content\/uploads\/2024\/08\/SGB-Spvgg03N-Isenbg_240804-42-1536x1024.jpg 1536w, https:\/\/insideamateurfussball-ffm.de\/wp-content\/uploads\/2024\/08\/SGB-Spvgg03N-Isenbg_240804-42-2048x1365.jpg 2048w\" sizes=\"auto, (max-width: 1024px) 100vw, 1024px\" \/><\/figure>\n\n\n\n<figure class=\"wp-block-image size-large\"><img loading=\"lazy\" decoding=\"async\" width=\"1024\" height=\"683\" src=\"http:\/\/insideamateurfussball-ffm.de\/wp-content\/uploads\/2024\/08\/SGB-Spvgg03N-Isenbg_240804-50-1024x683.jpg\" alt=\"\" class=\"wp-image-20197\" srcset=\"https:\/\/insideamateurfussball-ffm.de\/wp-content\/uploads\/2024\/08\/SGB-Spvgg03N-Isenbg_240804-50-1024x683.jpg 1024w, https:\/\/insideamateurfussball-ffm.de\/wp-content\/uploads\/2024\/08\/SGB-Spvgg03N-Isenbg_240804-50-300x200.jpg 300w, https:\/\/insideamateurfussball-ffm.de\/wp-content\/uploads\/2024\/08\/SGB-Spvgg03N-Isenbg_240804-50-768x512.jpg 768w, https:\/\/insideamateurfussball-ffm.de\/wp-content\/uploads\/2024\/08\/SGB-Spvgg03N-Isenbg_240804-50-1536x1024.jpg 1536w, https:\/\/insideamateurfussball-ffm.de\/wp-content\/uploads\/2024\/08\/SGB-Spvgg03N-Isenbg_240804-50-2048x1365.jpg 2048w\" sizes=\"auto, (max-width: 1024px) 100vw, 1024px\" \/><\/figure>\n\n\n\n<figure class=\"wp-block-image size-large\"><img loading=\"lazy\" decoding=\"async\" width=\"1024\" height=\"683\" src=\"http:\/\/insideamateurfussball-ffm.de\/wp-content\/uploads\/2024\/08\/SGB-Spvgg03N-Isenbg_240804-54-1024x683.jpg\" alt=\"\" class=\"wp-image-20198\" srcset=\"https:\/\/insideamateurfussball-ffm.de\/wp-content\/uploads\/2024\/08\/SGB-Spvgg03N-Isenbg_240804-54-1024x683.jpg 1024w, https:\/\/insideamateurfussball-ffm.de\/wp-content\/uploads\/2024\/08\/SGB-Spvgg03N-Isenbg_240804-54-300x200.jpg 300w, https:\/\/insideamateurfussball-ffm.de\/wp-content\/uploads\/2024\/08\/SGB-Spvgg03N-Isenbg_240804-54-768x512.jpg 768w, https:\/\/insideamateurfussball-ffm.de\/wp-content\/uploads\/2024\/08\/SGB-Spvgg03N-Isenbg_240804-54-1536x1024.jpg 1536w, https:\/\/insideamateurfussball-ffm.de\/wp-content\/uploads\/2024\/08\/SGB-Spvgg03N-Isenbg_240804-54-2048x1365.jpg 2048w\" sizes=\"auto, (max-width: 1024px) 100vw, 1024px\" \/><\/figure>\n\n\n\n<figure class=\"wp-block-image size-large\"><img loading=\"lazy\" decoding=\"async\" width=\"1024\" height=\"683\" src=\"http:\/\/insideamateurfussball-ffm.de\/wp-content\/uploads\/2024\/08\/SGB-Spvgg03N-Isenbg_240804-119-1024x683.jpg\" alt=\"\" class=\"wp-image-20199\" srcset=\"https:\/\/insideamateurfussball-ffm.de\/wp-content\/uploads\/2024\/08\/SGB-Spvgg03N-Isenbg_240804-119-1024x683.jpg 1024w, https:\/\/insideamateurfussball-ffm.de\/wp-content\/uploads\/2024\/08\/SGB-Spvgg03N-Isenbg_240804-119-300x200.jpg 300w, https:\/\/insideamateurfussball-ffm.de\/wp-content\/uploads\/2024\/08\/SGB-Spvgg03N-Isenbg_240804-119-768x512.jpg 768w, https:\/\/insideamateurfussball-ffm.de\/wp-content\/uploads\/2024\/08\/SGB-Spvgg03N-Isenbg_240804-119-1536x1024.jpg 1536w, https:\/\/insideamateurfussball-ffm.de\/wp-content\/uploads\/2024\/08\/SGB-Spvgg03N-Isenbg_240804-119-2048x1365.jpg 2048w\" sizes=\"auto, (max-width: 1024px) 100vw, 1024px\" \/><\/figure>\n\n\n\n<figure class=\"wp-block-image size-large\"><img loading=\"lazy\" decoding=\"async\" width=\"1024\" height=\"683\" src=\"http:\/\/insideamateurfussball-ffm.de\/wp-content\/uploads\/2024\/08\/SGB-Spvgg03N-Isenbg_240804-155-1024x683.jpg\" alt=\"\" class=\"wp-image-20200\" srcset=\"https:\/\/insideamateurfussball-ffm.de\/wp-content\/uploads\/2024\/08\/SGB-Spvgg03N-Isenbg_240804-155-1024x683.jpg 1024w, https:\/\/insideamateurfussball-ffm.de\/wp-content\/uploads\/2024\/08\/SGB-Spvgg03N-Isenbg_240804-155-300x200.jpg 300w, https:\/\/insideamateurfussball-ffm.de\/wp-content\/uploads\/2024\/08\/SGB-Spvgg03N-Isenbg_240804-155-768x512.jpg 768w, https:\/\/insideamateurfussball-ffm.de\/wp-content\/uploads\/2024\/08\/SGB-Spvgg03N-Isenbg_240804-155-1536x1024.jpg 1536w, https:\/\/insideamateurfussball-ffm.de\/wp-content\/uploads\/2024\/08\/SGB-Spvgg03N-Isenbg_240804-155-2048x1365.jpg 2048w\" sizes=\"auto, (max-width: 1024px) 100vw, 1024px\" \/><\/figure>\n\n\n\n<figure class=\"wp-block-image size-large\"><img loading=\"lazy\" decoding=\"async\" width=\"1024\" height=\"683\" src=\"http:\/\/insideamateurfussball-ffm.de\/wp-content\/uploads\/2024\/08\/SGB-Spvgg03N-Isenbg_240804-188-1024x683.jpg\" alt=\"\" class=\"wp-image-20201\" srcset=\"https:\/\/insideamateurfussball-ffm.de\/wp-content\/uploads\/2024\/08\/SGB-Spvgg03N-Isenbg_240804-188-1024x683.jpg 1024w, https:\/\/insideamateurfussball-ffm.de\/wp-content\/uploads\/2024\/08\/SGB-Spvgg03N-Isenbg_240804-188-300x200.jpg 300w, https:\/\/insideamateurfussball-ffm.de\/wp-content\/uploads\/2024\/08\/SGB-Spvgg03N-Isenbg_240804-188-768x512.jpg 768w, https:\/\/insideamateurfussball-ffm.de\/wp-content\/uploads\/2024\/08\/SGB-Spvgg03N-Isenbg_240804-188-1536x1024.jpg 1536w, https:\/\/insideamateurfussball-ffm.de\/wp-content\/uploads\/2024\/08\/SGB-Spvgg03N-Isenbg_240804-188-2048x1365.jpg 2048w\" sizes=\"auto, (max-width: 1024px) 100vw, 1024px\" \/><\/figure>\n\n\n\n<figure class=\"wp-block-image size-large\"><img loading=\"lazy\" decoding=\"async\" width=\"1024\" height=\"683\" src=\"http:\/\/insideamateurfussball-ffm.de\/wp-content\/uploads\/2024\/08\/SGB-Spvgg03N-Isenbg_240804-237-1024x683.jpg\" alt=\"\" class=\"wp-image-20202\" srcset=\"https:\/\/insideamateurfussball-ffm.de\/wp-content\/uploads\/2024\/08\/SGB-Spvgg03N-Isenbg_240804-237-1024x683.jpg 1024w, https:\/\/insideamateurfussball-ffm.de\/wp-content\/uploads\/2024\/08\/SGB-Spvgg03N-Isenbg_240804-237-300x200.jpg 300w, https:\/\/insideamateurfussball-ffm.de\/wp-content\/uploads\/2024\/08\/SGB-Spvgg03N-Isenbg_240804-237-768x512.jpg 768w, https:\/\/insideamateurfussball-ffm.de\/wp-content\/uploads\/2024\/08\/SGB-Spvgg03N-Isenbg_240804-237-1536x1024.jpg 1536w, https:\/\/insideamateurfussball-ffm.de\/wp-content\/uploads\/2024\/08\/SGB-Spvgg03N-Isenbg_240804-237-2048x1365.jpg 2048w\" sizes=\"auto, (max-width: 1024px) 100vw, 1024px\" \/><\/figure>\n\n\n\n<figure class=\"wp-block-image size-large\"><img loading=\"lazy\" decoding=\"async\" width=\"1024\" height=\"683\" src=\"http:\/\/insideamateurfussball-ffm.de\/wp-content\/uploads\/2024\/08\/SGB-Spvgg03N-Isenbg_240804-251-1024x683.jpg\" alt=\"\" class=\"wp-image-20203\" srcset=\"https:\/\/insideamateurfussball-ffm.de\/wp-content\/uploads\/2024\/08\/SGB-Spvgg03N-Isenbg_240804-251-1024x683.jpg 1024w, https:\/\/insideamateurfussball-ffm.de\/wp-content\/uploads\/2024\/08\/SGB-Spvgg03N-Isenbg_240804-251-300x200.jpg 300w, https:\/\/insideamateurfussball-ffm.de\/wp-content\/uploads\/2024\/08\/SGB-Spvgg03N-Isenbg_240804-251-768x512.jpg 768w, https:\/\/insideamateurfussball-ffm.de\/wp-content\/uploads\/2024\/08\/SGB-Spvgg03N-Isenbg_240804-251-1536x1024.jpg 1536w, https:\/\/insideamateurfussball-ffm.de\/wp-content\/uploads\/2024\/08\/SGB-Spvgg03N-Isenbg_240804-251-2048x1365.jpg 2048w\" sizes=\"auto, (max-width: 1024px) 100vw, 1024px\" \/><\/figure>\n\n\n\n<figure class=\"wp-block-image size-large\"><img loading=\"lazy\" decoding=\"async\" width=\"1024\" height=\"683\" src=\"http:\/\/insideamateurfussball-ffm.de\/wp-content\/uploads\/2024\/08\/SGB-Spvgg03N-Isenbg_240804-415-1024x683.jpg\" alt=\"\" class=\"wp-image-20204\" srcset=\"https:\/\/insideamateurfussball-ffm.de\/wp-content\/uploads\/2024\/08\/SGB-Spvgg03N-Isenbg_240804-415-1024x683.jpg 1024w, https:\/\/insideamateurfussball-ffm.de\/wp-content\/uploads\/2024\/08\/SGB-Spvgg03N-Isenbg_240804-415-300x200.jpg 300w, https:\/\/insideamateurfussball-ffm.de\/wp-content\/uploads\/2024\/08\/SGB-Spvgg03N-Isenbg_240804-415-768x512.jpg 768w, https:\/\/insideamateurfussball-ffm.de\/wp-content\/uploads\/2024\/08\/SGB-Spvgg03N-Isenbg_240804-415-1536x1024.jpg 1536w, https:\/\/insideamateurfussball-ffm.de\/wp-content\/uploads\/2024\/08\/SGB-Spvgg03N-Isenbg_240804-415-2048x1365.jpg 2048w\" sizes=\"auto, (max-width: 1024px) 100vw, 1024px\" \/><\/figure>\n\n\n\n<figure class=\"wp-block-image size-large\"><img loading=\"lazy\" decoding=\"async\" width=\"1024\" height=\"683\" src=\"http:\/\/insideamateurfussball-ffm.de\/wp-content\/uploads\/2024\/08\/SGB-Spvgg03N-Isenbg_240804-426-1024x683.jpg\" alt=\"\" class=\"wp-image-20205\" srcset=\"https:\/\/insideamateurfussball-ffm.de\/wp-content\/uploads\/2024\/08\/SGB-Spvgg03N-Isenbg_240804-426-1024x683.jpg 1024w, https:\/\/insideamateurfussball-ffm.de\/wp-content\/uploads\/2024\/08\/SGB-Spvgg03N-Isenbg_240804-426-300x200.jpg 300w, https:\/\/insideamateurfussball-ffm.de\/wp-content\/uploads\/2024\/08\/SGB-Spvgg03N-Isenbg_240804-426-768x512.jpg 768w, https:\/\/insideamateurfussball-ffm.de\/wp-content\/uploads\/2024\/08\/SGB-Spvgg03N-Isenbg_240804-426-1536x1024.jpg 1536w, https:\/\/insideamateurfussball-ffm.de\/wp-content\/uploads\/2024\/08\/SGB-Spvgg03N-Isenbg_240804-426-2048x1365.jpg 2048w\" sizes=\"auto, (max-width: 1024px) 100vw, 1024px\" \/><\/figure>\n\n\n\n<figure class=\"wp-block-image size-large\"><img loading=\"lazy\" decoding=\"async\" width=\"1024\" height=\"685\" src=\"http:\/\/insideamateurfussball-ffm.de\/wp-content\/uploads\/2024\/08\/SGB-Spvgg03N-Isenbg_240804-437-1024x685.jpg\" alt=\"\" class=\"wp-image-20206\" srcset=\"https:\/\/insideamateurfussball-ffm.de\/wp-content\/uploads\/2024\/08\/SGB-Spvgg03N-Isenbg_240804-437-1024x685.jpg 1024w, https:\/\/insideamateurfussball-ffm.de\/wp-content\/uploads\/2024\/08\/SGB-Spvgg03N-Isenbg_240804-437-300x201.jpg 300w, https:\/\/insideamateurfussball-ffm.de\/wp-content\/uploads\/2024\/08\/SGB-Spvgg03N-Isenbg_240804-437-768x514.jpg 768w, https:\/\/insideamateurfussball-ffm.de\/wp-content\/uploads\/2024\/08\/SGB-Spvgg03N-Isenbg_240804-437-1536x1027.jpg 1536w, https:\/\/insideamateurfussball-ffm.de\/wp-content\/uploads\/2024\/08\/SGB-Spvgg03N-Isenbg_240804-437-2048x1369.jpg 2048w\" sizes=\"auto, (max-width: 1024px) 100vw, 1024px\" \/><\/figure>\n\n\n\n<figure class=\"wp-block-image size-large\"><img loading=\"lazy\" decoding=\"async\" width=\"1024\" height=\"683\" src=\"http:\/\/insideamateurfussball-ffm.de\/wp-content\/uploads\/2024\/08\/SGB-Spvgg03N-Isenbg_240804-484-1024x683.jpg\" alt=\"\" class=\"wp-image-20207\" srcset=\"https:\/\/insideamateurfussball-ffm.de\/wp-content\/uploads\/2024\/08\/SGB-Spvgg03N-Isenbg_240804-484-1024x683.jpg 1024w, https:\/\/insideamateurfussball-ffm.de\/wp-content\/uploads\/2024\/08\/SGB-Spvgg03N-Isenbg_240804-484-300x200.jpg 300w, https:\/\/insideamateurfussball-ffm.de\/wp-content\/uploads\/2024\/08\/SGB-Spvgg03N-Isenbg_240804-484-768x512.jpg 768w, https:\/\/insideamateurfussball-ffm.de\/wp-content\/uploads\/2024\/08\/SGB-Spvgg03N-Isenbg_240804-484-1536x1024.jpg 1536w, https:\/\/insideamateurfussball-ffm.de\/wp-content\/uploads\/2024\/08\/SGB-Spvgg03N-Isenbg_240804-484-2048x1365.jpg 2048w\" sizes=\"auto, (max-width: 1024px) 100vw, 1024px\" \/><\/figure>\n\n\n\n<figure class=\"wp-block-image size-large\"><img loading=\"lazy\" decoding=\"async\" width=\"1024\" height=\"683\" src=\"http:\/\/insideamateurfussball-ffm.de\/wp-content\/uploads\/2024\/08\/SGB-Spvgg03N-Isenbg_240804-551-1024x683.jpg\" alt=\"\" class=\"wp-image-20208\" srcset=\"https:\/\/insideamateurfussball-ffm.de\/wp-content\/uploads\/2024\/08\/SGB-Spvgg03N-Isenbg_240804-551-1024x683.jpg 1024w, https:\/\/insideamateurfussball-ffm.de\/wp-content\/uploads\/2024\/08\/SGB-Spvgg03N-Isenbg_240804-551-300x200.jpg 300w, https:\/\/insideamateurfussball-ffm.de\/wp-content\/uploads\/2024\/08\/SGB-Spvgg03N-Isenbg_240804-551-768x512.jpg 768w, https:\/\/insideamateurfussball-ffm.de\/wp-content\/uploads\/2024\/08\/SGB-Spvgg03N-Isenbg_240804-551-1536x1024.jpg 1536w, https:\/\/insideamateurfussball-ffm.de\/wp-content\/uploads\/2024\/08\/SGB-Spvgg03N-Isenbg_240804-551-2048x1365.jpg 2048w\" sizes=\"auto, (max-width: 1024px) 100vw, 1024px\" \/><\/figure>\n\n\n\n<figure class=\"wp-block-image size-large\"><img loading=\"lazy\" decoding=\"async\" width=\"1024\" height=\"683\" src=\"http:\/\/insideamateurfussball-ffm.de\/wp-content\/uploads\/2024\/08\/SGB-Spvgg03N-Isenbg_240804-636-1024x683.jpg\" alt=\"\" class=\"wp-image-20209\" srcset=\"https:\/\/insideamateurfussball-ffm.de\/wp-content\/uploads\/2024\/08\/SGB-Spvgg03N-Isenbg_240804-636-1024x683.jpg 1024w, https:\/\/insideamateurfussball-ffm.de\/wp-content\/uploads\/2024\/08\/SGB-Spvgg03N-Isenbg_240804-636-300x200.jpg 300w, https:\/\/insideamateurfussball-ffm.de\/wp-content\/uploads\/2024\/08\/SGB-Spvgg03N-Isenbg_240804-636-768x512.jpg 768w, https:\/\/insideamateurfussball-ffm.de\/wp-content\/uploads\/2024\/08\/SGB-Spvgg03N-Isenbg_240804-636-1536x1024.jpg 1536w, https:\/\/insideamateurfussball-ffm.de\/wp-content\/uploads\/2024\/08\/SGB-Spvgg03N-Isenbg_240804-636-2048x1365.jpg 2048w\" sizes=\"auto, (max-width: 1024px) 100vw, 1024px\" \/><\/figure>\n\n\n\n<figure class=\"wp-block-image size-large\"><img loading=\"lazy\" decoding=\"async\" width=\"1024\" height=\"683\" src=\"http:\/\/insideamateurfussball-ffm.de\/wp-content\/uploads\/2024\/08\/SGB-Spvgg03N-Isenbg_240804-738-1024x683.jpg\" alt=\"\" class=\"wp-image-20210\" srcset=\"https:\/\/insideamateurfussball-ffm.de\/wp-content\/uploads\/2024\/08\/SGB-Spvgg03N-Isenbg_240804-738-1024x683.jpg 1024w, https:\/\/insideamateurfussball-ffm.de\/wp-content\/uploads\/2024\/08\/SGB-Spvgg03N-Isenbg_240804-738-300x200.jpg 300w, https:\/\/insideamateurfussball-ffm.de\/wp-content\/uploads\/2024\/08\/SGB-Spvgg03N-Isenbg_240804-738-768x512.jpg 768w, https:\/\/insideamateurfussball-ffm.de\/wp-content\/uploads\/2024\/08\/SGB-Spvgg03N-Isenbg_240804-738-1536x1024.jpg 1536w, https:\/\/insideamateurfussball-ffm.de\/wp-content\/uploads\/2024\/08\/SGB-Spvgg03N-Isenbg_240804-738-2048x1365.jpg 2048w\" sizes=\"auto, (max-width: 1024px) 100vw, 1024px\" \/><\/figure>\n","protected":false},"excerpt":{"rendered":"<p>Trotz 2 verschossenen Elfmetern konnte die SG Bornheim den Saisonstart mit 1:0 gegen die Spvgg. 03 Neu-Isenburg gewinnen, in einer chancenarmen Partie war Lukas Knell der Sch\u00fctze des goldenen Tores zum verdienten Sieg. SG Bornheim &#8211; Spvgg. 03 Neu-Isenburg 1:0 (0:0) Beide Mannschaften starteten mit einem neuen Trainer in die Saison, bei der SG Bornheim [&hellip;]<\/p>\n","protected":false},"author":3,"featured_media":20211,"comment_status":"closed","ping_status":"open","sticky":true,"template":"","format":"standard","meta":{"footnotes":""},"categories":[10],"tags":[],"class_list":["post-20195","post","type-post","status-publish","format-standard","has-post-thumbnail","hentry","category-verbandsliga-sued"],"_links":{"self":[{"href":"https:\/\/insideamateurfussball-ffm.de\/index.php?rest_route=\/wp\/v2\/posts\/20195","targetHints":{"allow":["GET"]}}],"collection":[{"href":"https:\/\/insideamateurfussball-ffm.de\/index.php?rest_route=\/wp\/v2\/posts"}],"about":[{"href":"https:\/\/insideamateurfussball-ffm.de\/index.php?rest_route=\/wp\/v2\/types\/post"}],"author":[{"embeddable":true,"href":"https:\/\/insideamateurfussball-ffm.de\/index.php?rest_route=\/wp\/v2\/users\/3"}],"replies":[{"embeddable":true,"href":"https:\/\/insideamateurfussball-ffm.de\/index.php?rest_route=%2Fwp%2Fv2%2Fcomments&post=20195"}],"version-history":[{"count":2,"href":"https:\/\/insideamateurfussball-ffm.de\/index.php?rest_route=\/wp\/v2\/posts\/20195\/revisions"}],"predecessor-version":[{"id":20213,"href":"https:\/\/insideamateurfussball-ffm.de\/index.php?rest_route=\/wp\/v2\/posts\/20195\/revisions\/20213"}],"wp:featuredmedia":[{"embeddable":true,"href":"https:\/\/insideamateurfussball-ffm.de\/index.php?rest_route=\/wp\/v2\/media\/20211"}],"wp:attachment":[{"href":"https:\/\/insideamateurfussball-ffm.de\/index.php?rest_route=%2Fwp%2Fv2%2Fmedia&parent=20195"}],"wp:term":[{"taxonomy":"category","embeddable":true,"href":"https:\/\/insideamateurfussball-ffm.de\/index.php?rest_route=%2Fwp%2Fv2%2Fcategories&post=20195"},{"taxonomy":"post_tag","embeddable":true,"href":"https:\/\/insideamateurfussball-ffm.de\/index.php?rest_route=%2Fwp%2Fv2%2Ftags&post=20195"}],"curies":[{"name":"wp","href":"https:\/\/api.w.org\/{rel}","templated":true}]}}