{"id":20167,"date":"2024-08-03T11:01:51","date_gmt":"2024-08-03T09:01:51","guid":{"rendered":"https:\/\/insideamateurfussball-ffm.de\/?p=20167"},"modified":"2024-08-03T11:01:51","modified_gmt":"2024-08-03T09:01:51","slug":"rot-weiss-verliert-zum-start-beim-sv-pars","status":"publish","type":"post","link":"https:\/\/insideamateurfussball-ffm.de\/?p=20167","title":{"rendered":"Rot-Weiss verliert zum Start beim SV Pars"},"content":{"rendered":"<h4>Neuzugang Bilal El Makrini erzielte f\u00fcr die SG RW Frankfurt das erste Tor der Saison in der Verbandsliga S\u00fcd, am Ende mussten sich die Rot-Weissen aber erneut gegen den SV Pars Neu-Isenburg, einen Topfavoriten der Saison, mit 1:2 geschlagen geben.<\/h4>\n<figure id=\"attachment_20171\" aria-describedby=\"caption-attachment-20171\" style=\"width: 945px\" class=\"wp-caption alignnone\"><img loading=\"lazy\" decoding=\"async\" class=\"wp-image-20171 size-full\" src=\"http:\/\/insideamateurfussball-ffm.de\/wp-content\/uploads\/2024\/08\/pars4.jpg\" alt=\"\" width=\"945\" height=\"628\" srcset=\"https:\/\/insideamateurfussball-ffm.de\/wp-content\/uploads\/2024\/08\/pars4.jpg 945w, https:\/\/insideamateurfussball-ffm.de\/wp-content\/uploads\/2024\/08\/pars4-300x199.jpg 300w, https:\/\/insideamateurfussball-ffm.de\/wp-content\/uploads\/2024\/08\/pars4-768x510.jpg 768w\" sizes=\"auto, (max-width: 945px) 100vw, 945px\" \/><figcaption id=\"caption-attachment-20171\" class=\"wp-caption-text\">Die Mannschaft des SV Pars Neu-Isenburg gewann das Er\u00f6ffnungsspiel der Verbandsliga S\u00fcd. Foto: Mithat G\u00fcrser.<\/figcaption><\/figure>\n<h4>SV Pars Neu-Isenburg &#8211; SG RW Frankfurt 2:1 (1:1)<\/h4>\n<p><img loading=\"lazy\" decoding=\"async\" class=\"alignnone size-full wp-image-688\" src=\"http:\/\/insideamateurfussball-ffm.de\/wp-content\/uploads\/2022\/06\/pars.png\" alt=\"\" width=\"80\" height=\"78\" \/><img loading=\"lazy\" decoding=\"async\" class=\"alignnone size-full wp-image-120\" src=\"http:\/\/insideamateurfussball-ffm.de\/wp-content\/uploads\/2022\/05\/rot-weiss.png\" alt=\"\" width=\"80\" height=\"70\" \/><\/p>\n<p>Der SV Pars Neu-Isenburg und die SG Rot-Weiss Frankfurt durften am Freitagabend die Saison 2024\/25 in der Verbandsliga S\u00fcd er\u00f6ffnen, beide Mannschaften traten mit einigen Neuzug\u00e4ngen an. Die Partie begann gleich mit einem Paukenschlag, denn bereits in der zweiten Minute ging der Gast aus Frankfurt mit 1:0 in F\u00fchrung. Rayan Bouembe Youondjeu verl\u00e4ngerte ein Zuspiel geschickt in den Lauf von Bilal El Makrini, dem Neuzugang vom FC Neu-Anspach. Mit einem Schuss ins kurze Eck erzielte er die 1:0 F\u00fchrung f\u00fcr Rot-Weiss. Der Favorit vom SV Pars, von vielen als einer der Topfavoriten genannt und letztes Jahr erst in der Relegation zur Hessenliga gescheitert, hatte Schwierigkeiten, ins Spiel zu finden.<\/p>\n<p>Die ersten Chancen des Gastgebers dann nach 10 Minuten, erst ging ein Kopfball nach einer Ecke knapp am Tor vorbei, dann traf Gianluca Alessandro mit einem Distanzschuss nur den Querbalken. Neu-Isenburg war zwar spielerisch besser, aber die Abwehr von Rot-Weiss stand sicher und hatte bei den vielen Flanken auch bei den Kopfb\u00e4llen die Hoheit im Strafraum. Das Geschehen spielte sich mehrheitlich im Mittelfeld ab, ehe der SV Pars dann zum \u00fcberraschenden Ausgleich kam. Nach einem langen Pass irritierte ein Pars-Spieler den Torwart von Rot-Weiss, Dusan Zbiljic lie\u00df den Ball passieren und sah beim Treffer von Gianluca Alessandro nicht gut aus (37.Minute). Das Unentschieden war zu diesem Zeitpunkt etwas gl\u00fccklich f\u00fcr die Gastgeber, mit dem 1;1 ging es in die Pause.<\/p>\n<h3>Zweite Halbzeit dominiert Pars<\/h3>\n<p>In der zweiten Halbzeit \u00fcbernahm dann der SV Pars die initiative und dr\u00fcckte die G\u00e4ste in die eigene Defensive zur\u00fcck, es gab nur noch wenige Entlastungsangriffe der Rot-Weissen. Aber die Gastgeber hatten Schwierigkeiten, sich gute Chancen zu erspielen. Erst in der 70.Minute die gro\u00dfe F\u00fchrungschance, nach einer Flanke kam Estevao Borges aus 10 Metern v\u00f6llig freistehend zum Kopfball, setzte ihn aber neben den Pfosten. Zwei Minuten sp\u00e4ter scheiterten die Rot-Weissen mit einem Schuss, der zu zentral auf den Torwart ging.<\/p>\n<h3>Entscheidung durch Elfmeter<\/h3>\n<p>Die Entscheidung im Spiel fiel dann durch einen Elfmeter, nach einem langen Pass kam Torwart Dusan Zbiljic gegen Pars-St\u00fcrmer Borges zu sp\u00e4t und brachte ihn zu Fall, Gianluca Alessandro, Futsal-Nationalspieler, hatte keine M\u00fche, den Strafsto\u00df zum 2:1 zu verwandeln (82. Minute). Trotz Bem\u00fchungen vpn Rot-Weiss brachten die Gastgeber den Vorsprung souver\u00e4n ins Ziel, die damit ihrer Favoritenrolle gerecht wurden und mit einem Sieg in die Saison starteten.<\/p>\n<p>RW-trainer Ibo Cigdem nach dem Spiel: \u201eAm Ende \u00e4rgerlich verloren, ich glaube, wir haben das sehr gut gemacht, fr\u00fch ins Spiel gekommen durch das Tor, aber man muss auch ganz ehrlich sagen, der Gegner hat auch eine sehr hohe Qualit\u00e4t. Wir haben gegen einen der 2 Topfavoriten gespielt, das haben sie uns auch immer wieder im Spiel gezeigt, dass sie da hochklassige Spieler haben, aber meine Jungs haben das sehr gut gemacht, ich bin stolz auf sie Im Gegensatz zum Gegner haben wir 6 neue Spieler auf dem Platz gehabt plus einen A-Jugendlichen, die sind eingespielt, das merkt man. Unser Weg geht weiter, und wir haben das bisher sehr gut gemacht.\u201c<\/p>\n<p>Am n\u00e4chsten Wochenende folgt dann das erste Heimspiel der Rot-Weissen, Gegner ist der zweite Frankfurter Verbandsligist, die SG Bornheim.<\/p>\n<h4>Schiedsrichter: Julien Scherthan (SV 07 Bischofsheim). Zuschauer: 150.<\/h4>\n<h4>Tore: 0:1 Bilal El Makrini (2.), 1:1 Gianluca Alessandro (37.), 2:1 Gianluca Alessandro (82., Elfmeter)<\/h4>\n<blockquote>\n<h4>Die Bildergalerie verdanken wir Mithat G\u00fcrser.<\/h4>\n<\/blockquote>\n\n\n<figure class=\"wp-block-image size-full\"><img loading=\"lazy\" decoding=\"async\" width=\"945\" height=\"678\" src=\"http:\/\/insideamateurfussball-ffm.de\/wp-content\/uploads\/2024\/08\/pars1.jpg\" alt=\"\" class=\"wp-image-20168\" srcset=\"https:\/\/insideamateurfussball-ffm.de\/wp-content\/uploads\/2024\/08\/pars1.jpg 945w, https:\/\/insideamateurfussball-ffm.de\/wp-content\/uploads\/2024\/08\/pars1-300x215.jpg 300w, https:\/\/insideamateurfussball-ffm.de\/wp-content\/uploads\/2024\/08\/pars1-768x551.jpg 768w\" sizes=\"auto, (max-width: 945px) 100vw, 945px\" \/><\/figure>\n\n\n\n<figure class=\"wp-block-image size-full\"><img loading=\"lazy\" decoding=\"async\" width=\"945\" height=\"672\" src=\"http:\/\/insideamateurfussball-ffm.de\/wp-content\/uploads\/2024\/08\/pars2.jpg\" alt=\"\" class=\"wp-image-20169\" srcset=\"https:\/\/insideamateurfussball-ffm.de\/wp-content\/uploads\/2024\/08\/pars2.jpg 945w, https:\/\/insideamateurfussball-ffm.de\/wp-content\/uploads\/2024\/08\/pars2-300x213.jpg 300w, https:\/\/insideamateurfussball-ffm.de\/wp-content\/uploads\/2024\/08\/pars2-768x546.jpg 768w\" sizes=\"auto, (max-width: 945px) 100vw, 945px\" \/><\/figure>\n\n\n\n<figure class=\"wp-block-image size-full\"><img loading=\"lazy\" decoding=\"async\" width=\"968\" height=\"646\" src=\"http:\/\/insideamateurfussball-ffm.de\/wp-content\/uploads\/2024\/08\/pars3.jpg\" alt=\"\" class=\"wp-image-20170\" srcset=\"https:\/\/insideamateurfussball-ffm.de\/wp-content\/uploads\/2024\/08\/pars3.jpg 968w, https:\/\/insideamateurfussball-ffm.de\/wp-content\/uploads\/2024\/08\/pars3-300x200.jpg 300w, https:\/\/insideamateurfussball-ffm.de\/wp-content\/uploads\/2024\/08\/pars3-768x513.jpg 768w\" sizes=\"auto, (max-width: 968px) 100vw, 968px\" \/><\/figure>\n\n\n\n<figure class=\"wp-block-image size-full\"><img loading=\"lazy\" decoding=\"async\" width=\"945\" height=\"660\" src=\"http:\/\/insideamateurfussball-ffm.de\/wp-content\/uploads\/2024\/08\/pars5.jpg\" alt=\"\" class=\"wp-image-20172\" srcset=\"https:\/\/insideamateurfussball-ffm.de\/wp-content\/uploads\/2024\/08\/pars5.jpg 945w, https:\/\/insideamateurfussball-ffm.de\/wp-content\/uploads\/2024\/08\/pars5-300x210.jpg 300w, https:\/\/insideamateurfussball-ffm.de\/wp-content\/uploads\/2024\/08\/pars5-768x536.jpg 768w\" sizes=\"auto, (max-width: 945px) 100vw, 945px\" \/><\/figure>\n\n\n\n<figure class=\"wp-block-image size-full\"><img loading=\"lazy\" decoding=\"async\" width=\"945\" height=\"681\" src=\"http:\/\/insideamateurfussball-ffm.de\/wp-content\/uploads\/2024\/08\/pars6.jpg\" alt=\"\" class=\"wp-image-20173\" srcset=\"https:\/\/insideamateurfussball-ffm.de\/wp-content\/uploads\/2024\/08\/pars6.jpg 945w, https:\/\/insideamateurfussball-ffm.de\/wp-content\/uploads\/2024\/08\/pars6-300x216.jpg 300w, https:\/\/insideamateurfussball-ffm.de\/wp-content\/uploads\/2024\/08\/pars6-768x553.jpg 768w\" sizes=\"auto, (max-width: 945px) 100vw, 945px\" \/><\/figure>\n\n\n\n<figure class=\"wp-block-image size-full\"><img loading=\"lazy\" decoding=\"async\" width=\"941\" height=\"630\" src=\"http:\/\/insideamateurfussball-ffm.de\/wp-content\/uploads\/2024\/08\/pars7.jpg\" alt=\"\" class=\"wp-image-20174\" srcset=\"https:\/\/insideamateurfussball-ffm.de\/wp-content\/uploads\/2024\/08\/pars7.jpg 941w, https:\/\/insideamateurfussball-ffm.de\/wp-content\/uploads\/2024\/08\/pars7-300x201.jpg 300w, https:\/\/insideamateurfussball-ffm.de\/wp-content\/uploads\/2024\/08\/pars7-768x514.jpg 768w\" sizes=\"auto, (max-width: 941px) 100vw, 941px\" \/><\/figure>\n\n\n\n<figure class=\"wp-block-image size-full\"><img loading=\"lazy\" decoding=\"async\" width=\"945\" height=\"654\" src=\"http:\/\/insideamateurfussball-ffm.de\/wp-content\/uploads\/2024\/08\/pars8.jpg\" alt=\"\" class=\"wp-image-20175\" srcset=\"https:\/\/insideamateurfussball-ffm.de\/wp-content\/uploads\/2024\/08\/pars8.jpg 945w, https:\/\/insideamateurfussball-ffm.de\/wp-content\/uploads\/2024\/08\/pars8-300x208.jpg 300w, https:\/\/insideamateurfussball-ffm.de\/wp-content\/uploads\/2024\/08\/pars8-768x532.jpg 768w\" sizes=\"auto, (max-width: 945px) 100vw, 945px\" \/><\/figure>\n\n\n\n<figure class=\"wp-block-image size-full\"><img loading=\"lazy\" decoding=\"async\" width=\"945\" height=\"696\" src=\"http:\/\/insideamateurfussball-ffm.de\/wp-content\/uploads\/2024\/08\/pars9.jpg\" alt=\"\" class=\"wp-image-20176\" srcset=\"https:\/\/insideamateurfussball-ffm.de\/wp-content\/uploads\/2024\/08\/pars9.jpg 945w, https:\/\/insideamateurfussball-ffm.de\/wp-content\/uploads\/2024\/08\/pars9-300x221.jpg 300w, https:\/\/insideamateurfussball-ffm.de\/wp-content\/uploads\/2024\/08\/pars9-768x566.jpg 768w\" sizes=\"auto, (max-width: 945px) 100vw, 945px\" \/><\/figure>\n\n\n\n<figure class=\"wp-block-image size-full\"><img loading=\"lazy\" decoding=\"async\" width=\"945\" height=\"674\" src=\"http:\/\/insideamateurfussball-ffm.de\/wp-content\/uploads\/2024\/08\/pars13.jpg\" alt=\"\" class=\"wp-image-20177\" srcset=\"https:\/\/insideamateurfussball-ffm.de\/wp-content\/uploads\/2024\/08\/pars13.jpg 945w, https:\/\/insideamateurfussball-ffm.de\/wp-content\/uploads\/2024\/08\/pars13-300x214.jpg 300w, https:\/\/insideamateurfussball-ffm.de\/wp-content\/uploads\/2024\/08\/pars13-768x548.jpg 768w\" sizes=\"auto, (max-width: 945px) 100vw, 945px\" \/><\/figure>\n\n\n\n<figure class=\"wp-block-image size-full\"><img loading=\"lazy\" decoding=\"async\" width=\"945\" height=\"674\" src=\"http:\/\/insideamateurfussball-ffm.de\/wp-content\/uploads\/2024\/08\/pars14.jpg\" alt=\"\" class=\"wp-image-20178\" srcset=\"https:\/\/insideamateurfussball-ffm.de\/wp-content\/uploads\/2024\/08\/pars14.jpg 945w, https:\/\/insideamateurfussball-ffm.de\/wp-content\/uploads\/2024\/08\/pars14-300x214.jpg 300w, https:\/\/insideamateurfussball-ffm.de\/wp-content\/uploads\/2024\/08\/pars14-768x548.jpg 768w\" sizes=\"auto, (max-width: 945px) 100vw, 945px\" \/><\/figure>\n","protected":false},"excerpt":{"rendered":"<p>Neuzugang Bilal El Makrini erzielte f\u00fcr die SG RW Frankfurt das erste Tor der Saison in der Verbandsliga S\u00fcd, am Ende mussten sich die Rot-Weissen aber erneut gegen den SV Pars Neu-Isenburg, einen Topfavoriten der Saison, mit 1:2 geschlagen geben. SV Pars Neu-Isenburg &#8211; SG RW Frankfurt 2:1 (1:1) Der SV Pars Neu-Isenburg und die [&hellip;]<\/p>\n","protected":false},"author":3,"featured_media":20171,"comment_status":"closed","ping_status":"open","sticky":true,"template":"","format":"standard","meta":{"footnotes":""},"categories":[10],"tags":[],"class_list":["post-20167","post","type-post","status-publish","format-standard","has-post-thumbnail","hentry","category-verbandsliga-sued"],"_links":{"self":[{"href":"https:\/\/insideamateurfussball-ffm.de\/index.php?rest_route=\/wp\/v2\/posts\/20167","targetHints":{"allow":["GET"]}}],"collection":[{"href":"https:\/\/insideamateurfussball-ffm.de\/index.php?rest_route=\/wp\/v2\/posts"}],"about":[{"href":"https:\/\/insideamateurfussball-ffm.de\/index.php?rest_route=\/wp\/v2\/types\/post"}],"author":[{"embeddable":true,"href":"https:\/\/insideamateurfussball-ffm.de\/index.php?rest_route=\/wp\/v2\/users\/3"}],"replies":[{"embeddable":true,"href":"https:\/\/insideamateurfussball-ffm.de\/index.php?rest_route=%2Fwp%2Fv2%2Fcomments&post=20167"}],"version-history":[{"count":4,"href":"https:\/\/insideamateurfussball-ffm.de\/index.php?rest_route=\/wp\/v2\/posts\/20167\/revisions"}],"predecessor-version":[{"id":20182,"href":"https:\/\/insideamateurfussball-ffm.de\/index.php?rest_route=\/wp\/v2\/posts\/20167\/revisions\/20182"}],"wp:featuredmedia":[{"embeddable":true,"href":"https:\/\/insideamateurfussball-ffm.de\/index.php?rest_route=\/wp\/v2\/media\/20171"}],"wp:attachment":[{"href":"https:\/\/insideamateurfussball-ffm.de\/index.php?rest_route=%2Fwp%2Fv2%2Fmedia&parent=20167"}],"wp:term":[{"taxonomy":"category","embeddable":true,"href":"https:\/\/insideamateurfussball-ffm.de\/index.php?rest_route=%2Fwp%2Fv2%2Fcategories&post=20167"},{"taxonomy":"post_tag","embeddable":true,"href":"https:\/\/insideamateurfussball-ffm.de\/index.php?rest_route=%2Fwp%2Fv2%2Ftags&post=20167"}],"curies":[{"name":"wp","href":"https:\/\/api.w.org\/{rel}","templated":true}]}}