{"id":20163,"date":"2024-08-03T10:03:06","date_gmt":"2024-08-03T08:03:06","guid":{"rendered":"https:\/\/insideamateurfussball-ffm.de\/?p=20163"},"modified":"2024-08-03T10:03:06","modified_gmt":"2024-08-03T08:03:06","slug":"union-niederrad-moechte-fruehen-klassenerhalt","status":"publish","type":"post","link":"https:\/\/insideamateurfussball-ffm.de\/?p=20163","title":{"rendered":"Union Niederrad m\u00f6chte fr\u00fchen Klassenerhalt"},"content":{"rendered":"<h4>Nach einer guten Saison mit Platz 7 in der letzten Saison m\u00f6chte der FC Union Niederrad in diesem Jahr wieder eine beruhigte Saison spielen und den Klassenerhalt so fr\u00fch wie m\u00f6glich sichern.<\/h4>\n<figure id=\"attachment_20164\" aria-describedby=\"caption-attachment-20164\" style=\"width: 600px\" class=\"wp-caption alignnone\"><img loading=\"lazy\" decoding=\"async\" class=\"wp-image-20164\" src=\"http:\/\/insideamateurfussball-ffm.de\/wp-content\/uploads\/2024\/08\/Niederrad.jpg\" alt=\"\" width=\"600\" height=\"450\" \/><figcaption id=\"caption-attachment-20164\" class=\"wp-caption-text\">Die Mannschaft des FC Union Niederrad (Bild aus letzter Saison) m\u00f6chte eine ruhige Saison spielen. Foto: Mithat G\u00fcrser<\/figcaption><\/figure>\n<p><img loading=\"lazy\" decoding=\"async\" class=\"alignnone size-full wp-image-38\" src=\"http:\/\/insideamateurfussball-ffm.de\/wp-content\/uploads\/2021\/11\/Union-Niederrad.jpg\" alt=\"\" width=\"80\" height=\"80\" \/><\/p>\n<p>Auch dieses Jahr m\u00f6chte der FC Union Niederrad in der Kreisoberliga Frankfurt eine ruhige Saison spielen und nichts mit dem Abstiegskampf zu tun haben, dies die Aussage vom Vorstandsvorsitzenden Khalid Lamjahed. Da man mit letzter Saison zufrieden war, gibt es auch nicht viele \u00c4nderungen im Team, es gibt lediglich 3 Neuzug\u00e4nge, evtl. kommt noch der ein oder andere dazu. Auf der Abgangsseite steht nur ein Spieler, der nach der Winterpause verletzungs- und berufsbedingt schon nicht mehr zur Verf\u00fcgung stand.<\/p>\n<p>Im Kreispokal ist Union Niederrad bereits in der ersten Runde ausgeschieden, man unterlieg dem Gruppenligisten Spvgg. 03 Fechenheim klar mit 1:6. In die Kreisoberliga startet die Mannschaft mit einem Heimspiel gegen den 1.R\u00f6delheimer FC 02, es folgt ein Ausw\u00e4rtsspiel beim VfL Germania 94 und ein weiteres Heimspiel gegen Makkabi Frankfurt.<\/p>\n<ul>\n<li><strong>Zug\u00e4nge: Luca Carrogu (ab Oktober aus der eigenen Jugend), Paul Gundermann (R\u00fcckkehr aus TUS Makkabi), Pietro Saraca (BSC SW 1919)<\/strong><\/li>\n<li><strong>Abg\u00e4nge: Adam Langhans (TG Sachsenhausen).<\/strong><\/li>\n<li><strong>Saisonziel: Klassenerhalt so fr\u00fch wie m\u00f6glich sichern und eine beruhigte Saison spielen<\/strong><\/li>\n<li>\u00a0<strong>Favoriten: FC Kosova, TuS Makkabi, \u00a0SV Griesheim Tarik<\/strong><\/li>\n<\/ul>\n","protected":false},"excerpt":{"rendered":"<p>Nach einer guten Saison mit Platz 7 in der letzten Saison m\u00f6chte der FC Union Niederrad in diesem Jahr wieder eine beruhigte Saison spielen und den Klassenerhalt so fr\u00fch wie m\u00f6glich sichern. Auch dieses Jahr m\u00f6chte der FC Union Niederrad in der Kreisoberliga Frankfurt eine ruhige Saison spielen und nichts mit dem Abstiegskampf zu tun [&hellip;]<\/p>\n","protected":false},"author":3,"featured_media":20164,"comment_status":"closed","ping_status":"open","sticky":true,"template":"","format":"standard","meta":{"footnotes":""},"categories":[2],"tags":[],"class_list":["post-20163","post","type-post","status-publish","format-standard","has-post-thumbnail","hentry","category-kreisoberliga-frankfurt"],"_links":{"self":[{"href":"https:\/\/insideamateurfussball-ffm.de\/index.php?rest_route=\/wp\/v2\/posts\/20163","targetHints":{"allow":["GET"]}}],"collection":[{"href":"https:\/\/insideamateurfussball-ffm.de\/index.php?rest_route=\/wp\/v2\/posts"}],"about":[{"href":"https:\/\/insideamateurfussball-ffm.de\/index.php?rest_route=\/wp\/v2\/types\/post"}],"author":[{"embeddable":true,"href":"https:\/\/insideamateurfussball-ffm.de\/index.php?rest_route=\/wp\/v2\/users\/3"}],"replies":[{"embeddable":true,"href":"https:\/\/insideamateurfussball-ffm.de\/index.php?rest_route=%2Fwp%2Fv2%2Fcomments&post=20163"}],"version-history":[{"count":2,"href":"https:\/\/insideamateurfussball-ffm.de\/index.php?rest_route=\/wp\/v2\/posts\/20163\/revisions"}],"predecessor-version":[{"id":20166,"href":"https:\/\/insideamateurfussball-ffm.de\/index.php?rest_route=\/wp\/v2\/posts\/20163\/revisions\/20166"}],"wp:featuredmedia":[{"embeddable":true,"href":"https:\/\/insideamateurfussball-ffm.de\/index.php?rest_route=\/wp\/v2\/media\/20164"}],"wp:attachment":[{"href":"https:\/\/insideamateurfussball-ffm.de\/index.php?rest_route=%2Fwp%2Fv2%2Fmedia&parent=20163"}],"wp:term":[{"taxonomy":"category","embeddable":true,"href":"https:\/\/insideamateurfussball-ffm.de\/index.php?rest_route=%2Fwp%2Fv2%2Fcategories&post=20163"},{"taxonomy":"post_tag","embeddable":true,"href":"https:\/\/insideamateurfussball-ffm.de\/index.php?rest_route=%2Fwp%2Fv2%2Ftags&post=20163"}],"curies":[{"name":"wp","href":"https:\/\/api.w.org\/{rel}","templated":true}]}}